{"id":22368,"date":"2022-07-10T17:49:00","date_gmt":"2022-07-10T15:49:00","guid":{"rendered":"https:\/\/stadetouri.webhost.city-map.com\/?p=22368"},"modified":"2022-08-07T18:08:44","modified_gmt":"2022-08-07T16:08:44","slug":"koeniglicher-besuch-in-stade","status":"publish","type":"post","link":"https:\/\/stade-tourismus.de\/de\/koeniglicher-besuch-in-stade\/","title":{"rendered":"K\u00f6niglicher Besuch in Stade"},"content":{"rendered":"\n<p><br>Wir freuen uns sehr am Donnerstag, 14. Juli, die Pf\u00e4lzische Weink\u00f6nigin Sophia Hanke bei uns begr\u00fc\u00dfen zu d\u00fcrfen. Begleitet wird sie von der Kehdinger Bl\u00fctenk\u00f6nigin Madeleine Maa\u00df und der Spargelk\u00f6nigin von der Geest Lynn-Marie M\u00fcller. Gemeinsam erkunden die drei K\u00f6niginnen unsere Hansestadt, werden in offiziellem Rahmen empfangen und musikalisch begleitet. Zum Abschluss er\u00f6ffnen Sophia Hanke und B\u00fcrgermeister S\u00f6nke Hartlef um 18.00 Uhr das 16. Stader Winzerfest auf dem Pferdemarkt. Bis Sonntag, 17. Juli, k\u00f6nnt Ihr auf dem Platz Wein kosten, passende Leckereien genie\u00dfen und das Wochenende auskosten. Foto: Sandy Schuster<\/p>\n","protected":false},"excerpt":{"rendered":"<p>Wir freuen uns sehr am Donnerstag, 14. Juli, die Pf\u00e4lzische Weink\u00f6nigin Sophia Hanke bei uns begr\u00fc\u00dfen zu d\u00fcrfen. Begleitet wird sie von der Kehdinger Bl\u00fctenk\u00f6nigin Madeleine Maa\u00df und der Spargelk\u00f6nigin von der Geest Lynn-Marie M\u00fcller. Gemeinsam erkunden die drei K\u00f6niginnen unsere Hansestadt, werden in offiziellem Rahmen empfangen und musikalisch begleitet. Zum Abschluss er\u00f6ffnen Sophia Hanke [&hellip;]<\/p>\n","protected":false},"author":6,"featured_media":22369,"comment_status":"closed","ping_status":"closed","sticky":false,"template":"","format":"standard","meta":{"footnotes":""},"categories":[4],"tags":[],"class_list":["post-22368","post","type-post","status-publish","format-standard","has-post-thumbnail","hentry","category-stade-schnack"],"yoast_head":"<!-- This site is optimized with the Yoast SEO plugin v27.3 - https:\/\/yoast.com\/product\/yoast-seo-wordpress\/ -->\n<title>K\u00f6niglicher Besuch in Stade - STADE Marketing und Tourismus<\/title>\n<meta name=\"description\" content=\"Wir freuen uns sehr am Donnerstag, 14. Juni, die Pf\u00e4lzische Weink\u00f6nigin Sophia Hanke bei uns begr\u00fc\u00dfen zu d\u00fcrfen.\" \/>\n<meta name=\"robots\" content=\"index, follow, max-snippet:-1, max-image-preview:large, max-video-preview:-1\" \/>\n<link rel=\"canonical\" href=\"https:\/\/stade-tourismus.de\/de\/koeniglicher-besuch-in-stade\/\" \/>\n<meta property=\"og:locale\" content=\"de_DE\" \/>\n<meta property=\"og:type\" content=\"article\" \/>\n<meta property=\"og:title\" content=\"K\u00f6niglicher Besuch in Stade - STADE Marketing und Tourismus\" \/>\n<meta property=\"og:description\" content=\"Wir freuen uns sehr am Donnerstag, 14. Juni, die Pf\u00e4lzische Weink\u00f6nigin Sophia Hanke bei uns begr\u00fc\u00dfen zu d\u00fcrfen.\" \/>\n<meta property=\"og:url\" content=\"https:\/\/stade-tourismus.de\/de\/koeniglicher-besuch-in-stade\/\" \/>\n<meta property=\"og:site_name\" content=\"STADE Marketing und Tourismus\" \/>\n<meta property=\"article:publisher\" content=\"https:\/\/www.facebook.com\/stade.tourismus\" \/>\n<meta property=\"article:published_time\" content=\"2022-07-10T15:49:00+00:00\" \/>\n<meta property=\"article:modified_time\" content=\"2022-08-07T16:08:44+00:00\" \/>\n<meta property=\"og:image\" content=\"https:\/\/stade-tourismus.de\/wp-content\/uploads\/2022\/08\/292294838_479451627514178_3272096614802014665_n.jpeg\" \/>\n\t<meta property=\"og:image:width\" content=\"2048\" \/>\n\t<meta property=\"og:image:height\" content=\"1365\" \/>\n\t<meta property=\"og:image:type\" content=\"image\/jpeg\" \/>\n<meta name=\"author\" content=\"Pauline Bellmann\" \/>\n<meta name=\"twitter:card\" content=\"summary_large_image\" \/>\n<script type=\"application\/ld+json\" class=\"yoast-schema-graph\">{\"@context\":\"https:\\\/\\\/schema.org\",\"@graph\":[{\"@type\":\"Article\",\"@id\":\"https:\\\/\\\/stade-tourismus.de\\\/de\\\/koeniglicher-besuch-in-stade\\\/#article\",\"isPartOf\":{\"@id\":\"https:\\\/\\\/stade-tourismus.de\\\/de\\\/koeniglicher-besuch-in-stade\\\/\"},\"author\":{\"name\":\"Pauline Bellmann\",\"@id\":\"https:\\\/\\\/stade-tourismus.de\\\/de\\\/#\\\/schema\\\/person\\\/cd0779cab42b19e4f6e874ceb178da79\"},\"headline\":\"K\u00f6niglicher Besuch in Stade\",\"datePublished\":\"2022-07-10T15:49:00+00:00\",\"dateModified\":\"2022-08-07T16:08:44+00:00\",\"mainEntityOfPage\":{\"@id\":\"https:\\\/\\\/stade-tourismus.de\\\/de\\\/koeniglicher-besuch-in-stade\\\/\"},\"wordCount\":105,\"publisher\":{\"@id\":\"https:\\\/\\\/stade-tourismus.de\\\/de\\\/#organization\"},\"image\":{\"@id\":\"https:\\\/\\\/stade-tourismus.de\\\/de\\\/koeniglicher-besuch-in-stade\\\/#primaryimage\"},\"thumbnailUrl\":\"https:\\\/\\\/stade-tourismus.de\\\/wp-content\\\/uploads\\\/2022\\\/08\\\/292294838_479451627514178_3272096614802014665_n.jpeg\",\"articleSection\":[\"Stade-Schnack\"],\"inLanguage\":\"de\"},{\"@type\":\"WebPage\",\"@id\":\"https:\\\/\\\/stade-tourismus.de\\\/de\\\/koeniglicher-besuch-in-stade\\\/\",\"url\":\"https:\\\/\\\/stade-tourismus.de\\\/de\\\/koeniglicher-besuch-in-stade\\\/\",\"name\":\"K\u00f6niglicher Besuch in Stade - STADE Marketing und Tourismus\",\"isPartOf\":{\"@id\":\"https:\\\/\\\/stade-tourismus.de\\\/de\\\/#website\"},\"primaryImageOfPage\":{\"@id\":\"https:\\\/\\\/stade-tourismus.de\\\/de\\\/koeniglicher-besuch-in-stade\\\/#primaryimage\"},\"image\":{\"@id\":\"https:\\\/\\\/stade-tourismus.de\\\/de\\\/koeniglicher-besuch-in-stade\\\/#primaryimage\"},\"thumbnailUrl\":\"https:\\\/\\\/stade-tourismus.de\\\/wp-content\\\/uploads\\\/2022\\\/08\\\/292294838_479451627514178_3272096614802014665_n.jpeg\",\"datePublished\":\"2022-07-10T15:49:00+00:00\",\"dateModified\":\"2022-08-07T16:08:44+00:00\",\"description\":\"Wir freuen uns sehr am Donnerstag, 14. Juni, die Pf\u00e4lzische Weink\u00f6nigin Sophia Hanke bei uns begr\u00fc\u00dfen zu d\u00fcrfen.\",\"breadcrumb\":{\"@id\":\"https:\\\/\\\/stade-tourismus.de\\\/de\\\/koeniglicher-besuch-in-stade\\\/#breadcrumb\"},\"inLanguage\":\"de\",\"potentialAction\":[{\"@type\":\"ReadAction\",\"target\":[\"https:\\\/\\\/stade-tourismus.de\\\/de\\\/koeniglicher-besuch-in-stade\\\/\"]}]},{\"@type\":\"ImageObject\",\"inLanguage\":\"de\",\"@id\":\"https:\\\/\\\/stade-tourismus.de\\\/de\\\/koeniglicher-besuch-in-stade\\\/#primaryimage\",\"url\":\"https:\\\/\\\/stade-tourismus.de\\\/wp-content\\\/uploads\\\/2022\\\/08\\\/292294838_479451627514178_3272096614802014665_n.jpeg\",\"contentUrl\":\"https:\\\/\\\/stade-tourismus.de\\\/wp-content\\\/uploads\\\/2022\\\/08\\\/292294838_479451627514178_3272096614802014665_n.jpeg\",\"width\":2048,\"height\":1365},{\"@type\":\"BreadcrumbList\",\"@id\":\"https:\\\/\\\/stade-tourismus.de\\\/de\\\/koeniglicher-besuch-in-stade\\\/#breadcrumb\",\"itemListElement\":[{\"@type\":\"ListItem\",\"position\":1,\"name\":\"Startseite\",\"item\":\"https:\\\/\\\/stade-tourismus.de\\\/de\\\/\"},{\"@type\":\"ListItem\",\"position\":2,\"name\":\"K\u00f6niglicher Besuch in Stade\"}]},{\"@type\":\"WebSite\",\"@id\":\"https:\\\/\\\/stade-tourismus.de\\\/de\\\/#website\",\"url\":\"https:\\\/\\\/stade-tourismus.de\\\/de\\\/\",\"name\":\"STADE Marketing und Tourismus\",\"description\":\"\",\"publisher\":{\"@id\":\"https:\\\/\\\/stade-tourismus.de\\\/de\\\/#organization\"},\"potentialAction\":[{\"@type\":\"SearchAction\",\"target\":{\"@type\":\"EntryPoint\",\"urlTemplate\":\"https:\\\/\\\/stade-tourismus.de\\\/de\\\/?s={search_term_string}\"},\"query-input\":{\"@type\":\"PropertyValueSpecification\",\"valueRequired\":true,\"valueName\":\"search_term_string\"}}],\"inLanguage\":\"de\"},{\"@type\":\"Organization\",\"@id\":\"https:\\\/\\\/stade-tourismus.de\\\/de\\\/#organization\",\"name\":\"STADE Marketing und Tourismus GmbH\",\"url\":\"https:\\\/\\\/stade-tourismus.de\\\/de\\\/\",\"logo\":{\"@type\":\"ImageObject\",\"inLanguage\":\"de\",\"@id\":\"https:\\\/\\\/stade-tourismus.de\\\/de\\\/#\\\/schema\\\/logo\\\/image\\\/\",\"url\":\"http:\\\/\\\/stadetouri.webhost.city-map.com\\\/wp-content\\\/uploads\\\/2021\\\/03\\\/logo-300b.png\",\"contentUrl\":\"http:\\\/\\\/stadetouri.webhost.city-map.com\\\/wp-content\\\/uploads\\\/2021\\\/03\\\/logo-300b.png\",\"width\":300,\"height\":42,\"caption\":\"STADE Marketing und Tourismus GmbH\"},\"image\":{\"@id\":\"https:\\\/\\\/stade-tourismus.de\\\/de\\\/#\\\/schema\\\/logo\\\/image\\\/\"},\"sameAs\":[\"https:\\\/\\\/www.facebook.com\\\/stade.tourismus\",\"https:\\\/\\\/www.instagram.com\\\/stade_frischer_wind\\\/\",\"https:\\\/\\\/www.youtube.com\\\/results?search_query=stade tourismus\"]},{\"@type\":\"Person\",\"@id\":\"https:\\\/\\\/stade-tourismus.de\\\/de\\\/#\\\/schema\\\/person\\\/cd0779cab42b19e4f6e874ceb178da79\",\"name\":\"Pauline Bellmann\"}]}<\/script>\n<!-- \/ Yoast SEO plugin. -->","yoast_head_json":{"title":"K\u00f6niglicher Besuch in Stade - STADE Marketing und Tourismus","description":"Wir freuen uns sehr am Donnerstag, 14. Juni, die Pf\u00e4lzische Weink\u00f6nigin Sophia Hanke bei uns begr\u00fc\u00dfen zu d\u00fcrfen.","robots":{"index":"index","follow":"follow","max-snippet":"max-snippet:-1","max-image-preview":"max-image-preview:large","max-video-preview":"max-video-preview:-1"},"canonical":"https:\/\/stade-tourismus.de\/de\/koeniglicher-besuch-in-stade\/","og_locale":"de_DE","og_type":"article","og_title":"K\u00f6niglicher Besuch in Stade - STADE Marketing und Tourismus","og_description":"Wir freuen uns sehr am Donnerstag, 14. Juni, die Pf\u00e4lzische Weink\u00f6nigin Sophia Hanke bei uns begr\u00fc\u00dfen zu d\u00fcrfen.","og_url":"https:\/\/stade-tourismus.de\/de\/koeniglicher-besuch-in-stade\/","og_site_name":"STADE Marketing und Tourismus","article_publisher":"https:\/\/www.facebook.com\/stade.tourismus","article_published_time":"2022-07-10T15:49:00+00:00","article_modified_time":"2022-08-07T16:08:44+00:00","og_image":[{"width":2048,"height":1365,"url":"https:\/\/stade-tourismus.de\/wp-content\/uploads\/2022\/08\/292294838_479451627514178_3272096614802014665_n.jpeg","type":"image\/jpeg"}],"author":"Pauline Bellmann","twitter_card":"summary_large_image","schema":{"@context":"https:\/\/schema.org","@graph":[{"@type":"Article","@id":"https:\/\/stade-tourismus.de\/de\/koeniglicher-besuch-in-stade\/#article","isPartOf":{"@id":"https:\/\/stade-tourismus.de\/de\/koeniglicher-besuch-in-stade\/"},"author":{"name":"Pauline Bellmann","@id":"https:\/\/stade-tourismus.de\/de\/#\/schema\/person\/cd0779cab42b19e4f6e874ceb178da79"},"headline":"K\u00f6niglicher Besuch in Stade","datePublished":"2022-07-10T15:49:00+00:00","dateModified":"2022-08-07T16:08:44+00:00","mainEntityOfPage":{"@id":"https:\/\/stade-tourismus.de\/de\/koeniglicher-besuch-in-stade\/"},"wordCount":105,"publisher":{"@id":"https:\/\/stade-tourismus.de\/de\/#organization"},"image":{"@id":"https:\/\/stade-tourismus.de\/de\/koeniglicher-besuch-in-stade\/#primaryimage"},"thumbnailUrl":"https:\/\/stade-tourismus.de\/wp-content\/uploads\/2022\/08\/292294838_479451627514178_3272096614802014665_n.jpeg","articleSection":["Stade-Schnack"],"inLanguage":"de"},{"@type":"WebPage","@id":"https:\/\/stade-tourismus.de\/de\/koeniglicher-besuch-in-stade\/","url":"https:\/\/stade-tourismus.de\/de\/koeniglicher-besuch-in-stade\/","name":"K\u00f6niglicher Besuch in Stade - STADE Marketing und Tourismus","isPartOf":{"@id":"https:\/\/stade-tourismus.de\/de\/#website"},"primaryImageOfPage":{"@id":"https:\/\/stade-tourismus.de\/de\/koeniglicher-besuch-in-stade\/#primaryimage"},"image":{"@id":"https:\/\/stade-tourismus.de\/de\/koeniglicher-besuch-in-stade\/#primaryimage"},"thumbnailUrl":"https:\/\/stade-tourismus.de\/wp-content\/uploads\/2022\/08\/292294838_479451627514178_3272096614802014665_n.jpeg","datePublished":"2022-07-10T15:49:00+00:00","dateModified":"2022-08-07T16:08:44+00:00","description":"Wir freuen uns sehr am Donnerstag, 14. Juni, die Pf\u00e4lzische Weink\u00f6nigin Sophia Hanke bei uns begr\u00fc\u00dfen zu d\u00fcrfen.","breadcrumb":{"@id":"https:\/\/stade-tourismus.de\/de\/koeniglicher-besuch-in-stade\/#breadcrumb"},"inLanguage":"de","potentialAction":[{"@type":"ReadAction","target":["https:\/\/stade-tourismus.de\/de\/koeniglicher-besuch-in-stade\/"]}]},{"@type":"ImageObject","inLanguage":"de","@id":"https:\/\/stade-tourismus.de\/de\/koeniglicher-besuch-in-stade\/#primaryimage","url":"https:\/\/stade-tourismus.de\/wp-content\/uploads\/2022\/08\/292294838_479451627514178_3272096614802014665_n.jpeg","contentUrl":"https:\/\/stade-tourismus.de\/wp-content\/uploads\/2022\/08\/292294838_479451627514178_3272096614802014665_n.jpeg","width":2048,"height":1365},{"@type":"BreadcrumbList","@id":"https:\/\/stade-tourismus.de\/de\/koeniglicher-besuch-in-stade\/#breadcrumb","itemListElement":[{"@type":"ListItem","position":1,"name":"Startseite","item":"https:\/\/stade-tourismus.de\/de\/"},{"@type":"ListItem","position":2,"name":"K\u00f6niglicher Besuch in Stade"}]},{"@type":"WebSite","@id":"https:\/\/stade-tourismus.de\/de\/#website","url":"https:\/\/stade-tourismus.de\/de\/","name":"STADE Marketing und Tourismus","description":"","publisher":{"@id":"https:\/\/stade-tourismus.de\/de\/#organization"},"potentialAction":[{"@type":"SearchAction","target":{"@type":"EntryPoint","urlTemplate":"https:\/\/stade-tourismus.de\/de\/?s={search_term_string}"},"query-input":{"@type":"PropertyValueSpecification","valueRequired":true,"valueName":"search_term_string"}}],"inLanguage":"de"},{"@type":"Organization","@id":"https:\/\/stade-tourismus.de\/de\/#organization","name":"STADE Marketing und Tourismus GmbH","url":"https:\/\/stade-tourismus.de\/de\/","logo":{"@type":"ImageObject","inLanguage":"de","@id":"https:\/\/stade-tourismus.de\/de\/#\/schema\/logo\/image\/","url":"http:\/\/stadetouri.webhost.city-map.com\/wp-content\/uploads\/2021\/03\/logo-300b.png","contentUrl":"http:\/\/stadetouri.webhost.city-map.com\/wp-content\/uploads\/2021\/03\/logo-300b.png","width":300,"height":42,"caption":"STADE Marketing und Tourismus GmbH"},"image":{"@id":"https:\/\/stade-tourismus.de\/de\/#\/schema\/logo\/image\/"},"sameAs":["https:\/\/www.facebook.com\/stade.tourismus","https:\/\/www.instagram.com\/stade_frischer_wind\/","https:\/\/www.youtube.com\/results?search_query=stade tourismus"]},{"@type":"Person","@id":"https:\/\/stade-tourismus.de\/de\/#\/schema\/person\/cd0779cab42b19e4f6e874ceb178da79","name":"Pauline Bellmann"}]}},"_links":{"self":[{"href":"https:\/\/stade-tourismus.de\/de\/wp-json\/wp\/v2\/posts\/22368","targetHints":{"allow":["GET"]}}],"collection":[{"href":"https:\/\/stade-tourismus.de\/de\/wp-json\/wp\/v2\/posts"}],"about":[{"href":"https:\/\/stade-tourismus.de\/de\/wp-json\/wp\/v2\/types\/post"}],"author":[{"embeddable":true,"href":"https:\/\/stade-tourismus.de\/de\/wp-json\/wp\/v2\/users\/6"}],"replies":[{"embeddable":true,"href":"https:\/\/stade-tourismus.de\/de\/wp-json\/wp\/v2\/comments?post=22368"}],"version-history":[{"count":0,"href":"https:\/\/stade-tourismus.de\/de\/wp-json\/wp\/v2\/posts\/22368\/revisions"}],"wp:featuredmedia":[{"embeddable":true,"href":"https:\/\/stade-tourismus.de\/de\/wp-json\/wp\/v2\/media\/22369"}],"wp:attachment":[{"href":"https:\/\/stade-tourismus.de\/de\/wp-json\/wp\/v2\/media?parent=22368"}],"wp:term":[{"taxonomy":"category","embeddable":true,"href":"https:\/\/stade-tourismus.de\/de\/wp-json\/wp\/v2\/categories?post=22368"},{"taxonomy":"post_tag","embeddable":true,"href":"https:\/\/stade-tourismus.de\/de\/wp-json\/wp\/v2\/tags?post=22368"}],"curies":[{"name":"wp","href":"https:\/\/api.w.org\/{rel}","templated":true}]}}