{"id":28253,"date":"2022-08-12T01:31:00","date_gmt":"2022-08-11T23:31:00","guid":{"rendered":"https:\/\/www.stade-tourismus.de\/?p=28253"},"modified":"2022-11-14T01:33:01","modified_gmt":"2022-11-14T00:33:01","slug":"stade-sucht-den-heimatshopper-2","status":"publish","type":"post","link":"https:\/\/stade-tourismus.de\/de\/stade-sucht-den-heimatshopper-2\/","title":{"rendered":"Stade sucht den Heimatshopper"},"content":{"rendered":"\n<p><em>Samstag, 10. September 2022<\/em><\/p>\n\n\n\n<p>Unter dem Motto \u201eDer Sommer geht \u2013 der Herbst kommt. Finde das perfekte Outfit f\u00fcr deinen Besuch in Stade\u201csucht die STADE Marketing Tourismus GmbH in Kooperation mit der Arbeitsgemeinschaft Aktuelles Stade und dem Stader Tageblatt den \u201eStader Heimatshopper\u201c. Wer findet in den teilnehmenden Gesch\u00e4ften der Stader Innenstadt das beste Outfit zum Motto? Die Teilnehmer erwartet 500 Euro Shoppinggeld, ein Vormittag der besonderen Art, ein tolles neues Outfit und eine Chance auf den Titel des Stader Heimatshoppers 2022.<\/p>\n\n\n\n<p>Am Samstag, 10. September, werden drei zuvor ausgeloste Teilnehmerinnen und Teilnehmer ab 10.00 Uhr f\u00fcr vier Stunden mit 500 Euro Bargeld und Shoppingbegleitung die Stader Innenstadt erobern. Sie gehen auf die Jagd nach dem perfekten Outfit f\u00fcr ihren Besuch in Stade. Geshoppt werden darf in allen L\u00e4den, die an der Aktion \u201eHeimatshoppen\u201c teilnehmen. Im Anschluss erhalten die drei Teilnehmerinnen und Teilnehmer ein auf ihr Outfit abgestimmtes Styling in Form von Frisur und Make-Up von HairCaf\u00e9 Pera. Wenn die Zeit abgelaufen ist, darf nichts mehr zum Outfit oder Styling hinzugef\u00fcgt oder daran ver\u00e4ndert werden, denn dann geht es auf den Laufsteg. Hier stellen die Heimat-shopper ihre neuen Kreationen der Jury, bestehend aus Stader Pers\u00f6nlichkeiten, vor. Es wird ein Gewinner oder eine Gewinnerin erw\u00e4hlt, auf die ein toller Preis aus dem Stader Einzelhandel wartet.<\/p>\n\n\n\n<p>Bis Mittwoch, 24. August, sind alle interessierten M\u00e4nner und Frauen dazu aufgerufen, ihre Bewerbung unter Angabe von Name, Anschrift, Geburtsdatum und telefonischer Erreichbarkeit per Mail an gewinnspiel@stade-tourismus.de zu senden. Die Teilnahme ist ab 18 Jahren m\u00f6glich. Per Losverfahren werden nach Ablauf der Bewerbungsfrist die drei Teilnehmerinnen und Teilnehmer ausgew\u00e4hlt und kontaktiert.<\/p>\n\n\n\n<p>Pressekontakt f\u00fcr R\u00fcckfragen:<br>Stefanie Scholl<br>Tel. 04141 77698 -62<br>scholl@stade-tourismus.de <\/p>\n\n\n\n<div class=\"wp-block-buttons is-horizontal is-content-justification-left is-layout-flex wp-container-core-buttons-is-layout-20be11b6 wp-block-buttons-is-layout-flex\">\n<div class=\"wp-block-button is-style-fill\"><a class=\"wp-block-button__link has-white-color has-text-color has-background\" href=\"https:\/\/stade-tourismus.de\/wp-content\/uploads\/2022\/10\/Stade-sucht-den-Heimatshopper.docx\" style=\"border-radius:0px;background-color:#004f9f\" target=\"_blank\" rel=\"noreferrer noopener\">Download als Worddokument<\/a><\/div>\n<\/div>\n","protected":false},"excerpt":{"rendered":"<p>Samstag, 10. September 2022 Unter dem Motto \u201eDer Sommer geht \u2013 der Herbst kommt. Finde das perfekte Outfit f\u00fcr deinen Besuch in Stade\u201csucht die STADE Marketing Tourismus GmbH in Kooperation mit der Arbeitsgemeinschaft Aktuelles Stade und dem Stader Tageblatt den \u201eStader Heimatshopper\u201c. Wer findet in den teilnehmenden Gesch\u00e4ften der Stader Innenstadt das beste Outfit zum [&hellip;]<\/p>\n","protected":false},"author":5,"featured_media":0,"comment_status":"closed","ping_status":"closed","sticky":false,"template":"","format":"standard","meta":{"footnotes":""},"categories":[42],"tags":[],"class_list":["post-28253","post","type-post","status-publish","format-standard","hentry","category-pressemitteilungen"],"yoast_head":"<!-- This site is optimized with the Yoast SEO plugin v27.3 - https:\/\/yoast.com\/product\/yoast-seo-wordpress\/ -->\n<title>Stade sucht den Heimatshopper - STADE Marketing und Tourismus<\/title>\n<meta name=\"robots\" content=\"index, follow, max-snippet:-1, max-image-preview:large, max-video-preview:-1\" \/>\n<link rel=\"canonical\" href=\"https:\/\/stade-tourismus.de\/de\/stade-sucht-den-heimatshopper-2\/\" \/>\n<meta property=\"og:locale\" content=\"de_DE\" \/>\n<meta property=\"og:type\" content=\"article\" \/>\n<meta property=\"og:title\" content=\"Stade sucht den Heimatshopper - STADE Marketing und Tourismus\" \/>\n<meta property=\"og:description\" content=\"Samstag, 10. September 2022 Unter dem Motto \u201eDer Sommer geht \u2013 der Herbst kommt. Finde das perfekte Outfit f\u00fcr deinen Besuch in Stade\u201csucht die STADE Marketing Tourismus GmbH in Kooperation mit der Arbeitsgemeinschaft Aktuelles Stade und dem Stader Tageblatt den \u201eStader Heimatshopper\u201c. Wer findet in den teilnehmenden Gesch\u00e4ften der Stader Innenstadt das beste Outfit zum [&hellip;]\" \/>\n<meta property=\"og:url\" content=\"https:\/\/stade-tourismus.de\/de\/stade-sucht-den-heimatshopper-2\/\" \/>\n<meta property=\"og:site_name\" content=\"STADE Marketing und Tourismus\" \/>\n<meta property=\"article:publisher\" content=\"https:\/\/www.facebook.com\/stade.tourismus\" \/>\n<meta property=\"article:published_time\" content=\"2022-08-11T23:31:00+00:00\" \/>\n<meta property=\"article:modified_time\" content=\"2022-11-14T00:33:01+00:00\" \/>\n<meta property=\"og:image\" content=\"https:\/\/stade-tourismus.de\/wp-content\/uploads\/2021\/03\/logo-300b.png\" \/>\n\t<meta property=\"og:image:width\" content=\"300\" \/>\n\t<meta property=\"og:image:height\" content=\"42\" \/>\n\t<meta property=\"og:image:type\" content=\"image\/png\" \/>\n<meta name=\"author\" content=\"Niklas Boldt\" \/>\n<meta name=\"twitter:card\" content=\"summary_large_image\" \/>\n<script type=\"application\/ld+json\" class=\"yoast-schema-graph\">{\"@context\":\"https:\\\/\\\/schema.org\",\"@graph\":[{\"@type\":\"Article\",\"@id\":\"https:\\\/\\\/stade-tourismus.de\\\/de\\\/stade-sucht-den-heimatshopper-2\\\/#article\",\"isPartOf\":{\"@id\":\"https:\\\/\\\/stade-tourismus.de\\\/de\\\/stade-sucht-den-heimatshopper-2\\\/\"},\"author\":{\"name\":\"Niklas Boldt\",\"@id\":\"https:\\\/\\\/stade-tourismus.de\\\/de\\\/#\\\/schema\\\/person\\\/8e3cc405304c800af9613a437bd9f301\"},\"headline\":\"Stade sucht den Heimatshopper\",\"datePublished\":\"2022-08-11T23:31:00+00:00\",\"dateModified\":\"2022-11-14T00:33:01+00:00\",\"mainEntityOfPage\":{\"@id\":\"https:\\\/\\\/stade-tourismus.de\\\/de\\\/stade-sucht-den-heimatshopper-2\\\/\"},\"wordCount\":287,\"publisher\":{\"@id\":\"https:\\\/\\\/stade-tourismus.de\\\/de\\\/#organization\"},\"articleSection\":[\"Pressemitteilungen\"],\"inLanguage\":\"de\"},{\"@type\":\"WebPage\",\"@id\":\"https:\\\/\\\/stade-tourismus.de\\\/de\\\/stade-sucht-den-heimatshopper-2\\\/\",\"url\":\"https:\\\/\\\/stade-tourismus.de\\\/de\\\/stade-sucht-den-heimatshopper-2\\\/\",\"name\":\"Stade sucht den Heimatshopper - STADE Marketing und Tourismus\",\"isPartOf\":{\"@id\":\"https:\\\/\\\/stade-tourismus.de\\\/de\\\/#website\"},\"datePublished\":\"2022-08-11T23:31:00+00:00\",\"dateModified\":\"2022-11-14T00:33:01+00:00\",\"breadcrumb\":{\"@id\":\"https:\\\/\\\/stade-tourismus.de\\\/de\\\/stade-sucht-den-heimatshopper-2\\\/#breadcrumb\"},\"inLanguage\":\"de\",\"potentialAction\":[{\"@type\":\"ReadAction\",\"target\":[\"https:\\\/\\\/stade-tourismus.de\\\/de\\\/stade-sucht-den-heimatshopper-2\\\/\"]}]},{\"@type\":\"BreadcrumbList\",\"@id\":\"https:\\\/\\\/stade-tourismus.de\\\/de\\\/stade-sucht-den-heimatshopper-2\\\/#breadcrumb\",\"itemListElement\":[{\"@type\":\"ListItem\",\"position\":1,\"name\":\"Startseite\",\"item\":\"https:\\\/\\\/stade-tourismus.de\\\/de\\\/\"},{\"@type\":\"ListItem\",\"position\":2,\"name\":\"Stade sucht den Heimatshopper\"}]},{\"@type\":\"WebSite\",\"@id\":\"https:\\\/\\\/stade-tourismus.de\\\/de\\\/#website\",\"url\":\"https:\\\/\\\/stade-tourismus.de\\\/de\\\/\",\"name\":\"STADE Marketing und Tourismus\",\"description\":\"\",\"publisher\":{\"@id\":\"https:\\\/\\\/stade-tourismus.de\\\/de\\\/#organization\"},\"potentialAction\":[{\"@type\":\"SearchAction\",\"target\":{\"@type\":\"EntryPoint\",\"urlTemplate\":\"https:\\\/\\\/stade-tourismus.de\\\/de\\\/?s={search_term_string}\"},\"query-input\":{\"@type\":\"PropertyValueSpecification\",\"valueRequired\":true,\"valueName\":\"search_term_string\"}}],\"inLanguage\":\"de\"},{\"@type\":\"Organization\",\"@id\":\"https:\\\/\\\/stade-tourismus.de\\\/de\\\/#organization\",\"name\":\"STADE Marketing und Tourismus GmbH\",\"url\":\"https:\\\/\\\/stade-tourismus.de\\\/de\\\/\",\"logo\":{\"@type\":\"ImageObject\",\"inLanguage\":\"de\",\"@id\":\"https:\\\/\\\/stade-tourismus.de\\\/de\\\/#\\\/schema\\\/logo\\\/image\\\/\",\"url\":\"http:\\\/\\\/stadetouri.webhost.city-map.com\\\/wp-content\\\/uploads\\\/2021\\\/03\\\/logo-300b.png\",\"contentUrl\":\"http:\\\/\\\/stadetouri.webhost.city-map.com\\\/wp-content\\\/uploads\\\/2021\\\/03\\\/logo-300b.png\",\"width\":300,\"height\":42,\"caption\":\"STADE Marketing und Tourismus GmbH\"},\"image\":{\"@id\":\"https:\\\/\\\/stade-tourismus.de\\\/de\\\/#\\\/schema\\\/logo\\\/image\\\/\"},\"sameAs\":[\"https:\\\/\\\/www.facebook.com\\\/stade.tourismus\",\"https:\\\/\\\/www.instagram.com\\\/stade_frischer_wind\\\/\",\"https:\\\/\\\/www.youtube.com\\\/results?search_query=stade tourismus\"]},{\"@type\":\"Person\",\"@id\":\"https:\\\/\\\/stade-tourismus.de\\\/de\\\/#\\\/schema\\\/person\\\/8e3cc405304c800af9613a437bd9f301\",\"name\":\"Niklas Boldt\"}]}<\/script>\n<!-- \/ Yoast SEO plugin. -->","yoast_head_json":{"title":"Stade sucht den Heimatshopper - STADE Marketing und Tourismus","robots":{"index":"index","follow":"follow","max-snippet":"max-snippet:-1","max-image-preview":"max-image-preview:large","max-video-preview":"max-video-preview:-1"},"canonical":"https:\/\/stade-tourismus.de\/de\/stade-sucht-den-heimatshopper-2\/","og_locale":"de_DE","og_type":"article","og_title":"Stade sucht den Heimatshopper - STADE Marketing und Tourismus","og_description":"Samstag, 10. September 2022 Unter dem Motto \u201eDer Sommer geht \u2013 der Herbst kommt. Finde das perfekte Outfit f\u00fcr deinen Besuch in Stade\u201csucht die STADE Marketing Tourismus GmbH in Kooperation mit der Arbeitsgemeinschaft Aktuelles Stade und dem Stader Tageblatt den \u201eStader Heimatshopper\u201c. Wer findet in den teilnehmenden Gesch\u00e4ften der Stader Innenstadt das beste Outfit zum [&hellip;]","og_url":"https:\/\/stade-tourismus.de\/de\/stade-sucht-den-heimatshopper-2\/","og_site_name":"STADE Marketing und Tourismus","article_publisher":"https:\/\/www.facebook.com\/stade.tourismus","article_published_time":"2022-08-11T23:31:00+00:00","article_modified_time":"2022-11-14T00:33:01+00:00","og_image":[{"width":300,"height":42,"url":"https:\/\/stade-tourismus.de\/wp-content\/uploads\/2021\/03\/logo-300b.png","type":"image\/png"}],"author":"Niklas Boldt","twitter_card":"summary_large_image","schema":{"@context":"https:\/\/schema.org","@graph":[{"@type":"Article","@id":"https:\/\/stade-tourismus.de\/de\/stade-sucht-den-heimatshopper-2\/#article","isPartOf":{"@id":"https:\/\/stade-tourismus.de\/de\/stade-sucht-den-heimatshopper-2\/"},"author":{"name":"Niklas Boldt","@id":"https:\/\/stade-tourismus.de\/de\/#\/schema\/person\/8e3cc405304c800af9613a437bd9f301"},"headline":"Stade sucht den Heimatshopper","datePublished":"2022-08-11T23:31:00+00:00","dateModified":"2022-11-14T00:33:01+00:00","mainEntityOfPage":{"@id":"https:\/\/stade-tourismus.de\/de\/stade-sucht-den-heimatshopper-2\/"},"wordCount":287,"publisher":{"@id":"https:\/\/stade-tourismus.de\/de\/#organization"},"articleSection":["Pressemitteilungen"],"inLanguage":"de"},{"@type":"WebPage","@id":"https:\/\/stade-tourismus.de\/de\/stade-sucht-den-heimatshopper-2\/","url":"https:\/\/stade-tourismus.de\/de\/stade-sucht-den-heimatshopper-2\/","name":"Stade sucht den Heimatshopper - STADE Marketing und Tourismus","isPartOf":{"@id":"https:\/\/stade-tourismus.de\/de\/#website"},"datePublished":"2022-08-11T23:31:00+00:00","dateModified":"2022-11-14T00:33:01+00:00","breadcrumb":{"@id":"https:\/\/stade-tourismus.de\/de\/stade-sucht-den-heimatshopper-2\/#breadcrumb"},"inLanguage":"de","potentialAction":[{"@type":"ReadAction","target":["https:\/\/stade-tourismus.de\/de\/stade-sucht-den-heimatshopper-2\/"]}]},{"@type":"BreadcrumbList","@id":"https:\/\/stade-tourismus.de\/de\/stade-sucht-den-heimatshopper-2\/#breadcrumb","itemListElement":[{"@type":"ListItem","position":1,"name":"Startseite","item":"https:\/\/stade-tourismus.de\/de\/"},{"@type":"ListItem","position":2,"name":"Stade sucht den Heimatshopper"}]},{"@type":"WebSite","@id":"https:\/\/stade-tourismus.de\/de\/#website","url":"https:\/\/stade-tourismus.de\/de\/","name":"STADE Marketing und Tourismus","description":"","publisher":{"@id":"https:\/\/stade-tourismus.de\/de\/#organization"},"potentialAction":[{"@type":"SearchAction","target":{"@type":"EntryPoint","urlTemplate":"https:\/\/stade-tourismus.de\/de\/?s={search_term_string}"},"query-input":{"@type":"PropertyValueSpecification","valueRequired":true,"valueName":"search_term_string"}}],"inLanguage":"de"},{"@type":"Organization","@id":"https:\/\/stade-tourismus.de\/de\/#organization","name":"STADE Marketing und Tourismus GmbH","url":"https:\/\/stade-tourismus.de\/de\/","logo":{"@type":"ImageObject","inLanguage":"de","@id":"https:\/\/stade-tourismus.de\/de\/#\/schema\/logo\/image\/","url":"http:\/\/stadetouri.webhost.city-map.com\/wp-content\/uploads\/2021\/03\/logo-300b.png","contentUrl":"http:\/\/stadetouri.webhost.city-map.com\/wp-content\/uploads\/2021\/03\/logo-300b.png","width":300,"height":42,"caption":"STADE Marketing und Tourismus GmbH"},"image":{"@id":"https:\/\/stade-tourismus.de\/de\/#\/schema\/logo\/image\/"},"sameAs":["https:\/\/www.facebook.com\/stade.tourismus","https:\/\/www.instagram.com\/stade_frischer_wind\/","https:\/\/www.youtube.com\/results?search_query=stade tourismus"]},{"@type":"Person","@id":"https:\/\/stade-tourismus.de\/de\/#\/schema\/person\/8e3cc405304c800af9613a437bd9f301","name":"Niklas Boldt"}]}},"_links":{"self":[{"href":"https:\/\/stade-tourismus.de\/de\/wp-json\/wp\/v2\/posts\/28253","targetHints":{"allow":["GET"]}}],"collection":[{"href":"https:\/\/stade-tourismus.de\/de\/wp-json\/wp\/v2\/posts"}],"about":[{"href":"https:\/\/stade-tourismus.de\/de\/wp-json\/wp\/v2\/types\/post"}],"author":[{"embeddable":true,"href":"https:\/\/stade-tourismus.de\/de\/wp-json\/wp\/v2\/users\/5"}],"replies":[{"embeddable":true,"href":"https:\/\/stade-tourismus.de\/de\/wp-json\/wp\/v2\/comments?post=28253"}],"version-history":[{"count":0,"href":"https:\/\/stade-tourismus.de\/de\/wp-json\/wp\/v2\/posts\/28253\/revisions"}],"wp:attachment":[{"href":"https:\/\/stade-tourismus.de\/de\/wp-json\/wp\/v2\/media?parent=28253"}],"wp:term":[{"taxonomy":"category","embeddable":true,"href":"https:\/\/stade-tourismus.de\/de\/wp-json\/wp\/v2\/categories?post=28253"},{"taxonomy":"post_tag","embeddable":true,"href":"https:\/\/stade-tourismus.de\/de\/wp-json\/wp\/v2\/tags?post=28253"}],"curies":[{"name":"wp","href":"https:\/\/api.w.org\/{rel}","templated":true}]}}