{"id":30097,"date":"2023-02-16T18:36:00","date_gmt":"2023-02-16T17:36:00","guid":{"rendered":"https:\/\/www.stade-tourismus.de\/?p=30097"},"modified":"2023-02-17T15:41:23","modified_gmt":"2023-02-17T14:41:23","slug":"kostenlose-fuehrungen-am-weltgaestefuehrertag","status":"publish","type":"post","link":"https:\/\/stade-tourismus.de\/de\/kostenlose-fuehrungen-am-weltgaestefuehrertag\/","title":{"rendered":"Kostenlose F\u00fchrungen am Weltg\u00e4stef\u00fchrertag"},"content":{"rendered":"\n<p>Am 3. M\u00e4rz ist Weltg\u00e4stef\u00fchrertag und das nehmen unsere G\u00e4stef\u00fchrerinnen und G\u00e4stef\u00fchrer zum Anlass, Euch ein tolles (kostenloses) Programm zu bieten.<\/p>\n\n\n\n<p>Als kleiner Vorgeschmack zum Warmwerden starten wir schon \u00fcbermorgen, am 18. Februar, um 11.30 Uhr mit dem ersten Programmpunkt: Kirchenf\u00fchrerin Cornelia Kenklies geht gemeinsam mit ihren G\u00e4sten auf die Suche nach Fabelwesen, Kirchenm\u00e4usen und sagenhaften Geschichten in der Kirche St. Cosmae. Treffpunkt ist der Nordeingang der <a><\/a>Kirche St. Cosmae.<\/p>\n\n\n\n<p>Am Weltg\u00e4stef\u00fchrertag laden unsere Guides dann zu spannenden Kurzf\u00fchrungen ein und haben ein abwechslungsreiches, buntes Programm voller Sagen, Geschichten und Anekdoten vorbereitet.<\/p>\n\n\n\n<p>Jede Kurzf\u00fchrung dauert ca. 30 Minuten. Spenden zugunsten des Stader Kinderschutzbundes sind willkommen. Treffpunkt: Haupteingang des Historischen Rathauses in der H\u00f6kerstra\u00dfe jeweils um 14.00 und 15.00 Uhr. Wir w\u00fcnschen allen zusammen viel Spa\u00df!<\/p>\n","protected":false},"excerpt":{"rendered":"<p>Am 3. M\u00e4rz ist Weltg\u00e4stef\u00fchrertag und das nehmen unsere G\u00e4stef\u00fchrerinnen und G\u00e4stef\u00fchrer zum Anlass, Euch ein tolles (kostenloses) Programm zu bieten. Als kleiner Vorgeschmack zum Warmwerden starten wir schon \u00fcbermorgen, am 18. Februar, um 11.30 Uhr mit dem ersten Programmpunkt: Kirchenf\u00fchrerin Cornelia Kenklies geht gemeinsam mit ihren G\u00e4sten auf die Suche nach Fabelwesen, Kirchenm\u00e4usen und [&hellip;]<\/p>\n","protected":false},"author":12,"featured_media":0,"comment_status":"closed","ping_status":"closed","sticky":false,"template":"","format":"standard","meta":{"footnotes":""},"categories":[4],"tags":[],"class_list":["post-30097","post","type-post","status-publish","format-standard","hentry","category-stade-schnack"],"yoast_head":"<!-- This site is optimized with the Yoast SEO plugin v27.3 - https:\/\/yoast.com\/product\/yoast-seo-wordpress\/ -->\n<title>Kostenlose F\u00fchrungen am Weltg\u00e4stef\u00fchrertag - STADE Marketing und Tourismus<\/title>\n<meta name=\"description\" content=\"Am 3. M\u00e4rz ist Weltg\u00e4stef\u00fchrertag und das nehmen unsere G\u00e4stef\u00fchrerInnen zum Anlass, Euch ein tolles kostenloses Programm zu bieten.\" \/>\n<meta name=\"robots\" content=\"index, follow, max-snippet:-1, max-image-preview:large, max-video-preview:-1\" \/>\n<link rel=\"canonical\" href=\"https:\/\/stade-tourismus.de\/de\/kostenlose-fuehrungen-am-weltgaestefuehrertag\/\" \/>\n<meta property=\"og:locale\" content=\"de_DE\" \/>\n<meta property=\"og:type\" content=\"article\" \/>\n<meta property=\"og:title\" content=\"Kostenlose F\u00fchrungen am Weltg\u00e4stef\u00fchrertag - STADE Marketing und Tourismus\" \/>\n<meta property=\"og:description\" content=\"Am 3. M\u00e4rz ist Weltg\u00e4stef\u00fchrertag und das nehmen unsere G\u00e4stef\u00fchrerInnen zum Anlass, Euch ein tolles kostenloses Programm zu bieten.\" \/>\n<meta property=\"og:url\" content=\"https:\/\/stade-tourismus.de\/de\/kostenlose-fuehrungen-am-weltgaestefuehrertag\/\" \/>\n<meta property=\"og:site_name\" content=\"STADE Marketing und Tourismus\" \/>\n<meta property=\"article:publisher\" content=\"https:\/\/www.facebook.com\/stade.tourismus\" \/>\n<meta property=\"article:published_time\" content=\"2023-02-16T17:36:00+00:00\" \/>\n<meta property=\"article:modified_time\" content=\"2023-02-17T14:41:23+00:00\" \/>\n<meta property=\"og:image\" content=\"https:\/\/stade-tourismus.de\/wp-content\/uploads\/2022\/07\/DSC06384-min-scaled.jpg\" \/>\n\t<meta property=\"og:image:width\" content=\"2560\" \/>\n\t<meta property=\"og:image:height\" content=\"1707\" \/>\n\t<meta property=\"og:image:type\" content=\"image\/jpeg\" \/>\n<meta name=\"author\" content=\"bellmann\" \/>\n<meta name=\"twitter:card\" content=\"summary_large_image\" \/>\n<script type=\"application\/ld+json\" class=\"yoast-schema-graph\">{\"@context\":\"https:\\\/\\\/schema.org\",\"@graph\":[{\"@type\":\"Article\",\"@id\":\"https:\\\/\\\/stade-tourismus.de\\\/de\\\/kostenlose-fuehrungen-am-weltgaestefuehrertag\\\/#article\",\"isPartOf\":{\"@id\":\"https:\\\/\\\/stade-tourismus.de\\\/de\\\/kostenlose-fuehrungen-am-weltgaestefuehrertag\\\/\"},\"author\":{\"name\":\"bellmann\",\"@id\":\"https:\\\/\\\/stade-tourismus.de\\\/de\\\/#\\\/schema\\\/person\\\/e231f47b8e7acb612b388f505b6144ef\"},\"headline\":\"Kostenlose F\u00fchrungen am Weltg\u00e4stef\u00fchrertag\",\"datePublished\":\"2023-02-16T17:36:00+00:00\",\"dateModified\":\"2023-02-17T14:41:23+00:00\",\"mainEntityOfPage\":{\"@id\":\"https:\\\/\\\/stade-tourismus.de\\\/de\\\/kostenlose-fuehrungen-am-weltgaestefuehrertag\\\/\"},\"wordCount\":143,\"publisher\":{\"@id\":\"https:\\\/\\\/stade-tourismus.de\\\/de\\\/#organization\"},\"articleSection\":[\"Stade-Schnack\"],\"inLanguage\":\"de\"},{\"@type\":\"WebPage\",\"@id\":\"https:\\\/\\\/stade-tourismus.de\\\/de\\\/kostenlose-fuehrungen-am-weltgaestefuehrertag\\\/\",\"url\":\"https:\\\/\\\/stade-tourismus.de\\\/de\\\/kostenlose-fuehrungen-am-weltgaestefuehrertag\\\/\",\"name\":\"Kostenlose F\u00fchrungen am Weltg\u00e4stef\u00fchrertag - STADE Marketing und Tourismus\",\"isPartOf\":{\"@id\":\"https:\\\/\\\/stade-tourismus.de\\\/de\\\/#website\"},\"datePublished\":\"2023-02-16T17:36:00+00:00\",\"dateModified\":\"2023-02-17T14:41:23+00:00\",\"description\":\"Am 3. M\u00e4rz ist Weltg\u00e4stef\u00fchrertag und das nehmen unsere G\u00e4stef\u00fchrerInnen zum Anlass, Euch ein tolles kostenloses Programm zu bieten.\",\"breadcrumb\":{\"@id\":\"https:\\\/\\\/stade-tourismus.de\\\/de\\\/kostenlose-fuehrungen-am-weltgaestefuehrertag\\\/#breadcrumb\"},\"inLanguage\":\"de\",\"potentialAction\":[{\"@type\":\"ReadAction\",\"target\":[\"https:\\\/\\\/stade-tourismus.de\\\/de\\\/kostenlose-fuehrungen-am-weltgaestefuehrertag\\\/\"]}]},{\"@type\":\"BreadcrumbList\",\"@id\":\"https:\\\/\\\/stade-tourismus.de\\\/de\\\/kostenlose-fuehrungen-am-weltgaestefuehrertag\\\/#breadcrumb\",\"itemListElement\":[{\"@type\":\"ListItem\",\"position\":1,\"name\":\"Startseite\",\"item\":\"https:\\\/\\\/stade-tourismus.de\\\/de\\\/\"},{\"@type\":\"ListItem\",\"position\":2,\"name\":\"Kostenlose F\u00fchrungen am Weltg\u00e4stef\u00fchrertag\"}]},{\"@type\":\"WebSite\",\"@id\":\"https:\\\/\\\/stade-tourismus.de\\\/de\\\/#website\",\"url\":\"https:\\\/\\\/stade-tourismus.de\\\/de\\\/\",\"name\":\"STADE Marketing und Tourismus\",\"description\":\"\",\"publisher\":{\"@id\":\"https:\\\/\\\/stade-tourismus.de\\\/de\\\/#organization\"},\"potentialAction\":[{\"@type\":\"SearchAction\",\"target\":{\"@type\":\"EntryPoint\",\"urlTemplate\":\"https:\\\/\\\/stade-tourismus.de\\\/de\\\/?s={search_term_string}\"},\"query-input\":{\"@type\":\"PropertyValueSpecification\",\"valueRequired\":true,\"valueName\":\"search_term_string\"}}],\"inLanguage\":\"de\"},{\"@type\":\"Organization\",\"@id\":\"https:\\\/\\\/stade-tourismus.de\\\/de\\\/#organization\",\"name\":\"STADE Marketing und Tourismus GmbH\",\"url\":\"https:\\\/\\\/stade-tourismus.de\\\/de\\\/\",\"logo\":{\"@type\":\"ImageObject\",\"inLanguage\":\"de\",\"@id\":\"https:\\\/\\\/stade-tourismus.de\\\/de\\\/#\\\/schema\\\/logo\\\/image\\\/\",\"url\":\"http:\\\/\\\/stadetouri.webhost.city-map.com\\\/wp-content\\\/uploads\\\/2021\\\/03\\\/logo-300b.png\",\"contentUrl\":\"http:\\\/\\\/stadetouri.webhost.city-map.com\\\/wp-content\\\/uploads\\\/2021\\\/03\\\/logo-300b.png\",\"width\":300,\"height\":42,\"caption\":\"STADE Marketing und Tourismus GmbH\"},\"image\":{\"@id\":\"https:\\\/\\\/stade-tourismus.de\\\/de\\\/#\\\/schema\\\/logo\\\/image\\\/\"},\"sameAs\":[\"https:\\\/\\\/www.facebook.com\\\/stade.tourismus\",\"https:\\\/\\\/www.instagram.com\\\/stade_frischer_wind\\\/\",\"https:\\\/\\\/www.youtube.com\\\/results?search_query=stade tourismus\"]},{\"@type\":\"Person\",\"@id\":\"https:\\\/\\\/stade-tourismus.de\\\/de\\\/#\\\/schema\\\/person\\\/e231f47b8e7acb612b388f505b6144ef\",\"name\":\"bellmann\"}]}<\/script>\n<!-- \/ Yoast SEO plugin. -->","yoast_head_json":{"title":"Kostenlose F\u00fchrungen am Weltg\u00e4stef\u00fchrertag - STADE Marketing und Tourismus","description":"Am 3. M\u00e4rz ist Weltg\u00e4stef\u00fchrertag und das nehmen unsere G\u00e4stef\u00fchrerInnen zum Anlass, Euch ein tolles kostenloses Programm zu bieten.","robots":{"index":"index","follow":"follow","max-snippet":"max-snippet:-1","max-image-preview":"max-image-preview:large","max-video-preview":"max-video-preview:-1"},"canonical":"https:\/\/stade-tourismus.de\/de\/kostenlose-fuehrungen-am-weltgaestefuehrertag\/","og_locale":"de_DE","og_type":"article","og_title":"Kostenlose F\u00fchrungen am Weltg\u00e4stef\u00fchrertag - STADE Marketing und Tourismus","og_description":"Am 3. M\u00e4rz ist Weltg\u00e4stef\u00fchrertag und das nehmen unsere G\u00e4stef\u00fchrerInnen zum Anlass, Euch ein tolles kostenloses Programm zu bieten.","og_url":"https:\/\/stade-tourismus.de\/de\/kostenlose-fuehrungen-am-weltgaestefuehrertag\/","og_site_name":"STADE Marketing und Tourismus","article_publisher":"https:\/\/www.facebook.com\/stade.tourismus","article_published_time":"2023-02-16T17:36:00+00:00","article_modified_time":"2023-02-17T14:41:23+00:00","og_image":[{"width":2560,"height":1707,"url":"https:\/\/stade-tourismus.de\/wp-content\/uploads\/2022\/07\/DSC06384-min-scaled.jpg","type":"image\/jpeg"}],"author":"bellmann","twitter_card":"summary_large_image","schema":{"@context":"https:\/\/schema.org","@graph":[{"@type":"Article","@id":"https:\/\/stade-tourismus.de\/de\/kostenlose-fuehrungen-am-weltgaestefuehrertag\/#article","isPartOf":{"@id":"https:\/\/stade-tourismus.de\/de\/kostenlose-fuehrungen-am-weltgaestefuehrertag\/"},"author":{"name":"bellmann","@id":"https:\/\/stade-tourismus.de\/de\/#\/schema\/person\/e231f47b8e7acb612b388f505b6144ef"},"headline":"Kostenlose F\u00fchrungen am Weltg\u00e4stef\u00fchrertag","datePublished":"2023-02-16T17:36:00+00:00","dateModified":"2023-02-17T14:41:23+00:00","mainEntityOfPage":{"@id":"https:\/\/stade-tourismus.de\/de\/kostenlose-fuehrungen-am-weltgaestefuehrertag\/"},"wordCount":143,"publisher":{"@id":"https:\/\/stade-tourismus.de\/de\/#organization"},"articleSection":["Stade-Schnack"],"inLanguage":"de"},{"@type":"WebPage","@id":"https:\/\/stade-tourismus.de\/de\/kostenlose-fuehrungen-am-weltgaestefuehrertag\/","url":"https:\/\/stade-tourismus.de\/de\/kostenlose-fuehrungen-am-weltgaestefuehrertag\/","name":"Kostenlose F\u00fchrungen am Weltg\u00e4stef\u00fchrertag - STADE Marketing und Tourismus","isPartOf":{"@id":"https:\/\/stade-tourismus.de\/de\/#website"},"datePublished":"2023-02-16T17:36:00+00:00","dateModified":"2023-02-17T14:41:23+00:00","description":"Am 3. M\u00e4rz ist Weltg\u00e4stef\u00fchrertag und das nehmen unsere G\u00e4stef\u00fchrerInnen zum Anlass, Euch ein tolles kostenloses Programm zu bieten.","breadcrumb":{"@id":"https:\/\/stade-tourismus.de\/de\/kostenlose-fuehrungen-am-weltgaestefuehrertag\/#breadcrumb"},"inLanguage":"de","potentialAction":[{"@type":"ReadAction","target":["https:\/\/stade-tourismus.de\/de\/kostenlose-fuehrungen-am-weltgaestefuehrertag\/"]}]},{"@type":"BreadcrumbList","@id":"https:\/\/stade-tourismus.de\/de\/kostenlose-fuehrungen-am-weltgaestefuehrertag\/#breadcrumb","itemListElement":[{"@type":"ListItem","position":1,"name":"Startseite","item":"https:\/\/stade-tourismus.de\/de\/"},{"@type":"ListItem","position":2,"name":"Kostenlose F\u00fchrungen am Weltg\u00e4stef\u00fchrertag"}]},{"@type":"WebSite","@id":"https:\/\/stade-tourismus.de\/de\/#website","url":"https:\/\/stade-tourismus.de\/de\/","name":"STADE Marketing und Tourismus","description":"","publisher":{"@id":"https:\/\/stade-tourismus.de\/de\/#organization"},"potentialAction":[{"@type":"SearchAction","target":{"@type":"EntryPoint","urlTemplate":"https:\/\/stade-tourismus.de\/de\/?s={search_term_string}"},"query-input":{"@type":"PropertyValueSpecification","valueRequired":true,"valueName":"search_term_string"}}],"inLanguage":"de"},{"@type":"Organization","@id":"https:\/\/stade-tourismus.de\/de\/#organization","name":"STADE Marketing und Tourismus GmbH","url":"https:\/\/stade-tourismus.de\/de\/","logo":{"@type":"ImageObject","inLanguage":"de","@id":"https:\/\/stade-tourismus.de\/de\/#\/schema\/logo\/image\/","url":"http:\/\/stadetouri.webhost.city-map.com\/wp-content\/uploads\/2021\/03\/logo-300b.png","contentUrl":"http:\/\/stadetouri.webhost.city-map.com\/wp-content\/uploads\/2021\/03\/logo-300b.png","width":300,"height":42,"caption":"STADE Marketing und Tourismus GmbH"},"image":{"@id":"https:\/\/stade-tourismus.de\/de\/#\/schema\/logo\/image\/"},"sameAs":["https:\/\/www.facebook.com\/stade.tourismus","https:\/\/www.instagram.com\/stade_frischer_wind\/","https:\/\/www.youtube.com\/results?search_query=stade tourismus"]},{"@type":"Person","@id":"https:\/\/stade-tourismus.de\/de\/#\/schema\/person\/e231f47b8e7acb612b388f505b6144ef","name":"bellmann"}]}},"_links":{"self":[{"href":"https:\/\/stade-tourismus.de\/de\/wp-json\/wp\/v2\/posts\/30097","targetHints":{"allow":["GET"]}}],"collection":[{"href":"https:\/\/stade-tourismus.de\/de\/wp-json\/wp\/v2\/posts"}],"about":[{"href":"https:\/\/stade-tourismus.de\/de\/wp-json\/wp\/v2\/types\/post"}],"author":[{"embeddable":true,"href":"https:\/\/stade-tourismus.de\/de\/wp-json\/wp\/v2\/users\/12"}],"replies":[{"embeddable":true,"href":"https:\/\/stade-tourismus.de\/de\/wp-json\/wp\/v2\/comments?post=30097"}],"version-history":[{"count":0,"href":"https:\/\/stade-tourismus.de\/de\/wp-json\/wp\/v2\/posts\/30097\/revisions"}],"wp:attachment":[{"href":"https:\/\/stade-tourismus.de\/de\/wp-json\/wp\/v2\/media?parent=30097"}],"wp:term":[{"taxonomy":"category","embeddable":true,"href":"https:\/\/stade-tourismus.de\/de\/wp-json\/wp\/v2\/categories?post=30097"},{"taxonomy":"post_tag","embeddable":true,"href":"https:\/\/stade-tourismus.de\/de\/wp-json\/wp\/v2\/tags?post=30097"}],"curies":[{"name":"wp","href":"https:\/\/api.w.org\/{rel}","templated":true}]}}