{"id":31254,"date":"2023-05-11T13:46:55","date_gmt":"2023-05-11T11:46:55","guid":{"rendered":"https:\/\/www.stade-tourismus.de\/?p=31254"},"modified":"2023-05-11T13:52:28","modified_gmt":"2023-05-11T11:52:28","slug":"tag-der-staedtebaufoerderung-2023","status":"publish","type":"post","link":"https:\/\/stade-tourismus.de\/de\/tag-der-staedtebaufoerderung-2023\/","title":{"rendered":"Tag der St\u00e4dtebauf\u00f6rderung 2023"},"content":{"rendered":"\n<p>Am 13. Mai 2023 finden unter dem Motto \u201eWir im Quartier\u201c deutschlandweit Veranstaltungen zur St\u00e4dtebauf\u00f6rderung statt!<\/p>\n\n\n\n<p>Im Rahmen der Altstadtsanierung Stades sollen neben verschiedenen \u00f6ffentlichen Ma\u00dfnahmen auch private Modernisierungs- und Instandsetzungsma\u00dfnahmen gef\u00f6rdert werden. Eines der zentralen Sanierungsziele im Bereich des Sanierungsgebietes \u201eStade \u2013 Altstadt\u201c ist die Sicherung, der Erhalt und die Aufwertung denkmalgesch\u00fctzter, erhaltenswerter und das Ortsbild pr\u00e4gender Geb\u00e4ude unter besonderer Ber\u00fccksichtigung des Denkmalschutzes.<\/p>\n\n\n\n<p>Ein buntes Programm wird zum Tag der St\u00e4dtebauf\u00f6rderung auf dem Platz am Sande mit Live-Musik, besonderen F\u00fchrungen durch Stade und Infos zu Stades Stadtpl\u00e4nen der Zukunft, wie der Altstadtsanierung, dem Projekt Ankerplatz und Energiepl\u00e4nen veranstaltet.<\/p>\n\n\n\n<p>Au\u00dferdem gibt es ein spannendes Kinderprogramm, diverse Mitmachaktionen und regionale Speisen und Getr\u00e4nke. Mehr Infos findet ihr <a href=\"https:\/\/www.facebook.com\/HansestadtStd\/?__cft__[0]=AZVigVWdKEBTb2xolm0IDew77fJ8mPzaI6dFQ1V-2E3d6xQWko-yBb7goA_aN287yZl6yv_uR0stknaao4AAz6y5QwlR9YRm3Oyq96PZpIIggbF3wbAmuCkEdDTcehsemL7F3GhRT8-4raHEzSKeXelT1rael9jjvDUIa3a01n6MIkclarOKApNqmmRc0-QOYEg&amp;__tn__=kK-R\" target=\"_blank\" rel=\"noreferrer noopener\">hier<\/a>.<\/p>\n","protected":false},"excerpt":{"rendered":"<p>Am 13. Mai 2023 finden unter dem Motto \u201eWir im Quartier\u201c deutschlandweit Veranstaltungen zur St\u00e4dtebauf\u00f6rderung statt! Im Rahmen der Altstadtsanierung Stades sollen neben verschiedenen \u00f6ffentlichen Ma\u00dfnahmen auch private Modernisierungs- und Instandsetzungsma\u00dfnahmen gef\u00f6rdert werden. Eines der zentralen Sanierungsziele im Bereich des Sanierungsgebietes \u201eStade \u2013 Altstadt\u201c ist die Sicherung, der Erhalt und die Aufwertung denkmalgesch\u00fctzter, erhaltenswerter und [&hellip;]<\/p>\n","protected":false},"author":12,"featured_media":31257,"comment_status":"closed","ping_status":"closed","sticky":false,"template":"","format":"standard","meta":{"footnotes":""},"categories":[4],"tags":[84,76],"class_list":["post-31254","post","type-post","status-publish","format-standard","has-post-thumbnail","hentry","category-stade-schnack","tag-84","tag-stade"],"yoast_head":"<!-- This site is optimized with the Yoast SEO plugin v27.3 - https:\/\/yoast.com\/product\/yoast-seo-wordpress\/ -->\n<title>Tag der St\u00e4dtebauf\u00f6rderung 2023 - STADE Marketing und Tourismus<\/title>\n<meta name=\"description\" content=\"Am 13. Mai 2023 finden unter dem Motto \u201eWir im Quartier\u201c deutschlandweit Veranstaltungen zur St\u00e4dtebauf\u00f6rderung statt!\" \/>\n<meta name=\"robots\" content=\"index, follow, max-snippet:-1, max-image-preview:large, max-video-preview:-1\" \/>\n<link rel=\"canonical\" href=\"https:\/\/stade-tourismus.de\/de\/tag-der-staedtebaufoerderung-2023\/\" \/>\n<meta property=\"og:locale\" content=\"de_DE\" \/>\n<meta property=\"og:type\" content=\"article\" \/>\n<meta property=\"og:title\" content=\"Tag der St\u00e4dtebauf\u00f6rderung 2023 - STADE Marketing und Tourismus\" \/>\n<meta property=\"og:description\" content=\"Am 13. Mai 2023 finden unter dem Motto \u201eWir im Quartier\u201c deutschlandweit Veranstaltungen zur St\u00e4dtebauf\u00f6rderung statt!\" \/>\n<meta property=\"og:url\" content=\"https:\/\/stade-tourismus.de\/de\/tag-der-staedtebaufoerderung-2023\/\" \/>\n<meta property=\"og:site_name\" content=\"STADE Marketing und Tourismus\" \/>\n<meta property=\"article:publisher\" content=\"https:\/\/www.facebook.com\/stade.tourismus\" \/>\n<meta property=\"article:published_time\" content=\"2023-05-11T11:46:55+00:00\" \/>\n<meta property=\"article:modified_time\" content=\"2023-05-11T11:52:28+00:00\" \/>\n<meta property=\"og:image\" content=\"https:\/\/stade-tourismus.de\/wp-content\/uploads\/2023\/05\/Plakate-Tag-der-Staedtebaufoerderung-.jpg\" \/>\n\t<meta property=\"og:image:width\" content=\"826\" \/>\n\t<meta property=\"og:image:height\" content=\"1169\" \/>\n\t<meta property=\"og:image:type\" content=\"image\/jpeg\" \/>\n<meta name=\"author\" content=\"bellmann\" \/>\n<meta name=\"twitter:card\" content=\"summary_large_image\" \/>\n<script type=\"application\/ld+json\" class=\"yoast-schema-graph\">{\"@context\":\"https:\\\/\\\/schema.org\",\"@graph\":[{\"@type\":\"Article\",\"@id\":\"https:\\\/\\\/stade-tourismus.de\\\/de\\\/tag-der-staedtebaufoerderung-2023\\\/#article\",\"isPartOf\":{\"@id\":\"https:\\\/\\\/stade-tourismus.de\\\/de\\\/tag-der-staedtebaufoerderung-2023\\\/\"},\"author\":{\"name\":\"bellmann\",\"@id\":\"https:\\\/\\\/stade-tourismus.de\\\/de\\\/#\\\/schema\\\/person\\\/e231f47b8e7acb612b388f505b6144ef\"},\"headline\":\"Tag der St\u00e4dtebauf\u00f6rderung 2023\",\"datePublished\":\"2023-05-11T11:46:55+00:00\",\"dateModified\":\"2023-05-11T11:52:28+00:00\",\"mainEntityOfPage\":{\"@id\":\"https:\\\/\\\/stade-tourismus.de\\\/de\\\/tag-der-staedtebaufoerderung-2023\\\/\"},\"wordCount\":135,\"publisher\":{\"@id\":\"https:\\\/\\\/stade-tourismus.de\\\/de\\\/#organization\"},\"image\":{\"@id\":\"https:\\\/\\\/stade-tourismus.de\\\/de\\\/tag-der-staedtebaufoerderung-2023\\\/#primaryimage\"},\"thumbnailUrl\":\"https:\\\/\\\/stade-tourismus.de\\\/wp-content\\\/uploads\\\/2023\\\/05\\\/Plakate-Tag-der-Staedtebaufoerderung-.jpg\",\"keywords\":[\"2023\",\"Stade\"],\"articleSection\":[\"Stade-Schnack\"],\"inLanguage\":\"de\"},{\"@type\":\"WebPage\",\"@id\":\"https:\\\/\\\/stade-tourismus.de\\\/de\\\/tag-der-staedtebaufoerderung-2023\\\/\",\"url\":\"https:\\\/\\\/stade-tourismus.de\\\/de\\\/tag-der-staedtebaufoerderung-2023\\\/\",\"name\":\"Tag der St\u00e4dtebauf\u00f6rderung 2023 - STADE Marketing und Tourismus\",\"isPartOf\":{\"@id\":\"https:\\\/\\\/stade-tourismus.de\\\/de\\\/#website\"},\"primaryImageOfPage\":{\"@id\":\"https:\\\/\\\/stade-tourismus.de\\\/de\\\/tag-der-staedtebaufoerderung-2023\\\/#primaryimage\"},\"image\":{\"@id\":\"https:\\\/\\\/stade-tourismus.de\\\/de\\\/tag-der-staedtebaufoerderung-2023\\\/#primaryimage\"},\"thumbnailUrl\":\"https:\\\/\\\/stade-tourismus.de\\\/wp-content\\\/uploads\\\/2023\\\/05\\\/Plakate-Tag-der-Staedtebaufoerderung-.jpg\",\"datePublished\":\"2023-05-11T11:46:55+00:00\",\"dateModified\":\"2023-05-11T11:52:28+00:00\",\"description\":\"Am 13. Mai 2023 finden unter dem Motto \u201eWir im Quartier\u201c deutschlandweit Veranstaltungen zur St\u00e4dtebauf\u00f6rderung statt!\",\"breadcrumb\":{\"@id\":\"https:\\\/\\\/stade-tourismus.de\\\/de\\\/tag-der-staedtebaufoerderung-2023\\\/#breadcrumb\"},\"inLanguage\":\"de\",\"potentialAction\":[{\"@type\":\"ReadAction\",\"target\":[\"https:\\\/\\\/stade-tourismus.de\\\/de\\\/tag-der-staedtebaufoerderung-2023\\\/\"]}]},{\"@type\":\"ImageObject\",\"inLanguage\":\"de\",\"@id\":\"https:\\\/\\\/stade-tourismus.de\\\/de\\\/tag-der-staedtebaufoerderung-2023\\\/#primaryimage\",\"url\":\"https:\\\/\\\/stade-tourismus.de\\\/wp-content\\\/uploads\\\/2023\\\/05\\\/Plakate-Tag-der-Staedtebaufoerderung-.jpg\",\"contentUrl\":\"https:\\\/\\\/stade-tourismus.de\\\/wp-content\\\/uploads\\\/2023\\\/05\\\/Plakate-Tag-der-Staedtebaufoerderung-.jpg\",\"width\":826,\"height\":1169},{\"@type\":\"BreadcrumbList\",\"@id\":\"https:\\\/\\\/stade-tourismus.de\\\/de\\\/tag-der-staedtebaufoerderung-2023\\\/#breadcrumb\",\"itemListElement\":[{\"@type\":\"ListItem\",\"position\":1,\"name\":\"Startseite\",\"item\":\"https:\\\/\\\/stade-tourismus.de\\\/de\\\/\"},{\"@type\":\"ListItem\",\"position\":2,\"name\":\"Tag der St\u00e4dtebauf\u00f6rderung 2023\"}]},{\"@type\":\"WebSite\",\"@id\":\"https:\\\/\\\/stade-tourismus.de\\\/de\\\/#website\",\"url\":\"https:\\\/\\\/stade-tourismus.de\\\/de\\\/\",\"name\":\"STADE Marketing und Tourismus\",\"description\":\"\",\"publisher\":{\"@id\":\"https:\\\/\\\/stade-tourismus.de\\\/de\\\/#organization\"},\"potentialAction\":[{\"@type\":\"SearchAction\",\"target\":{\"@type\":\"EntryPoint\",\"urlTemplate\":\"https:\\\/\\\/stade-tourismus.de\\\/de\\\/?s={search_term_string}\"},\"query-input\":{\"@type\":\"PropertyValueSpecification\",\"valueRequired\":true,\"valueName\":\"search_term_string\"}}],\"inLanguage\":\"de\"},{\"@type\":\"Organization\",\"@id\":\"https:\\\/\\\/stade-tourismus.de\\\/de\\\/#organization\",\"name\":\"STADE Marketing und Tourismus GmbH\",\"url\":\"https:\\\/\\\/stade-tourismus.de\\\/de\\\/\",\"logo\":{\"@type\":\"ImageObject\",\"inLanguage\":\"de\",\"@id\":\"https:\\\/\\\/stade-tourismus.de\\\/de\\\/#\\\/schema\\\/logo\\\/image\\\/\",\"url\":\"http:\\\/\\\/stadetouri.webhost.city-map.com\\\/wp-content\\\/uploads\\\/2021\\\/03\\\/logo-300b.png\",\"contentUrl\":\"http:\\\/\\\/stadetouri.webhost.city-map.com\\\/wp-content\\\/uploads\\\/2021\\\/03\\\/logo-300b.png\",\"width\":300,\"height\":42,\"caption\":\"STADE Marketing und Tourismus GmbH\"},\"image\":{\"@id\":\"https:\\\/\\\/stade-tourismus.de\\\/de\\\/#\\\/schema\\\/logo\\\/image\\\/\"},\"sameAs\":[\"https:\\\/\\\/www.facebook.com\\\/stade.tourismus\",\"https:\\\/\\\/www.instagram.com\\\/stade_frischer_wind\\\/\",\"https:\\\/\\\/www.youtube.com\\\/results?search_query=stade tourismus\"]},{\"@type\":\"Person\",\"@id\":\"https:\\\/\\\/stade-tourismus.de\\\/de\\\/#\\\/schema\\\/person\\\/e231f47b8e7acb612b388f505b6144ef\",\"name\":\"bellmann\"}]}<\/script>\n<!-- \/ Yoast SEO plugin. -->","yoast_head_json":{"title":"Tag der St\u00e4dtebauf\u00f6rderung 2023 - STADE Marketing und Tourismus","description":"Am 13. Mai 2023 finden unter dem Motto \u201eWir im Quartier\u201c deutschlandweit Veranstaltungen zur St\u00e4dtebauf\u00f6rderung statt!","robots":{"index":"index","follow":"follow","max-snippet":"max-snippet:-1","max-image-preview":"max-image-preview:large","max-video-preview":"max-video-preview:-1"},"canonical":"https:\/\/stade-tourismus.de\/de\/tag-der-staedtebaufoerderung-2023\/","og_locale":"de_DE","og_type":"article","og_title":"Tag der St\u00e4dtebauf\u00f6rderung 2023 - STADE Marketing und Tourismus","og_description":"Am 13. Mai 2023 finden unter dem Motto \u201eWir im Quartier\u201c deutschlandweit Veranstaltungen zur St\u00e4dtebauf\u00f6rderung statt!","og_url":"https:\/\/stade-tourismus.de\/de\/tag-der-staedtebaufoerderung-2023\/","og_site_name":"STADE Marketing und Tourismus","article_publisher":"https:\/\/www.facebook.com\/stade.tourismus","article_published_time":"2023-05-11T11:46:55+00:00","article_modified_time":"2023-05-11T11:52:28+00:00","og_image":[{"width":826,"height":1169,"url":"https:\/\/stade-tourismus.de\/wp-content\/uploads\/2023\/05\/Plakate-Tag-der-Staedtebaufoerderung-.jpg","type":"image\/jpeg"}],"author":"bellmann","twitter_card":"summary_large_image","schema":{"@context":"https:\/\/schema.org","@graph":[{"@type":"Article","@id":"https:\/\/stade-tourismus.de\/de\/tag-der-staedtebaufoerderung-2023\/#article","isPartOf":{"@id":"https:\/\/stade-tourismus.de\/de\/tag-der-staedtebaufoerderung-2023\/"},"author":{"name":"bellmann","@id":"https:\/\/stade-tourismus.de\/de\/#\/schema\/person\/e231f47b8e7acb612b388f505b6144ef"},"headline":"Tag der St\u00e4dtebauf\u00f6rderung 2023","datePublished":"2023-05-11T11:46:55+00:00","dateModified":"2023-05-11T11:52:28+00:00","mainEntityOfPage":{"@id":"https:\/\/stade-tourismus.de\/de\/tag-der-staedtebaufoerderung-2023\/"},"wordCount":135,"publisher":{"@id":"https:\/\/stade-tourismus.de\/de\/#organization"},"image":{"@id":"https:\/\/stade-tourismus.de\/de\/tag-der-staedtebaufoerderung-2023\/#primaryimage"},"thumbnailUrl":"https:\/\/stade-tourismus.de\/wp-content\/uploads\/2023\/05\/Plakate-Tag-der-Staedtebaufoerderung-.jpg","keywords":["2023","Stade"],"articleSection":["Stade-Schnack"],"inLanguage":"de"},{"@type":"WebPage","@id":"https:\/\/stade-tourismus.de\/de\/tag-der-staedtebaufoerderung-2023\/","url":"https:\/\/stade-tourismus.de\/de\/tag-der-staedtebaufoerderung-2023\/","name":"Tag der St\u00e4dtebauf\u00f6rderung 2023 - STADE Marketing und Tourismus","isPartOf":{"@id":"https:\/\/stade-tourismus.de\/de\/#website"},"primaryImageOfPage":{"@id":"https:\/\/stade-tourismus.de\/de\/tag-der-staedtebaufoerderung-2023\/#primaryimage"},"image":{"@id":"https:\/\/stade-tourismus.de\/de\/tag-der-staedtebaufoerderung-2023\/#primaryimage"},"thumbnailUrl":"https:\/\/stade-tourismus.de\/wp-content\/uploads\/2023\/05\/Plakate-Tag-der-Staedtebaufoerderung-.jpg","datePublished":"2023-05-11T11:46:55+00:00","dateModified":"2023-05-11T11:52:28+00:00","description":"Am 13. Mai 2023 finden unter dem Motto \u201eWir im Quartier\u201c deutschlandweit Veranstaltungen zur St\u00e4dtebauf\u00f6rderung statt!","breadcrumb":{"@id":"https:\/\/stade-tourismus.de\/de\/tag-der-staedtebaufoerderung-2023\/#breadcrumb"},"inLanguage":"de","potentialAction":[{"@type":"ReadAction","target":["https:\/\/stade-tourismus.de\/de\/tag-der-staedtebaufoerderung-2023\/"]}]},{"@type":"ImageObject","inLanguage":"de","@id":"https:\/\/stade-tourismus.de\/de\/tag-der-staedtebaufoerderung-2023\/#primaryimage","url":"https:\/\/stade-tourismus.de\/wp-content\/uploads\/2023\/05\/Plakate-Tag-der-Staedtebaufoerderung-.jpg","contentUrl":"https:\/\/stade-tourismus.de\/wp-content\/uploads\/2023\/05\/Plakate-Tag-der-Staedtebaufoerderung-.jpg","width":826,"height":1169},{"@type":"BreadcrumbList","@id":"https:\/\/stade-tourismus.de\/de\/tag-der-staedtebaufoerderung-2023\/#breadcrumb","itemListElement":[{"@type":"ListItem","position":1,"name":"Startseite","item":"https:\/\/stade-tourismus.de\/de\/"},{"@type":"ListItem","position":2,"name":"Tag der St\u00e4dtebauf\u00f6rderung 2023"}]},{"@type":"WebSite","@id":"https:\/\/stade-tourismus.de\/de\/#website","url":"https:\/\/stade-tourismus.de\/de\/","name":"STADE Marketing und Tourismus","description":"","publisher":{"@id":"https:\/\/stade-tourismus.de\/de\/#organization"},"potentialAction":[{"@type":"SearchAction","target":{"@type":"EntryPoint","urlTemplate":"https:\/\/stade-tourismus.de\/de\/?s={search_term_string}"},"query-input":{"@type":"PropertyValueSpecification","valueRequired":true,"valueName":"search_term_string"}}],"inLanguage":"de"},{"@type":"Organization","@id":"https:\/\/stade-tourismus.de\/de\/#organization","name":"STADE Marketing und Tourismus GmbH","url":"https:\/\/stade-tourismus.de\/de\/","logo":{"@type":"ImageObject","inLanguage":"de","@id":"https:\/\/stade-tourismus.de\/de\/#\/schema\/logo\/image\/","url":"http:\/\/stadetouri.webhost.city-map.com\/wp-content\/uploads\/2021\/03\/logo-300b.png","contentUrl":"http:\/\/stadetouri.webhost.city-map.com\/wp-content\/uploads\/2021\/03\/logo-300b.png","width":300,"height":42,"caption":"STADE Marketing und Tourismus GmbH"},"image":{"@id":"https:\/\/stade-tourismus.de\/de\/#\/schema\/logo\/image\/"},"sameAs":["https:\/\/www.facebook.com\/stade.tourismus","https:\/\/www.instagram.com\/stade_frischer_wind\/","https:\/\/www.youtube.com\/results?search_query=stade tourismus"]},{"@type":"Person","@id":"https:\/\/stade-tourismus.de\/de\/#\/schema\/person\/e231f47b8e7acb612b388f505b6144ef","name":"bellmann"}]}},"_links":{"self":[{"href":"https:\/\/stade-tourismus.de\/de\/wp-json\/wp\/v2\/posts\/31254","targetHints":{"allow":["GET"]}}],"collection":[{"href":"https:\/\/stade-tourismus.de\/de\/wp-json\/wp\/v2\/posts"}],"about":[{"href":"https:\/\/stade-tourismus.de\/de\/wp-json\/wp\/v2\/types\/post"}],"author":[{"embeddable":true,"href":"https:\/\/stade-tourismus.de\/de\/wp-json\/wp\/v2\/users\/12"}],"replies":[{"embeddable":true,"href":"https:\/\/stade-tourismus.de\/de\/wp-json\/wp\/v2\/comments?post=31254"}],"version-history":[{"count":0,"href":"https:\/\/stade-tourismus.de\/de\/wp-json\/wp\/v2\/posts\/31254\/revisions"}],"wp:featuredmedia":[{"embeddable":true,"href":"https:\/\/stade-tourismus.de\/de\/wp-json\/wp\/v2\/media\/31257"}],"wp:attachment":[{"href":"https:\/\/stade-tourismus.de\/de\/wp-json\/wp\/v2\/media?parent=31254"}],"wp:term":[{"taxonomy":"category","embeddable":true,"href":"https:\/\/stade-tourismus.de\/de\/wp-json\/wp\/v2\/categories?post=31254"},{"taxonomy":"post_tag","embeddable":true,"href":"https:\/\/stade-tourismus.de\/de\/wp-json\/wp\/v2\/tags?post=31254"}],"curies":[{"name":"wp","href":"https:\/\/api.w.org\/{rel}","templated":true}]}}