{"id":32565,"date":"2023-04-19T10:28:00","date_gmt":"2023-04-19T08:28:00","guid":{"rendered":"https:\/\/www.stade-tourismus.de\/?p=32565"},"modified":"2023-08-24T11:02:19","modified_gmt":"2023-08-24T09:02:19","slug":"craft-beer-gourmet-festival-2","status":"publish","type":"post","link":"https:\/\/stade-tourismus.de\/de\/craft-beer-gourmet-festival-2\/","title":{"rendered":"Craft Beer &#038; Gourmet Festival"},"content":{"rendered":"\n<p>Denn wer zum Fisch keine Buttertunke hatte, dem fehlte ein wesentlicher Bestandteil der Mahlzeit. Die Zeit der Hanse hatte allerhand zu bieten \u2013 die kulinarische Reise in die Vergangenheit f\u00fchrt in eine Welt aus Gaumenfreuden und kulinarischem Genuss und begeistert mit einem abwechslungsreichen Men\u00fc aus unglaublichen Geschichten, kleinen Anekdoten und einer Auswahl an stadtspezifischen Spezialit\u00e4ten. W\u00e4hrend einer zweist\u00fcndigen F\u00fchrung durch die Stader Altstadtgassen erfahren die Teilnehmer Interessantes zu Speisen und Getr\u00e4nken aus der Hansezeit sowie zu damaligen Essgewohnheiten und Ritualen.<\/p>\n\n\n\n<p>Gef\u00fcttert werden die G\u00e4ste eben nicht nur mit kulinarischen Geschichten, sondern ebenso mit wissenswerten Hintergr\u00fcnden zur Hanse sowie Stades damaliger Rolle und Handelspartner. Beginnend im Museum Schwedenspeicher gibt die Themenf\u00fchrung in der dortigen Hanseausstellung zun\u00e4chst einen \u00dcberblick \u00fcber fr\u00fchere Handelswege und Handelswaren im Mittelalter. Im weiteren Verlauf erwartet die Gruppe so manche \u00dcberraschung, denn bei der besonderen G\u00e4stef\u00fchrung werden tats\u00e4chlich alle Sinne beansprucht. W\u00e4hrend des Besuchs kleiner Gesch\u00e4fte und Lokale werden Kleinigkeiten zu essen oder zu trinken verk\u00f6stigt, manchmal sogar etwas zum Riechen oder zum F\u00fchlen pr\u00e4sentiert. Ob ein herzhaftes St\u00fcck Wurst, edle Tuche und Stoffe oder ein k\u00f6stlicher Schluck Wein \u2013 wohin die Reise durch die Hansezeit geht, ist jedes Mal ein wenig anders.<\/p>\n\n\n\n<p>Die F\u00fchrung kostet inklusive mindestens sechs Kostproben und einem Stade-Pr\u00e4sent 39,00 Euro pro Person. Der n\u00e4chsten \u00f6ffentlichen Termine finden an den Samstagen, 18. Februar, 4. M\u00e4rz und 15. April jeweils um 11.00 Uhr statt. Informationen zu allen F\u00fchrungen und Tickets sind in der Tourist-Information am Hafen, Hansestr. 16, telefonisch unter 04141 77698-0 oder im Internet unter <a href=\"http:\/\/www.stade-tourismus.de\">www.stade-tourismus.de<\/a> erh\u00e4ltlich.&nbsp;<\/p>\n\n\n\n<p>Pressekontakt f\u00fcr R\u00fcckfragen:<br>Stefanie Scholl<br>Tel. 04141 77698 -62<br>Mobil: 0170 2227191<\/p>\n\n\n\n<p>scholl@stade-tourismus.de<\/p>\n\n\n\n<p><\/p>\n\n\n\n<div class=\"wp-block-buttons is-horizontal is-content-justification-left is-layout-flex wp-container-core-buttons-is-layout-20be11b6 wp-block-buttons-is-layout-flex\"><\/div>\n\n\n\n<div class=\"wp-block-group is-layout-constrained wp-block-group-is-layout-constrained\">\n<div class=\"wp-block-columns is-layout-flex wp-container-core-columns-is-layout-28f84493 wp-block-columns-is-layout-flex\">\n<div class=\"wp-block-column is-layout-flow wp-block-column-is-layout-flow\" style=\"flex-basis:100%\"><\/div>\n<\/div>\n<\/div>\n\n\n\n<div class=\"wp-block-buttons is-horizontal is-content-justification-left is-layout-flex wp-container-core-buttons-is-layout-20be11b6 wp-block-buttons-is-layout-flex\">\n<div class=\"wp-block-button is-style-fill\"><a class=\"wp-block-button__link has-white-color has-text-color has-background wp-element-button\" href=\"https:\/\/stade-tourismus.de\/wp-content\/uploads\/2023\/08\/Craft-Beer-Gourmet-Festival-2023-1.pdf\" style=\"border-radius:0px;background-color:#004f9f\" target=\"_blank\" rel=\"noreferrer noopener\">Download als PDF-Dokument<\/a><\/div>\n<\/div>\n","protected":false},"excerpt":{"rendered":"<p>Denn wer zum Fisch keine Buttertunke hatte, dem fehlte ein wesentlicher Bestandteil der Mahlzeit. Die Zeit der Hanse hatte allerhand zu bieten \u2013 die kulinarische Reise in die Vergangenheit f\u00fchrt in eine Welt aus Gaumenfreuden und kulinarischem Genuss und begeistert mit einem abwechslungsreichen Men\u00fc aus unglaublichen Geschichten, kleinen Anekdoten und einer Auswahl an stadtspezifischen Spezialit\u00e4ten. [&hellip;]<\/p>\n","protected":false},"author":2,"featured_media":0,"comment_status":"closed","ping_status":"closed","sticky":false,"template":"","format":"standard","meta":{"footnotes":""},"categories":[42,1],"tags":[],"class_list":["post-32565","post","type-post","status-publish","format-standard","hentry","category-pressemitteilungen","category-unkategorisiert"],"yoast_head":"<!-- This site is optimized with the Yoast SEO plugin v27.3 - https:\/\/yoast.com\/product\/yoast-seo-wordpress\/ -->\n<title>Craft Beer &amp; Gourmet Festival - STADE Marketing und Tourismus<\/title>\n<meta name=\"robots\" content=\"index, follow, max-snippet:-1, max-image-preview:large, max-video-preview:-1\" \/>\n<link rel=\"canonical\" href=\"https:\/\/stade-tourismus.de\/de\/craft-beer-gourmet-festival-2\/\" \/>\n<meta property=\"og:locale\" content=\"de_DE\" \/>\n<meta property=\"og:type\" content=\"article\" \/>\n<meta property=\"og:title\" content=\"Craft Beer &amp; Gourmet Festival - STADE Marketing und Tourismus\" \/>\n<meta property=\"og:description\" content=\"Denn wer zum Fisch keine Buttertunke hatte, dem fehlte ein wesentlicher Bestandteil der Mahlzeit. Die Zeit der Hanse hatte allerhand zu bieten \u2013 die kulinarische Reise in die Vergangenheit f\u00fchrt in eine Welt aus Gaumenfreuden und kulinarischem Genuss und begeistert mit einem abwechslungsreichen Men\u00fc aus unglaublichen Geschichten, kleinen Anekdoten und einer Auswahl an stadtspezifischen Spezialit\u00e4ten. [&hellip;]\" \/>\n<meta property=\"og:url\" content=\"https:\/\/stade-tourismus.de\/de\/craft-beer-gourmet-festival-2\/\" \/>\n<meta property=\"og:site_name\" content=\"STADE Marketing und Tourismus\" \/>\n<meta property=\"article:publisher\" content=\"https:\/\/www.facebook.com\/stade.tourismus\" \/>\n<meta property=\"article:published_time\" content=\"2023-04-19T08:28:00+00:00\" \/>\n<meta property=\"article:modified_time\" content=\"2023-08-24T09:02:19+00:00\" \/>\n<meta property=\"og:image\" content=\"https:\/\/stade-tourismus.de\/wp-content\/uploads\/2021\/03\/logo-300b.png\" \/>\n\t<meta property=\"og:image:width\" content=\"300\" \/>\n\t<meta property=\"og:image:height\" content=\"42\" \/>\n\t<meta property=\"og:image:type\" content=\"image\/png\" \/>\n<meta name=\"author\" content=\"Carina Meyer\" \/>\n<meta name=\"twitter:card\" content=\"summary_large_image\" \/>\n<script type=\"application\/ld+json\" class=\"yoast-schema-graph\">{\"@context\":\"https:\\\/\\\/schema.org\",\"@graph\":[{\"@type\":\"Article\",\"@id\":\"https:\\\/\\\/stade-tourismus.de\\\/de\\\/craft-beer-gourmet-festival-2\\\/#article\",\"isPartOf\":{\"@id\":\"https:\\\/\\\/stade-tourismus.de\\\/de\\\/craft-beer-gourmet-festival-2\\\/\"},\"author\":{\"name\":\"Carina Meyer\",\"@id\":\"https:\\\/\\\/stade-tourismus.de\\\/de\\\/#\\\/schema\\\/person\\\/a851adc47fb682725cc5ea78f12ad794\"},\"headline\":\"Craft Beer &#038; Gourmet Festival\",\"datePublished\":\"2023-04-19T08:28:00+00:00\",\"dateModified\":\"2023-08-24T09:02:19+00:00\",\"mainEntityOfPage\":{\"@id\":\"https:\\\/\\\/stade-tourismus.de\\\/de\\\/craft-beer-gourmet-festival-2\\\/\"},\"wordCount\":282,\"publisher\":{\"@id\":\"https:\\\/\\\/stade-tourismus.de\\\/de\\\/#organization\"},\"articleSection\":[\"Pressemitteilungen\",\"Unkategorisiert\"],\"inLanguage\":\"de\"},{\"@type\":\"WebPage\",\"@id\":\"https:\\\/\\\/stade-tourismus.de\\\/de\\\/craft-beer-gourmet-festival-2\\\/\",\"url\":\"https:\\\/\\\/stade-tourismus.de\\\/de\\\/craft-beer-gourmet-festival-2\\\/\",\"name\":\"Craft Beer & Gourmet Festival - STADE Marketing und Tourismus\",\"isPartOf\":{\"@id\":\"https:\\\/\\\/stade-tourismus.de\\\/de\\\/#website\"},\"datePublished\":\"2023-04-19T08:28:00+00:00\",\"dateModified\":\"2023-08-24T09:02:19+00:00\",\"breadcrumb\":{\"@id\":\"https:\\\/\\\/stade-tourismus.de\\\/de\\\/craft-beer-gourmet-festival-2\\\/#breadcrumb\"},\"inLanguage\":\"de\",\"potentialAction\":[{\"@type\":\"ReadAction\",\"target\":[\"https:\\\/\\\/stade-tourismus.de\\\/de\\\/craft-beer-gourmet-festival-2\\\/\"]}]},{\"@type\":\"BreadcrumbList\",\"@id\":\"https:\\\/\\\/stade-tourismus.de\\\/de\\\/craft-beer-gourmet-festival-2\\\/#breadcrumb\",\"itemListElement\":[{\"@type\":\"ListItem\",\"position\":1,\"name\":\"Startseite\",\"item\":\"https:\\\/\\\/stade-tourismus.de\\\/de\\\/\"},{\"@type\":\"ListItem\",\"position\":2,\"name\":\"Craft Beer &#038; Gourmet Festival\"}]},{\"@type\":\"WebSite\",\"@id\":\"https:\\\/\\\/stade-tourismus.de\\\/de\\\/#website\",\"url\":\"https:\\\/\\\/stade-tourismus.de\\\/de\\\/\",\"name\":\"STADE Marketing und Tourismus\",\"description\":\"\",\"publisher\":{\"@id\":\"https:\\\/\\\/stade-tourismus.de\\\/de\\\/#organization\"},\"potentialAction\":[{\"@type\":\"SearchAction\",\"target\":{\"@type\":\"EntryPoint\",\"urlTemplate\":\"https:\\\/\\\/stade-tourismus.de\\\/de\\\/?s={search_term_string}\"},\"query-input\":{\"@type\":\"PropertyValueSpecification\",\"valueRequired\":true,\"valueName\":\"search_term_string\"}}],\"inLanguage\":\"de\"},{\"@type\":\"Organization\",\"@id\":\"https:\\\/\\\/stade-tourismus.de\\\/de\\\/#organization\",\"name\":\"STADE Marketing und Tourismus GmbH\",\"url\":\"https:\\\/\\\/stade-tourismus.de\\\/de\\\/\",\"logo\":{\"@type\":\"ImageObject\",\"inLanguage\":\"de\",\"@id\":\"https:\\\/\\\/stade-tourismus.de\\\/de\\\/#\\\/schema\\\/logo\\\/image\\\/\",\"url\":\"http:\\\/\\\/stadetouri.webhost.city-map.com\\\/wp-content\\\/uploads\\\/2021\\\/03\\\/logo-300b.png\",\"contentUrl\":\"http:\\\/\\\/stadetouri.webhost.city-map.com\\\/wp-content\\\/uploads\\\/2021\\\/03\\\/logo-300b.png\",\"width\":300,\"height\":42,\"caption\":\"STADE Marketing und Tourismus GmbH\"},\"image\":{\"@id\":\"https:\\\/\\\/stade-tourismus.de\\\/de\\\/#\\\/schema\\\/logo\\\/image\\\/\"},\"sameAs\":[\"https:\\\/\\\/www.facebook.com\\\/stade.tourismus\",\"https:\\\/\\\/www.instagram.com\\\/stade_frischer_wind\\\/\",\"https:\\\/\\\/www.youtube.com\\\/results?search_query=stade tourismus\"]},{\"@type\":\"Person\",\"@id\":\"https:\\\/\\\/stade-tourismus.de\\\/de\\\/#\\\/schema\\\/person\\\/a851adc47fb682725cc5ea78f12ad794\",\"name\":\"Carina Meyer\"}]}<\/script>\n<!-- \/ Yoast SEO plugin. -->","yoast_head_json":{"title":"Craft Beer & Gourmet Festival - STADE Marketing und Tourismus","robots":{"index":"index","follow":"follow","max-snippet":"max-snippet:-1","max-image-preview":"max-image-preview:large","max-video-preview":"max-video-preview:-1"},"canonical":"https:\/\/stade-tourismus.de\/de\/craft-beer-gourmet-festival-2\/","og_locale":"de_DE","og_type":"article","og_title":"Craft Beer & Gourmet Festival - STADE Marketing und Tourismus","og_description":"Denn wer zum Fisch keine Buttertunke hatte, dem fehlte ein wesentlicher Bestandteil der Mahlzeit. Die Zeit der Hanse hatte allerhand zu bieten \u2013 die kulinarische Reise in die Vergangenheit f\u00fchrt in eine Welt aus Gaumenfreuden und kulinarischem Genuss und begeistert mit einem abwechslungsreichen Men\u00fc aus unglaublichen Geschichten, kleinen Anekdoten und einer Auswahl an stadtspezifischen Spezialit\u00e4ten. [&hellip;]","og_url":"https:\/\/stade-tourismus.de\/de\/craft-beer-gourmet-festival-2\/","og_site_name":"STADE Marketing und Tourismus","article_publisher":"https:\/\/www.facebook.com\/stade.tourismus","article_published_time":"2023-04-19T08:28:00+00:00","article_modified_time":"2023-08-24T09:02:19+00:00","og_image":[{"width":300,"height":42,"url":"https:\/\/stade-tourismus.de\/wp-content\/uploads\/2021\/03\/logo-300b.png","type":"image\/png"}],"author":"Carina Meyer","twitter_card":"summary_large_image","schema":{"@context":"https:\/\/schema.org","@graph":[{"@type":"Article","@id":"https:\/\/stade-tourismus.de\/de\/craft-beer-gourmet-festival-2\/#article","isPartOf":{"@id":"https:\/\/stade-tourismus.de\/de\/craft-beer-gourmet-festival-2\/"},"author":{"name":"Carina Meyer","@id":"https:\/\/stade-tourismus.de\/de\/#\/schema\/person\/a851adc47fb682725cc5ea78f12ad794"},"headline":"Craft Beer &#038; Gourmet Festival","datePublished":"2023-04-19T08:28:00+00:00","dateModified":"2023-08-24T09:02:19+00:00","mainEntityOfPage":{"@id":"https:\/\/stade-tourismus.de\/de\/craft-beer-gourmet-festival-2\/"},"wordCount":282,"publisher":{"@id":"https:\/\/stade-tourismus.de\/de\/#organization"},"articleSection":["Pressemitteilungen","Unkategorisiert"],"inLanguage":"de"},{"@type":"WebPage","@id":"https:\/\/stade-tourismus.de\/de\/craft-beer-gourmet-festival-2\/","url":"https:\/\/stade-tourismus.de\/de\/craft-beer-gourmet-festival-2\/","name":"Craft Beer & Gourmet Festival - STADE Marketing und Tourismus","isPartOf":{"@id":"https:\/\/stade-tourismus.de\/de\/#website"},"datePublished":"2023-04-19T08:28:00+00:00","dateModified":"2023-08-24T09:02:19+00:00","breadcrumb":{"@id":"https:\/\/stade-tourismus.de\/de\/craft-beer-gourmet-festival-2\/#breadcrumb"},"inLanguage":"de","potentialAction":[{"@type":"ReadAction","target":["https:\/\/stade-tourismus.de\/de\/craft-beer-gourmet-festival-2\/"]}]},{"@type":"BreadcrumbList","@id":"https:\/\/stade-tourismus.de\/de\/craft-beer-gourmet-festival-2\/#breadcrumb","itemListElement":[{"@type":"ListItem","position":1,"name":"Startseite","item":"https:\/\/stade-tourismus.de\/de\/"},{"@type":"ListItem","position":2,"name":"Craft Beer &#038; Gourmet Festival"}]},{"@type":"WebSite","@id":"https:\/\/stade-tourismus.de\/de\/#website","url":"https:\/\/stade-tourismus.de\/de\/","name":"STADE Marketing und Tourismus","description":"","publisher":{"@id":"https:\/\/stade-tourismus.de\/de\/#organization"},"potentialAction":[{"@type":"SearchAction","target":{"@type":"EntryPoint","urlTemplate":"https:\/\/stade-tourismus.de\/de\/?s={search_term_string}"},"query-input":{"@type":"PropertyValueSpecification","valueRequired":true,"valueName":"search_term_string"}}],"inLanguage":"de"},{"@type":"Organization","@id":"https:\/\/stade-tourismus.de\/de\/#organization","name":"STADE Marketing und Tourismus GmbH","url":"https:\/\/stade-tourismus.de\/de\/","logo":{"@type":"ImageObject","inLanguage":"de","@id":"https:\/\/stade-tourismus.de\/de\/#\/schema\/logo\/image\/","url":"http:\/\/stadetouri.webhost.city-map.com\/wp-content\/uploads\/2021\/03\/logo-300b.png","contentUrl":"http:\/\/stadetouri.webhost.city-map.com\/wp-content\/uploads\/2021\/03\/logo-300b.png","width":300,"height":42,"caption":"STADE Marketing und Tourismus GmbH"},"image":{"@id":"https:\/\/stade-tourismus.de\/de\/#\/schema\/logo\/image\/"},"sameAs":["https:\/\/www.facebook.com\/stade.tourismus","https:\/\/www.instagram.com\/stade_frischer_wind\/","https:\/\/www.youtube.com\/results?search_query=stade tourismus"]},{"@type":"Person","@id":"https:\/\/stade-tourismus.de\/de\/#\/schema\/person\/a851adc47fb682725cc5ea78f12ad794","name":"Carina Meyer"}]}},"_links":{"self":[{"href":"https:\/\/stade-tourismus.de\/de\/wp-json\/wp\/v2\/posts\/32565","targetHints":{"allow":["GET"]}}],"collection":[{"href":"https:\/\/stade-tourismus.de\/de\/wp-json\/wp\/v2\/posts"}],"about":[{"href":"https:\/\/stade-tourismus.de\/de\/wp-json\/wp\/v2\/types\/post"}],"author":[{"embeddable":true,"href":"https:\/\/stade-tourismus.de\/de\/wp-json\/wp\/v2\/users\/2"}],"replies":[{"embeddable":true,"href":"https:\/\/stade-tourismus.de\/de\/wp-json\/wp\/v2\/comments?post=32565"}],"version-history":[{"count":0,"href":"https:\/\/stade-tourismus.de\/de\/wp-json\/wp\/v2\/posts\/32565\/revisions"}],"wp:attachment":[{"href":"https:\/\/stade-tourismus.de\/de\/wp-json\/wp\/v2\/media?parent=32565"}],"wp:term":[{"taxonomy":"category","embeddable":true,"href":"https:\/\/stade-tourismus.de\/de\/wp-json\/wp\/v2\/categories?post=32565"},{"taxonomy":"post_tag","embeddable":true,"href":"https:\/\/stade-tourismus.de\/de\/wp-json\/wp\/v2\/tags?post=32565"}],"curies":[{"name":"wp","href":"https:\/\/api.w.org\/{rel}","templated":true}]}}