{"id":32654,"date":"2023-09-01T12:11:00","date_gmt":"2023-09-01T10:11:00","guid":{"rendered":"https:\/\/www.stade-tourismus.de\/?p=32654"},"modified":"2023-09-01T15:20:20","modified_gmt":"2023-09-01T13:20:20","slug":"heimatshoppen-in-stade","status":"publish","type":"post","link":"https:\/\/stade-tourismus.de\/de\/heimatshoppen-in-stade\/","title":{"rendered":"Heimatshoppen in Stade"},"content":{"rendered":"\n<p>Aktionswochenende Heimatshoppen in Stade! Es erwartet euch ein aufregendes Wochenende voller lokaler Highlights! Am 8. und 9. September laden wir euch herzlich zum Aktionswochenende Heimatshoppen in die Innenstadt von Stade ein. Lasst uns gemeinsam unsere lokale Gemeinschaft st\u00e4rken und den Einzelhandel unterst\u00fctzen!<\/p>\n\n\n\n<h5 class=\"wp-block-heading\">8. September \u2013 Kunstausstellung Stader Ansichten von Bodo Cordes<\/h5>\n\n\n\n<p><a><\/a>Freut euch auf den Auftakt am Freitag! Der K\u00fcnstler Bodo Cordes pr\u00e4sentiert seine faszinierenden Werke aus der Serie &#8222;Stader Ansichten&#8220; in den Schaufenstern und Gesch\u00e4ften unserer teilnehmenden Partner. \u00dcber 20 Gesch\u00e4fte \u00f6ffnen ihre T\u00fcren, um euch diese Kunstwerke w\u00e4hrend der \u00d6ffnungszeiten zu zeigen. Einige der Fotografien sind sogar rund um die Uhr in den Schaufenstern zu bewundern! Diese au\u00dfergew\u00f6hnliche Ausstellung l\u00e4uft bis zum 31. Oktober, also habt genug Zeit, euch von Stades Sch\u00f6nheit inspirieren zu lassen. Ein besonderer Dank geht an unseren Kooperationspartner Bodo Cordes, der seine Werke gro\u00dfz\u00fcgig zur Verf\u00fcgung stellt. Begebt euch auf eine Reise durch die Innenstadt und lasst euch von den Stader Ansichten verzaubern!<\/p>\n\n\n\n<h5 class=\"wp-block-heading\">9. September \u2013 Stade sucht den Heimatshopper<\/h5>\n\n\n\n<p>Der Samstag steht im Zeichen des Stilbewusstseins! Unter dem Motto &#8222;Stade sucht den Heimatshopper&#8220; gehen drei Teilnehmer auf eine spannende Shoppingtour mit 500\u20ac Bargeld. Das Motto f\u00fcr ihren Einkaufstag erfahren sie vor Ort. Nach einer vierst\u00fcndigen Shoppingtour erwartet sie ein exklusives Styling, gesponsert vom HairCaf\u00e9 Pera.<\/p>\n\n\n\n<p>Anschlie\u00dfend betreten sie den Laufsteg vor einer fachkundigen Jury, begleitet von vorher selbst ausgew\u00e4hlter Musik. Der Hauptpreis f\u00fcr den Sieger ist eine \u00dcberraschung aus Stades vielf\u00e4ltigem Einzelhandel.<\/p>\n\n\n\n<p>Die Modenschau beginnt um 15.30 Uhr auf dem Fischmarkt (Bei Schietwetter verlegen wir diese in das Historische Rathaus)<\/p>\n\n\n\n<p>Seid dabei, wenn die Kandidaten ihren Weg zum Stader Heimatshopper 2023 antreten!<\/p>\n","protected":false},"excerpt":{"rendered":"<p>Aktionswochenende Heimatshoppen in Stade! Es erwartet euch ein aufregendes Wochenende voller lokaler Highlights! Am 8. und 9. September laden wir euch herzlich zum Aktionswochenende Heimatshoppen in die Innenstadt von Stade ein. Lasst uns gemeinsam unsere lokale Gemeinschaft st\u00e4rken und den Einzelhandel unterst\u00fctzen! 8. September \u2013 Kunstausstellung Stader Ansichten von Bodo Cordes Freut euch auf den [&hellip;]<\/p>\n","protected":false},"author":12,"featured_media":32655,"comment_status":"closed","ping_status":"closed","sticky":false,"template":"","format":"standard","meta":{"footnotes":""},"categories":[4],"tags":[84,52,66,76],"class_list":["post-32654","post","type-post","status-publish","format-standard","has-post-thumbnail","hentry","category-stade-schnack","tag-84","tag-heimatshoppen","tag-shoppen","tag-stade"],"yoast_head":"<!-- This site is optimized with the Yoast SEO plugin v27.3 - https:\/\/yoast.com\/product\/yoast-seo-wordpress\/ -->\n<title>Heimatshoppen in Stade - STADE Marketing und Tourismus<\/title>\n<meta name=\"description\" content=\"Am 8. und 9. September laden wir euch herzlich zum Aktionswochenende Heimatshoppen in die Innenstadt von Stade ein.\" \/>\n<meta name=\"robots\" content=\"index, follow, max-snippet:-1, max-image-preview:large, max-video-preview:-1\" \/>\n<link rel=\"canonical\" href=\"https:\/\/stade-tourismus.de\/de\/heimatshoppen-in-stade\/\" \/>\n<meta property=\"og:locale\" content=\"de_DE\" \/>\n<meta property=\"og:type\" content=\"article\" \/>\n<meta property=\"og:title\" content=\"Heimatshoppen in Stade - STADE Marketing und Tourismus\" \/>\n<meta property=\"og:description\" content=\"Am 8. und 9. September laden wir euch herzlich zum Aktionswochenende Heimatshoppen in die Innenstadt von Stade ein.\" \/>\n<meta property=\"og:url\" content=\"https:\/\/stade-tourismus.de\/de\/heimatshoppen-in-stade\/\" \/>\n<meta property=\"og:site_name\" content=\"STADE Marketing und Tourismus\" \/>\n<meta property=\"article:publisher\" content=\"https:\/\/www.facebook.com\/stade.tourismus\" \/>\n<meta property=\"article:published_time\" content=\"2023-09-01T10:11:00+00:00\" \/>\n<meta property=\"article:modified_time\" content=\"2023-09-01T13:20:20+00:00\" \/>\n<meta property=\"og:image\" content=\"https:\/\/stade-tourismus.de\/wp-content\/uploads\/2023\/09\/heimatshoppen-schnack.jpeg\" \/>\n\t<meta property=\"og:image:width\" content=\"1365\" \/>\n\t<meta property=\"og:image:height\" content=\"1365\" \/>\n\t<meta property=\"og:image:type\" content=\"image\/jpeg\" \/>\n<meta name=\"author\" content=\"bellmann\" \/>\n<meta name=\"twitter:card\" content=\"summary_large_image\" \/>\n<script type=\"application\/ld+json\" class=\"yoast-schema-graph\">{\"@context\":\"https:\\\/\\\/schema.org\",\"@graph\":[{\"@type\":\"Article\",\"@id\":\"https:\\\/\\\/stade-tourismus.de\\\/de\\\/heimatshoppen-in-stade\\\/#article\",\"isPartOf\":{\"@id\":\"https:\\\/\\\/stade-tourismus.de\\\/de\\\/heimatshoppen-in-stade\\\/\"},\"author\":{\"name\":\"bellmann\",\"@id\":\"https:\\\/\\\/stade-tourismus.de\\\/de\\\/#\\\/schema\\\/person\\\/e231f47b8e7acb612b388f505b6144ef\"},\"headline\":\"Heimatshoppen in Stade\",\"datePublished\":\"2023-09-01T10:11:00+00:00\",\"dateModified\":\"2023-09-01T13:20:20+00:00\",\"mainEntityOfPage\":{\"@id\":\"https:\\\/\\\/stade-tourismus.de\\\/de\\\/heimatshoppen-in-stade\\\/\"},\"wordCount\":282,\"publisher\":{\"@id\":\"https:\\\/\\\/stade-tourismus.de\\\/de\\\/#organization\"},\"image\":{\"@id\":\"https:\\\/\\\/stade-tourismus.de\\\/de\\\/heimatshoppen-in-stade\\\/#primaryimage\"},\"thumbnailUrl\":\"https:\\\/\\\/stade-tourismus.de\\\/wp-content\\\/uploads\\\/2023\\\/09\\\/heimatshoppen-schnack.jpeg\",\"keywords\":[\"2023\",\"Heimatshoppen\",\"Shoppen\",\"Stade\"],\"articleSection\":[\"Stade-Schnack\"],\"inLanguage\":\"de\"},{\"@type\":\"WebPage\",\"@id\":\"https:\\\/\\\/stade-tourismus.de\\\/de\\\/heimatshoppen-in-stade\\\/\",\"url\":\"https:\\\/\\\/stade-tourismus.de\\\/de\\\/heimatshoppen-in-stade\\\/\",\"name\":\"Heimatshoppen in Stade - STADE Marketing und Tourismus\",\"isPartOf\":{\"@id\":\"https:\\\/\\\/stade-tourismus.de\\\/de\\\/#website\"},\"primaryImageOfPage\":{\"@id\":\"https:\\\/\\\/stade-tourismus.de\\\/de\\\/heimatshoppen-in-stade\\\/#primaryimage\"},\"image\":{\"@id\":\"https:\\\/\\\/stade-tourismus.de\\\/de\\\/heimatshoppen-in-stade\\\/#primaryimage\"},\"thumbnailUrl\":\"https:\\\/\\\/stade-tourismus.de\\\/wp-content\\\/uploads\\\/2023\\\/09\\\/heimatshoppen-schnack.jpeg\",\"datePublished\":\"2023-09-01T10:11:00+00:00\",\"dateModified\":\"2023-09-01T13:20:20+00:00\",\"description\":\"Am 8. und 9. September laden wir euch herzlich zum Aktionswochenende Heimatshoppen in die Innenstadt von Stade ein.\",\"breadcrumb\":{\"@id\":\"https:\\\/\\\/stade-tourismus.de\\\/de\\\/heimatshoppen-in-stade\\\/#breadcrumb\"},\"inLanguage\":\"de\",\"potentialAction\":[{\"@type\":\"ReadAction\",\"target\":[\"https:\\\/\\\/stade-tourismus.de\\\/de\\\/heimatshoppen-in-stade\\\/\"]}]},{\"@type\":\"ImageObject\",\"inLanguage\":\"de\",\"@id\":\"https:\\\/\\\/stade-tourismus.de\\\/de\\\/heimatshoppen-in-stade\\\/#primaryimage\",\"url\":\"https:\\\/\\\/stade-tourismus.de\\\/wp-content\\\/uploads\\\/2023\\\/09\\\/heimatshoppen-schnack.jpeg\",\"contentUrl\":\"https:\\\/\\\/stade-tourismus.de\\\/wp-content\\\/uploads\\\/2023\\\/09\\\/heimatshoppen-schnack.jpeg\",\"width\":1365,\"height\":1365},{\"@type\":\"BreadcrumbList\",\"@id\":\"https:\\\/\\\/stade-tourismus.de\\\/de\\\/heimatshoppen-in-stade\\\/#breadcrumb\",\"itemListElement\":[{\"@type\":\"ListItem\",\"position\":1,\"name\":\"Startseite\",\"item\":\"https:\\\/\\\/stade-tourismus.de\\\/de\\\/\"},{\"@type\":\"ListItem\",\"position\":2,\"name\":\"Heimatshoppen in Stade\"}]},{\"@type\":\"WebSite\",\"@id\":\"https:\\\/\\\/stade-tourismus.de\\\/de\\\/#website\",\"url\":\"https:\\\/\\\/stade-tourismus.de\\\/de\\\/\",\"name\":\"STADE Marketing und Tourismus\",\"description\":\"\",\"publisher\":{\"@id\":\"https:\\\/\\\/stade-tourismus.de\\\/de\\\/#organization\"},\"potentialAction\":[{\"@type\":\"SearchAction\",\"target\":{\"@type\":\"EntryPoint\",\"urlTemplate\":\"https:\\\/\\\/stade-tourismus.de\\\/de\\\/?s={search_term_string}\"},\"query-input\":{\"@type\":\"PropertyValueSpecification\",\"valueRequired\":true,\"valueName\":\"search_term_string\"}}],\"inLanguage\":\"de\"},{\"@type\":\"Organization\",\"@id\":\"https:\\\/\\\/stade-tourismus.de\\\/de\\\/#organization\",\"name\":\"STADE Marketing und Tourismus GmbH\",\"url\":\"https:\\\/\\\/stade-tourismus.de\\\/de\\\/\",\"logo\":{\"@type\":\"ImageObject\",\"inLanguage\":\"de\",\"@id\":\"https:\\\/\\\/stade-tourismus.de\\\/de\\\/#\\\/schema\\\/logo\\\/image\\\/\",\"url\":\"http:\\\/\\\/stadetouri.webhost.city-map.com\\\/wp-content\\\/uploads\\\/2021\\\/03\\\/logo-300b.png\",\"contentUrl\":\"http:\\\/\\\/stadetouri.webhost.city-map.com\\\/wp-content\\\/uploads\\\/2021\\\/03\\\/logo-300b.png\",\"width\":300,\"height\":42,\"caption\":\"STADE Marketing und Tourismus GmbH\"},\"image\":{\"@id\":\"https:\\\/\\\/stade-tourismus.de\\\/de\\\/#\\\/schema\\\/logo\\\/image\\\/\"},\"sameAs\":[\"https:\\\/\\\/www.facebook.com\\\/stade.tourismus\",\"https:\\\/\\\/www.instagram.com\\\/stade_frischer_wind\\\/\",\"https:\\\/\\\/www.youtube.com\\\/results?search_query=stade tourismus\"]},{\"@type\":\"Person\",\"@id\":\"https:\\\/\\\/stade-tourismus.de\\\/de\\\/#\\\/schema\\\/person\\\/e231f47b8e7acb612b388f505b6144ef\",\"name\":\"bellmann\"}]}<\/script>\n<!-- \/ Yoast SEO plugin. -->","yoast_head_json":{"title":"Heimatshoppen in Stade - STADE Marketing und Tourismus","description":"Am 8. und 9. September laden wir euch herzlich zum Aktionswochenende Heimatshoppen in die Innenstadt von Stade ein.","robots":{"index":"index","follow":"follow","max-snippet":"max-snippet:-1","max-image-preview":"max-image-preview:large","max-video-preview":"max-video-preview:-1"},"canonical":"https:\/\/stade-tourismus.de\/de\/heimatshoppen-in-stade\/","og_locale":"de_DE","og_type":"article","og_title":"Heimatshoppen in Stade - STADE Marketing und Tourismus","og_description":"Am 8. und 9. September laden wir euch herzlich zum Aktionswochenende Heimatshoppen in die Innenstadt von Stade ein.","og_url":"https:\/\/stade-tourismus.de\/de\/heimatshoppen-in-stade\/","og_site_name":"STADE Marketing und Tourismus","article_publisher":"https:\/\/www.facebook.com\/stade.tourismus","article_published_time":"2023-09-01T10:11:00+00:00","article_modified_time":"2023-09-01T13:20:20+00:00","og_image":[{"width":1365,"height":1365,"url":"https:\/\/stade-tourismus.de\/wp-content\/uploads\/2023\/09\/heimatshoppen-schnack.jpeg","type":"image\/jpeg"}],"author":"bellmann","twitter_card":"summary_large_image","schema":{"@context":"https:\/\/schema.org","@graph":[{"@type":"Article","@id":"https:\/\/stade-tourismus.de\/de\/heimatshoppen-in-stade\/#article","isPartOf":{"@id":"https:\/\/stade-tourismus.de\/de\/heimatshoppen-in-stade\/"},"author":{"name":"bellmann","@id":"https:\/\/stade-tourismus.de\/de\/#\/schema\/person\/e231f47b8e7acb612b388f505b6144ef"},"headline":"Heimatshoppen in Stade","datePublished":"2023-09-01T10:11:00+00:00","dateModified":"2023-09-01T13:20:20+00:00","mainEntityOfPage":{"@id":"https:\/\/stade-tourismus.de\/de\/heimatshoppen-in-stade\/"},"wordCount":282,"publisher":{"@id":"https:\/\/stade-tourismus.de\/de\/#organization"},"image":{"@id":"https:\/\/stade-tourismus.de\/de\/heimatshoppen-in-stade\/#primaryimage"},"thumbnailUrl":"https:\/\/stade-tourismus.de\/wp-content\/uploads\/2023\/09\/heimatshoppen-schnack.jpeg","keywords":["2023","Heimatshoppen","Shoppen","Stade"],"articleSection":["Stade-Schnack"],"inLanguage":"de"},{"@type":"WebPage","@id":"https:\/\/stade-tourismus.de\/de\/heimatshoppen-in-stade\/","url":"https:\/\/stade-tourismus.de\/de\/heimatshoppen-in-stade\/","name":"Heimatshoppen in Stade - STADE Marketing und Tourismus","isPartOf":{"@id":"https:\/\/stade-tourismus.de\/de\/#website"},"primaryImageOfPage":{"@id":"https:\/\/stade-tourismus.de\/de\/heimatshoppen-in-stade\/#primaryimage"},"image":{"@id":"https:\/\/stade-tourismus.de\/de\/heimatshoppen-in-stade\/#primaryimage"},"thumbnailUrl":"https:\/\/stade-tourismus.de\/wp-content\/uploads\/2023\/09\/heimatshoppen-schnack.jpeg","datePublished":"2023-09-01T10:11:00+00:00","dateModified":"2023-09-01T13:20:20+00:00","description":"Am 8. und 9. September laden wir euch herzlich zum Aktionswochenende Heimatshoppen in die Innenstadt von Stade ein.","breadcrumb":{"@id":"https:\/\/stade-tourismus.de\/de\/heimatshoppen-in-stade\/#breadcrumb"},"inLanguage":"de","potentialAction":[{"@type":"ReadAction","target":["https:\/\/stade-tourismus.de\/de\/heimatshoppen-in-stade\/"]}]},{"@type":"ImageObject","inLanguage":"de","@id":"https:\/\/stade-tourismus.de\/de\/heimatshoppen-in-stade\/#primaryimage","url":"https:\/\/stade-tourismus.de\/wp-content\/uploads\/2023\/09\/heimatshoppen-schnack.jpeg","contentUrl":"https:\/\/stade-tourismus.de\/wp-content\/uploads\/2023\/09\/heimatshoppen-schnack.jpeg","width":1365,"height":1365},{"@type":"BreadcrumbList","@id":"https:\/\/stade-tourismus.de\/de\/heimatshoppen-in-stade\/#breadcrumb","itemListElement":[{"@type":"ListItem","position":1,"name":"Startseite","item":"https:\/\/stade-tourismus.de\/de\/"},{"@type":"ListItem","position":2,"name":"Heimatshoppen in Stade"}]},{"@type":"WebSite","@id":"https:\/\/stade-tourismus.de\/de\/#website","url":"https:\/\/stade-tourismus.de\/de\/","name":"STADE Marketing und Tourismus","description":"","publisher":{"@id":"https:\/\/stade-tourismus.de\/de\/#organization"},"potentialAction":[{"@type":"SearchAction","target":{"@type":"EntryPoint","urlTemplate":"https:\/\/stade-tourismus.de\/de\/?s={search_term_string}"},"query-input":{"@type":"PropertyValueSpecification","valueRequired":true,"valueName":"search_term_string"}}],"inLanguage":"de"},{"@type":"Organization","@id":"https:\/\/stade-tourismus.de\/de\/#organization","name":"STADE Marketing und Tourismus GmbH","url":"https:\/\/stade-tourismus.de\/de\/","logo":{"@type":"ImageObject","inLanguage":"de","@id":"https:\/\/stade-tourismus.de\/de\/#\/schema\/logo\/image\/","url":"http:\/\/stadetouri.webhost.city-map.com\/wp-content\/uploads\/2021\/03\/logo-300b.png","contentUrl":"http:\/\/stadetouri.webhost.city-map.com\/wp-content\/uploads\/2021\/03\/logo-300b.png","width":300,"height":42,"caption":"STADE Marketing und Tourismus GmbH"},"image":{"@id":"https:\/\/stade-tourismus.de\/de\/#\/schema\/logo\/image\/"},"sameAs":["https:\/\/www.facebook.com\/stade.tourismus","https:\/\/www.instagram.com\/stade_frischer_wind\/","https:\/\/www.youtube.com\/results?search_query=stade tourismus"]},{"@type":"Person","@id":"https:\/\/stade-tourismus.de\/de\/#\/schema\/person\/e231f47b8e7acb612b388f505b6144ef","name":"bellmann"}]}},"_links":{"self":[{"href":"https:\/\/stade-tourismus.de\/de\/wp-json\/wp\/v2\/posts\/32654","targetHints":{"allow":["GET"]}}],"collection":[{"href":"https:\/\/stade-tourismus.de\/de\/wp-json\/wp\/v2\/posts"}],"about":[{"href":"https:\/\/stade-tourismus.de\/de\/wp-json\/wp\/v2\/types\/post"}],"author":[{"embeddable":true,"href":"https:\/\/stade-tourismus.de\/de\/wp-json\/wp\/v2\/users\/12"}],"replies":[{"embeddable":true,"href":"https:\/\/stade-tourismus.de\/de\/wp-json\/wp\/v2\/comments?post=32654"}],"version-history":[{"count":0,"href":"https:\/\/stade-tourismus.de\/de\/wp-json\/wp\/v2\/posts\/32654\/revisions"}],"wp:featuredmedia":[{"embeddable":true,"href":"https:\/\/stade-tourismus.de\/de\/wp-json\/wp\/v2\/media\/32655"}],"wp:attachment":[{"href":"https:\/\/stade-tourismus.de\/de\/wp-json\/wp\/v2\/media?parent=32654"}],"wp:term":[{"taxonomy":"category","embeddable":true,"href":"https:\/\/stade-tourismus.de\/de\/wp-json\/wp\/v2\/categories?post=32654"},{"taxonomy":"post_tag","embeddable":true,"href":"https:\/\/stade-tourismus.de\/de\/wp-json\/wp\/v2\/tags?post=32654"}],"curies":[{"name":"wp","href":"https:\/\/api.w.org\/{rel}","templated":true}]}}