{"id":33067,"date":"2023-09-28T19:01:49","date_gmt":"2023-09-28T17:01:49","guid":{"rendered":"https:\/\/www.stade-tourismus.de\/?p=33067"},"modified":"2023-09-28T19:01:51","modified_gmt":"2023-09-28T17:01:51","slug":"lampionfahrt-im-stadthafen","status":"publish","type":"post","link":"https:\/\/stade-tourismus.de\/de\/lampionfahrt-im-stadthafen\/","title":{"rendered":"Lampionfahrt im Stadthafen"},"content":{"rendered":"\n<p>Save the Date: Am Freitag, den 6. Oktober findet die Lampionfahrt im Stader Stadthafen statt.<\/p>\n\n\n\n<p>Die Schwinge wird erneut im magischen Lichterschein der Segel- und Motorboote erstrahlen, wenn die Skipper der Stader Vereine sich zur traditionellen Lampionfahrt versammeln. <\/p>\n\n\n\n<p>Die beleuchteten Boote machen sich auf den Weg die Schwinge hinauf, um in unseren Stadthafen einzulaufen. Es wird ein glanzvoller Anblick sein, wenn die Schiffe mit Lampions und Lichterketten geschm\u00fcckt sanft \u00fcber das stille Wasser der Schwinge gleiten.<\/p>\n\n\n\n<p>Die Skipper des Motor- und Yacht Clubs (MYC) Stade e.V., des SC Diamant und des Segler-Vereins Stade e.V. werden zwischen 19:30 und 20:00 Uhr bei einbrechender Dunkelheit in einer feierlichen Parade den Stadthafen erreichen. Im Hafenbecken werden sie dann ihre Runden drehen, bevor sie wieder in Richtung Heimathafen segeln. Ein Spektakel, das ihr nicht verpassen solltet!<\/p>\n\n\n\n<p>Ihr k\u00f6nnt das beeindruckende Lichterspektakel besonders gut vom Schwingedeich oder vom Stadthafen aus beobachten. F\u00fcr alle, die noch n\u00e4her am Geschehen sein m\u00f6chten, l\u00e4dt der Verein &#8222;Alter Hafen&#8220; zum Open Ship ein, um das Spektakel hautnah zu erleben.<\/p>\n\n\n\n<p>Die Gastronomen rund um den Hafen werden sich um euer leibliches Wohl k\u00fcmmern und euch mit einer Vielzahl von k\u00f6stlichen Speisen und erfrischenden Getr\u00e4nken verw\u00f6hnen. An Bord der Greundiek gibt es sogar einen eigenen Getr\u00e4nkeausschank.<\/p>\n\n\n\n<p>Alle weiteren Informationen findet ihr beim Motor- und Yachtclub <a href=\"https:\/\/stade-tourismus.de\/de\/veranstaltungen-stade\/sportveranstaltungen\/lampionfahrt-der-skipper\/?fbclid=IwAR0IZi9HIOd0rlM8sWKGhg_EfPndlocB-3LnbUDr7UUNdO02HeqnXDYp3y8\" target=\"_blank\" rel=\"noreferrer noopener\"><strong>hier<\/strong><\/a>.<\/p>\n","protected":false},"excerpt":{"rendered":"<p>Save the Date: Am Freitag, den 6. Oktober findet die Lampionfahrt im Stader Stadthafen statt. Die Schwinge wird erneut im magischen Lichterschein der Segel- und Motorboote erstrahlen, wenn die Skipper der Stader Vereine sich zur traditionellen Lampionfahrt versammeln. Die beleuchteten Boote machen sich auf den Weg die Schwinge hinauf, um in unseren Stadthafen einzulaufen. Es [&hellip;]<\/p>\n","protected":false},"author":12,"featured_media":33068,"comment_status":"closed","ping_status":"closed","sticky":false,"template":"","format":"standard","meta":{"footnotes":""},"categories":[4],"tags":[84,184,185,76],"class_list":["post-33067","post","type-post","status-publish","format-standard","has-post-thumbnail","hentry","category-stade-schnack","tag-84","tag-lampionfahrt","tag-schwinge","tag-stade"],"yoast_head":"<!-- This site is optimized with the Yoast SEO plugin v27.3 - https:\/\/yoast.com\/product\/yoast-seo-wordpress\/ -->\n<title>Lampionfahrt im Stadthafen - STADE Marketing und Tourismus<\/title>\n<meta name=\"description\" content=\"Save the Date: Am 6. Oktober findet die Lampionfahrt im Stader Stadthafen statt. Die Schwinge erstrahlt im magischen Lichterschein.\" \/>\n<meta name=\"robots\" content=\"index, follow, max-snippet:-1, max-image-preview:large, max-video-preview:-1\" \/>\n<link rel=\"canonical\" href=\"https:\/\/stade-tourismus.de\/de\/lampionfahrt-im-stadthafen\/\" \/>\n<meta property=\"og:locale\" content=\"de_DE\" \/>\n<meta property=\"og:type\" content=\"article\" \/>\n<meta property=\"og:title\" content=\"Lampionfahrt im Stadthafen - STADE Marketing und Tourismus\" \/>\n<meta property=\"og:description\" content=\"Save the Date: Am 6. Oktober findet die Lampionfahrt im Stader Stadthafen statt. Die Schwinge erstrahlt im magischen Lichterschein.\" \/>\n<meta property=\"og:url\" content=\"https:\/\/stade-tourismus.de\/de\/lampionfahrt-im-stadthafen\/\" \/>\n<meta property=\"og:site_name\" content=\"STADE Marketing und Tourismus\" \/>\n<meta property=\"article:publisher\" content=\"https:\/\/www.facebook.com\/stade.tourismus\" \/>\n<meta property=\"article:published_time\" content=\"2023-09-28T17:01:49+00:00\" \/>\n<meta property=\"article:modified_time\" content=\"2023-09-28T17:01:51+00:00\" \/>\n<meta property=\"og:image\" content=\"https:\/\/stade-tourismus.de\/wp-content\/uploads\/2023\/09\/lampionfahrt-der-skipper.jpeg\" \/>\n\t<meta property=\"og:image:width\" content=\"1365\" \/>\n\t<meta property=\"og:image:height\" content=\"1365\" \/>\n\t<meta property=\"og:image:type\" content=\"image\/jpeg\" \/>\n<meta name=\"author\" content=\"bellmann\" \/>\n<meta name=\"twitter:card\" content=\"summary_large_image\" \/>\n<script type=\"application\/ld+json\" class=\"yoast-schema-graph\">{\"@context\":\"https:\\\/\\\/schema.org\",\"@graph\":[{\"@type\":\"Article\",\"@id\":\"https:\\\/\\\/stade-tourismus.de\\\/de\\\/lampionfahrt-im-stadthafen\\\/#article\",\"isPartOf\":{\"@id\":\"https:\\\/\\\/stade-tourismus.de\\\/de\\\/lampionfahrt-im-stadthafen\\\/\"},\"author\":{\"name\":\"bellmann\",\"@id\":\"https:\\\/\\\/stade-tourismus.de\\\/de\\\/#\\\/schema\\\/person\\\/e231f47b8e7acb612b388f505b6144ef\"},\"headline\":\"Lampionfahrt im Stadthafen\",\"datePublished\":\"2023-09-28T17:01:49+00:00\",\"dateModified\":\"2023-09-28T17:01:51+00:00\",\"mainEntityOfPage\":{\"@id\":\"https:\\\/\\\/stade-tourismus.de\\\/de\\\/lampionfahrt-im-stadthafen\\\/\"},\"wordCount\":228,\"publisher\":{\"@id\":\"https:\\\/\\\/stade-tourismus.de\\\/de\\\/#organization\"},\"image\":{\"@id\":\"https:\\\/\\\/stade-tourismus.de\\\/de\\\/lampionfahrt-im-stadthafen\\\/#primaryimage\"},\"thumbnailUrl\":\"https:\\\/\\\/stade-tourismus.de\\\/wp-content\\\/uploads\\\/2023\\\/09\\\/lampionfahrt-der-skipper.jpeg\",\"keywords\":[\"2023\",\"Lampionfahrt\",\"Schwinge\",\"Stade\"],\"articleSection\":[\"Stade-Schnack\"],\"inLanguage\":\"de\"},{\"@type\":\"WebPage\",\"@id\":\"https:\\\/\\\/stade-tourismus.de\\\/de\\\/lampionfahrt-im-stadthafen\\\/\",\"url\":\"https:\\\/\\\/stade-tourismus.de\\\/de\\\/lampionfahrt-im-stadthafen\\\/\",\"name\":\"Lampionfahrt im Stadthafen - STADE Marketing und Tourismus\",\"isPartOf\":{\"@id\":\"https:\\\/\\\/stade-tourismus.de\\\/de\\\/#website\"},\"primaryImageOfPage\":{\"@id\":\"https:\\\/\\\/stade-tourismus.de\\\/de\\\/lampionfahrt-im-stadthafen\\\/#primaryimage\"},\"image\":{\"@id\":\"https:\\\/\\\/stade-tourismus.de\\\/de\\\/lampionfahrt-im-stadthafen\\\/#primaryimage\"},\"thumbnailUrl\":\"https:\\\/\\\/stade-tourismus.de\\\/wp-content\\\/uploads\\\/2023\\\/09\\\/lampionfahrt-der-skipper.jpeg\",\"datePublished\":\"2023-09-28T17:01:49+00:00\",\"dateModified\":\"2023-09-28T17:01:51+00:00\",\"description\":\"Save the Date: Am 6. Oktober findet die Lampionfahrt im Stader Stadthafen statt. Die Schwinge erstrahlt im magischen Lichterschein.\",\"breadcrumb\":{\"@id\":\"https:\\\/\\\/stade-tourismus.de\\\/de\\\/lampionfahrt-im-stadthafen\\\/#breadcrumb\"},\"inLanguage\":\"de\",\"potentialAction\":[{\"@type\":\"ReadAction\",\"target\":[\"https:\\\/\\\/stade-tourismus.de\\\/de\\\/lampionfahrt-im-stadthafen\\\/\"]}]},{\"@type\":\"ImageObject\",\"inLanguage\":\"de\",\"@id\":\"https:\\\/\\\/stade-tourismus.de\\\/de\\\/lampionfahrt-im-stadthafen\\\/#primaryimage\",\"url\":\"https:\\\/\\\/stade-tourismus.de\\\/wp-content\\\/uploads\\\/2023\\\/09\\\/lampionfahrt-der-skipper.jpeg\",\"contentUrl\":\"https:\\\/\\\/stade-tourismus.de\\\/wp-content\\\/uploads\\\/2023\\\/09\\\/lampionfahrt-der-skipper.jpeg\",\"width\":1365,\"height\":1365,\"caption\":\"Lampionfahrt im Stader Stadthafen\"},{\"@type\":\"BreadcrumbList\",\"@id\":\"https:\\\/\\\/stade-tourismus.de\\\/de\\\/lampionfahrt-im-stadthafen\\\/#breadcrumb\",\"itemListElement\":[{\"@type\":\"ListItem\",\"position\":1,\"name\":\"Startseite\",\"item\":\"https:\\\/\\\/stade-tourismus.de\\\/de\\\/\"},{\"@type\":\"ListItem\",\"position\":2,\"name\":\"Lampionfahrt im Stadthafen\"}]},{\"@type\":\"WebSite\",\"@id\":\"https:\\\/\\\/stade-tourismus.de\\\/de\\\/#website\",\"url\":\"https:\\\/\\\/stade-tourismus.de\\\/de\\\/\",\"name\":\"STADE Marketing und Tourismus\",\"description\":\"\",\"publisher\":{\"@id\":\"https:\\\/\\\/stade-tourismus.de\\\/de\\\/#organization\"},\"potentialAction\":[{\"@type\":\"SearchAction\",\"target\":{\"@type\":\"EntryPoint\",\"urlTemplate\":\"https:\\\/\\\/stade-tourismus.de\\\/de\\\/?s={search_term_string}\"},\"query-input\":{\"@type\":\"PropertyValueSpecification\",\"valueRequired\":true,\"valueName\":\"search_term_string\"}}],\"inLanguage\":\"de\"},{\"@type\":\"Organization\",\"@id\":\"https:\\\/\\\/stade-tourismus.de\\\/de\\\/#organization\",\"name\":\"STADE Marketing und Tourismus GmbH\",\"url\":\"https:\\\/\\\/stade-tourismus.de\\\/de\\\/\",\"logo\":{\"@type\":\"ImageObject\",\"inLanguage\":\"de\",\"@id\":\"https:\\\/\\\/stade-tourismus.de\\\/de\\\/#\\\/schema\\\/logo\\\/image\\\/\",\"url\":\"http:\\\/\\\/stadetouri.webhost.city-map.com\\\/wp-content\\\/uploads\\\/2021\\\/03\\\/logo-300b.png\",\"contentUrl\":\"http:\\\/\\\/stadetouri.webhost.city-map.com\\\/wp-content\\\/uploads\\\/2021\\\/03\\\/logo-300b.png\",\"width\":300,\"height\":42,\"caption\":\"STADE Marketing und Tourismus GmbH\"},\"image\":{\"@id\":\"https:\\\/\\\/stade-tourismus.de\\\/de\\\/#\\\/schema\\\/logo\\\/image\\\/\"},\"sameAs\":[\"https:\\\/\\\/www.facebook.com\\\/stade.tourismus\",\"https:\\\/\\\/www.instagram.com\\\/stade_frischer_wind\\\/\",\"https:\\\/\\\/www.youtube.com\\\/results?search_query=stade tourismus\"]},{\"@type\":\"Person\",\"@id\":\"https:\\\/\\\/stade-tourismus.de\\\/de\\\/#\\\/schema\\\/person\\\/e231f47b8e7acb612b388f505b6144ef\",\"name\":\"bellmann\"}]}<\/script>\n<!-- \/ Yoast SEO plugin. -->","yoast_head_json":{"title":"Lampionfahrt im Stadthafen - STADE Marketing und Tourismus","description":"Save the Date: Am 6. Oktober findet die Lampionfahrt im Stader Stadthafen statt. Die Schwinge erstrahlt im magischen Lichterschein.","robots":{"index":"index","follow":"follow","max-snippet":"max-snippet:-1","max-image-preview":"max-image-preview:large","max-video-preview":"max-video-preview:-1"},"canonical":"https:\/\/stade-tourismus.de\/de\/lampionfahrt-im-stadthafen\/","og_locale":"de_DE","og_type":"article","og_title":"Lampionfahrt im Stadthafen - STADE Marketing und Tourismus","og_description":"Save the Date: Am 6. Oktober findet die Lampionfahrt im Stader Stadthafen statt. Die Schwinge erstrahlt im magischen Lichterschein.","og_url":"https:\/\/stade-tourismus.de\/de\/lampionfahrt-im-stadthafen\/","og_site_name":"STADE Marketing und Tourismus","article_publisher":"https:\/\/www.facebook.com\/stade.tourismus","article_published_time":"2023-09-28T17:01:49+00:00","article_modified_time":"2023-09-28T17:01:51+00:00","og_image":[{"width":1365,"height":1365,"url":"https:\/\/stade-tourismus.de\/wp-content\/uploads\/2023\/09\/lampionfahrt-der-skipper.jpeg","type":"image\/jpeg"}],"author":"bellmann","twitter_card":"summary_large_image","schema":{"@context":"https:\/\/schema.org","@graph":[{"@type":"Article","@id":"https:\/\/stade-tourismus.de\/de\/lampionfahrt-im-stadthafen\/#article","isPartOf":{"@id":"https:\/\/stade-tourismus.de\/de\/lampionfahrt-im-stadthafen\/"},"author":{"name":"bellmann","@id":"https:\/\/stade-tourismus.de\/de\/#\/schema\/person\/e231f47b8e7acb612b388f505b6144ef"},"headline":"Lampionfahrt im Stadthafen","datePublished":"2023-09-28T17:01:49+00:00","dateModified":"2023-09-28T17:01:51+00:00","mainEntityOfPage":{"@id":"https:\/\/stade-tourismus.de\/de\/lampionfahrt-im-stadthafen\/"},"wordCount":228,"publisher":{"@id":"https:\/\/stade-tourismus.de\/de\/#organization"},"image":{"@id":"https:\/\/stade-tourismus.de\/de\/lampionfahrt-im-stadthafen\/#primaryimage"},"thumbnailUrl":"https:\/\/stade-tourismus.de\/wp-content\/uploads\/2023\/09\/lampionfahrt-der-skipper.jpeg","keywords":["2023","Lampionfahrt","Schwinge","Stade"],"articleSection":["Stade-Schnack"],"inLanguage":"de"},{"@type":"WebPage","@id":"https:\/\/stade-tourismus.de\/de\/lampionfahrt-im-stadthafen\/","url":"https:\/\/stade-tourismus.de\/de\/lampionfahrt-im-stadthafen\/","name":"Lampionfahrt im Stadthafen - STADE Marketing und Tourismus","isPartOf":{"@id":"https:\/\/stade-tourismus.de\/de\/#website"},"primaryImageOfPage":{"@id":"https:\/\/stade-tourismus.de\/de\/lampionfahrt-im-stadthafen\/#primaryimage"},"image":{"@id":"https:\/\/stade-tourismus.de\/de\/lampionfahrt-im-stadthafen\/#primaryimage"},"thumbnailUrl":"https:\/\/stade-tourismus.de\/wp-content\/uploads\/2023\/09\/lampionfahrt-der-skipper.jpeg","datePublished":"2023-09-28T17:01:49+00:00","dateModified":"2023-09-28T17:01:51+00:00","description":"Save the Date: Am 6. Oktober findet die Lampionfahrt im Stader Stadthafen statt. Die Schwinge erstrahlt im magischen Lichterschein.","breadcrumb":{"@id":"https:\/\/stade-tourismus.de\/de\/lampionfahrt-im-stadthafen\/#breadcrumb"},"inLanguage":"de","potentialAction":[{"@type":"ReadAction","target":["https:\/\/stade-tourismus.de\/de\/lampionfahrt-im-stadthafen\/"]}]},{"@type":"ImageObject","inLanguage":"de","@id":"https:\/\/stade-tourismus.de\/de\/lampionfahrt-im-stadthafen\/#primaryimage","url":"https:\/\/stade-tourismus.de\/wp-content\/uploads\/2023\/09\/lampionfahrt-der-skipper.jpeg","contentUrl":"https:\/\/stade-tourismus.de\/wp-content\/uploads\/2023\/09\/lampionfahrt-der-skipper.jpeg","width":1365,"height":1365,"caption":"Lampionfahrt im Stader Stadthafen"},{"@type":"BreadcrumbList","@id":"https:\/\/stade-tourismus.de\/de\/lampionfahrt-im-stadthafen\/#breadcrumb","itemListElement":[{"@type":"ListItem","position":1,"name":"Startseite","item":"https:\/\/stade-tourismus.de\/de\/"},{"@type":"ListItem","position":2,"name":"Lampionfahrt im Stadthafen"}]},{"@type":"WebSite","@id":"https:\/\/stade-tourismus.de\/de\/#website","url":"https:\/\/stade-tourismus.de\/de\/","name":"STADE Marketing und Tourismus","description":"","publisher":{"@id":"https:\/\/stade-tourismus.de\/de\/#organization"},"potentialAction":[{"@type":"SearchAction","target":{"@type":"EntryPoint","urlTemplate":"https:\/\/stade-tourismus.de\/de\/?s={search_term_string}"},"query-input":{"@type":"PropertyValueSpecification","valueRequired":true,"valueName":"search_term_string"}}],"inLanguage":"de"},{"@type":"Organization","@id":"https:\/\/stade-tourismus.de\/de\/#organization","name":"STADE Marketing und Tourismus GmbH","url":"https:\/\/stade-tourismus.de\/de\/","logo":{"@type":"ImageObject","inLanguage":"de","@id":"https:\/\/stade-tourismus.de\/de\/#\/schema\/logo\/image\/","url":"http:\/\/stadetouri.webhost.city-map.com\/wp-content\/uploads\/2021\/03\/logo-300b.png","contentUrl":"http:\/\/stadetouri.webhost.city-map.com\/wp-content\/uploads\/2021\/03\/logo-300b.png","width":300,"height":42,"caption":"STADE Marketing und Tourismus GmbH"},"image":{"@id":"https:\/\/stade-tourismus.de\/de\/#\/schema\/logo\/image\/"},"sameAs":["https:\/\/www.facebook.com\/stade.tourismus","https:\/\/www.instagram.com\/stade_frischer_wind\/","https:\/\/www.youtube.com\/results?search_query=stade tourismus"]},{"@type":"Person","@id":"https:\/\/stade-tourismus.de\/de\/#\/schema\/person\/e231f47b8e7acb612b388f505b6144ef","name":"bellmann"}]}},"_links":{"self":[{"href":"https:\/\/stade-tourismus.de\/de\/wp-json\/wp\/v2\/posts\/33067","targetHints":{"allow":["GET"]}}],"collection":[{"href":"https:\/\/stade-tourismus.de\/de\/wp-json\/wp\/v2\/posts"}],"about":[{"href":"https:\/\/stade-tourismus.de\/de\/wp-json\/wp\/v2\/types\/post"}],"author":[{"embeddable":true,"href":"https:\/\/stade-tourismus.de\/de\/wp-json\/wp\/v2\/users\/12"}],"replies":[{"embeddable":true,"href":"https:\/\/stade-tourismus.de\/de\/wp-json\/wp\/v2\/comments?post=33067"}],"version-history":[{"count":0,"href":"https:\/\/stade-tourismus.de\/de\/wp-json\/wp\/v2\/posts\/33067\/revisions"}],"wp:featuredmedia":[{"embeddable":true,"href":"https:\/\/stade-tourismus.de\/de\/wp-json\/wp\/v2\/media\/33068"}],"wp:attachment":[{"href":"https:\/\/stade-tourismus.de\/de\/wp-json\/wp\/v2\/media?parent=33067"}],"wp:term":[{"taxonomy":"category","embeddable":true,"href":"https:\/\/stade-tourismus.de\/de\/wp-json\/wp\/v2\/categories?post=33067"},{"taxonomy":"post_tag","embeddable":true,"href":"https:\/\/stade-tourismus.de\/de\/wp-json\/wp\/v2\/tags?post=33067"}],"curies":[{"name":"wp","href":"https:\/\/api.w.org\/{rel}","templated":true}]}}