{"id":33180,"date":"2023-10-01T17:01:46","date_gmt":"2023-10-01T15:01:46","guid":{"rendered":"https:\/\/www.stade-tourismus.de\/?p=33180"},"modified":"2023-10-05T17:06:17","modified_gmt":"2023-10-05T15:06:17","slug":"filmvorfuehrung-zum-thema-wohnen","status":"publish","type":"post","link":"https:\/\/stade-tourismus.de\/de\/filmvorfuehrung-zum-thema-wohnen\/","title":{"rendered":"Filmvorf\u00fchrung zum Thema Wohnen"},"content":{"rendered":"\n<p>Die Gleichstellungsbeauftragte der Hansestadt Stade l\u00e4dt herzlich zur Filmvorf\u00fchrung von \u201ePUSH \u2013 F\u00fcr das Grundrecht auf Wohnen\u201c ein.<\/p>\n\n\n\n<p>Datum: Freitag, 06.10.2023<\/p>\n\n\n\n<p>Uhrzeit: 19:00 Uhr<\/p>\n\n\n\n<p>Ort: im Leerstand in der Birnbaumpassage (ehemaliger Blumenladen)<\/p>\n\n\n\n<p>In <a><\/a>diesem bewegenden Film stehen die Geschichten von Menschen im Mittelpunkt, die mutig f\u00fcr ihr Wohnrecht k\u00e4mpfen. Besonders beeindruckend erheben zwei starke Frauen ihre Stimme: Leilani Farha, UN-Sonderberichterstatterin f\u00fcr das Menschenrecht auf Wohnen, und die Soziologin Saskia Sassen.<\/p>\n\n\n\n<p>\u201ePush&#8220; erm\u00f6glicht es uns, die weltweite Dimension dieses Problems von Uppsala bis Berlin zu verstehen.<\/p>\n\n\n\n<p>Nach der Vorf\u00fchrung wird herzlich eingeladen, in eine Diskussion \u00fcber das Thema, insbesondere aus weiblicher Perspektive, einzusteigen.<\/p>\n\n\n\n<p>Zus\u00e4tzlich wird ein B\u00fcchertisch zum Thema von der Buchhandlung Contor bereitgestellt.<\/p>\n\n\n\n<p>Anmeldung bis zum 04.10.2023 unter:<\/p>\n\n\n\n<p>E-Mail: gleichstellung@stadt-stade.de<\/p>\n\n\n\n<p>Telefon: 04141 401-104<\/p>\n\n\n\n<p>Weitere Informationen zum Film findet ihr <strong><a href=\"https:\/\/mindjazz-pictures.de\/filme\/push-fuer-das-grundrecht-auf-wohnen\/\" target=\"_blank\" rel=\"noreferrer noopener\">hier<\/a><\/strong>.<\/p>\n\n\n\n<p>Diese Filmvorf\u00fchrung ist Teil der Veranstaltungsreihe \u201eGenderplanning und Wohnen\u201c und wird im Rahmen von CEDAW gef\u00f6rdert.<\/p>\n","protected":false},"excerpt":{"rendered":"<p>Die Gleichstellungsbeauftragte der Hansestadt Stade l\u00e4dt herzlich zur Filmvorf\u00fchrung von \u201ePUSH \u2013 F\u00fcr das Grundrecht auf Wohnen\u201c ein. Datum: Freitag, 06.10.2023 Uhrzeit: 19:00 Uhr Ort: im Leerstand in der Birnbaumpassage (ehemaliger Blumenladen) In diesem bewegenden Film stehen die Geschichten von Menschen im Mittelpunkt, die mutig f\u00fcr ihr Wohnrecht k\u00e4mpfen. Besonders beeindruckend erheben zwei starke Frauen [&hellip;]<\/p>\n","protected":false},"author":12,"featured_media":33181,"comment_status":"closed","ping_status":"closed","sticky":false,"template":"","format":"standard","meta":{"footnotes":""},"categories":[4,1],"tags":[84,76],"class_list":["post-33180","post","type-post","status-publish","format-standard","has-post-thumbnail","hentry","category-stade-schnack","category-unkategorisiert","tag-84","tag-stade"],"yoast_head":"<!-- This site is optimized with the Yoast SEO plugin v27.3 - https:\/\/yoast.com\/product\/yoast-seo-wordpress\/ -->\n<title>Filmvorf\u00fchrung zum Thema Wohnen - STADE Marketing und Tourismus<\/title>\n<meta name=\"description\" content=\"Die Gleichstellungsbeauftragte der Hansestadt Stade l\u00e4dt herzlich zur Filmvorf\u00fchrung von \u201ePUSH \u2013 F\u00fcr das Grundrecht auf Wohnen\u201c ein.\" \/>\n<meta name=\"robots\" content=\"index, follow, max-snippet:-1, max-image-preview:large, max-video-preview:-1\" \/>\n<link rel=\"canonical\" href=\"https:\/\/stade-tourismus.de\/de\/filmvorfuehrung-zum-thema-wohnen\/\" \/>\n<meta property=\"og:locale\" content=\"de_DE\" \/>\n<meta property=\"og:type\" content=\"article\" \/>\n<meta property=\"og:title\" content=\"Filmvorf\u00fchrung zum Thema Wohnen - STADE Marketing und Tourismus\" \/>\n<meta property=\"og:description\" content=\"Die Gleichstellungsbeauftragte der Hansestadt Stade l\u00e4dt herzlich zur Filmvorf\u00fchrung von \u201ePUSH \u2013 F\u00fcr das Grundrecht auf Wohnen\u201c ein.\" \/>\n<meta property=\"og:url\" content=\"https:\/\/stade-tourismus.de\/de\/filmvorfuehrung-zum-thema-wohnen\/\" \/>\n<meta property=\"og:site_name\" content=\"STADE Marketing und Tourismus\" \/>\n<meta property=\"article:publisher\" content=\"https:\/\/www.facebook.com\/stade.tourismus\" \/>\n<meta property=\"article:published_time\" content=\"2023-10-01T15:01:46+00:00\" \/>\n<meta property=\"article:modified_time\" content=\"2023-10-05T15:06:17+00:00\" \/>\n<meta property=\"og:image\" content=\"https:\/\/stade-tourismus.de\/wp-content\/uploads\/2023\/10\/Einladung_06.10_Push_Flyer.jpg\" \/>\n\t<meta property=\"og:image:width\" content=\"1190\" \/>\n\t<meta property=\"og:image:height\" content=\"1683\" \/>\n\t<meta property=\"og:image:type\" content=\"image\/jpeg\" \/>\n<meta name=\"author\" content=\"bellmann\" \/>\n<meta name=\"twitter:card\" content=\"summary_large_image\" \/>\n<script type=\"application\/ld+json\" class=\"yoast-schema-graph\">{\"@context\":\"https:\\\/\\\/schema.org\",\"@graph\":[{\"@type\":\"Article\",\"@id\":\"https:\\\/\\\/stade-tourismus.de\\\/de\\\/filmvorfuehrung-zum-thema-wohnen\\\/#article\",\"isPartOf\":{\"@id\":\"https:\\\/\\\/stade-tourismus.de\\\/de\\\/filmvorfuehrung-zum-thema-wohnen\\\/\"},\"author\":{\"name\":\"bellmann\",\"@id\":\"https:\\\/\\\/stade-tourismus.de\\\/de\\\/#\\\/schema\\\/person\\\/e231f47b8e7acb612b388f505b6144ef\"},\"headline\":\"Filmvorf\u00fchrung zum Thema Wohnen\",\"datePublished\":\"2023-10-01T15:01:46+00:00\",\"dateModified\":\"2023-10-05T15:06:17+00:00\",\"mainEntityOfPage\":{\"@id\":\"https:\\\/\\\/stade-tourismus.de\\\/de\\\/filmvorfuehrung-zum-thema-wohnen\\\/\"},\"wordCount\":160,\"publisher\":{\"@id\":\"https:\\\/\\\/stade-tourismus.de\\\/de\\\/#organization\"},\"image\":{\"@id\":\"https:\\\/\\\/stade-tourismus.de\\\/de\\\/filmvorfuehrung-zum-thema-wohnen\\\/#primaryimage\"},\"thumbnailUrl\":\"https:\\\/\\\/stade-tourismus.de\\\/wp-content\\\/uploads\\\/2023\\\/10\\\/Einladung_06.10_Push_Flyer.jpg\",\"keywords\":[\"2023\",\"Stade\"],\"articleSection\":[\"Stade-Schnack\",\"Unkategorisiert\"],\"inLanguage\":\"de\"},{\"@type\":\"WebPage\",\"@id\":\"https:\\\/\\\/stade-tourismus.de\\\/de\\\/filmvorfuehrung-zum-thema-wohnen\\\/\",\"url\":\"https:\\\/\\\/stade-tourismus.de\\\/de\\\/filmvorfuehrung-zum-thema-wohnen\\\/\",\"name\":\"Filmvorf\u00fchrung zum Thema Wohnen - STADE Marketing und Tourismus\",\"isPartOf\":{\"@id\":\"https:\\\/\\\/stade-tourismus.de\\\/de\\\/#website\"},\"primaryImageOfPage\":{\"@id\":\"https:\\\/\\\/stade-tourismus.de\\\/de\\\/filmvorfuehrung-zum-thema-wohnen\\\/#primaryimage\"},\"image\":{\"@id\":\"https:\\\/\\\/stade-tourismus.de\\\/de\\\/filmvorfuehrung-zum-thema-wohnen\\\/#primaryimage\"},\"thumbnailUrl\":\"https:\\\/\\\/stade-tourismus.de\\\/wp-content\\\/uploads\\\/2023\\\/10\\\/Einladung_06.10_Push_Flyer.jpg\",\"datePublished\":\"2023-10-01T15:01:46+00:00\",\"dateModified\":\"2023-10-05T15:06:17+00:00\",\"description\":\"Die Gleichstellungsbeauftragte der Hansestadt Stade l\u00e4dt herzlich zur Filmvorf\u00fchrung von \u201ePUSH \u2013 F\u00fcr das Grundrecht auf Wohnen\u201c ein.\",\"breadcrumb\":{\"@id\":\"https:\\\/\\\/stade-tourismus.de\\\/de\\\/filmvorfuehrung-zum-thema-wohnen\\\/#breadcrumb\"},\"inLanguage\":\"de\",\"potentialAction\":[{\"@type\":\"ReadAction\",\"target\":[\"https:\\\/\\\/stade-tourismus.de\\\/de\\\/filmvorfuehrung-zum-thema-wohnen\\\/\"]}]},{\"@type\":\"ImageObject\",\"inLanguage\":\"de\",\"@id\":\"https:\\\/\\\/stade-tourismus.de\\\/de\\\/filmvorfuehrung-zum-thema-wohnen\\\/#primaryimage\",\"url\":\"https:\\\/\\\/stade-tourismus.de\\\/wp-content\\\/uploads\\\/2023\\\/10\\\/Einladung_06.10_Push_Flyer.jpg\",\"contentUrl\":\"https:\\\/\\\/stade-tourismus.de\\\/wp-content\\\/uploads\\\/2023\\\/10\\\/Einladung_06.10_Push_Flyer.jpg\",\"width\":1190,\"height\":1683},{\"@type\":\"BreadcrumbList\",\"@id\":\"https:\\\/\\\/stade-tourismus.de\\\/de\\\/filmvorfuehrung-zum-thema-wohnen\\\/#breadcrumb\",\"itemListElement\":[{\"@type\":\"ListItem\",\"position\":1,\"name\":\"Startseite\",\"item\":\"https:\\\/\\\/stade-tourismus.de\\\/de\\\/\"},{\"@type\":\"ListItem\",\"position\":2,\"name\":\"Filmvorf\u00fchrung zum Thema Wohnen\"}]},{\"@type\":\"WebSite\",\"@id\":\"https:\\\/\\\/stade-tourismus.de\\\/de\\\/#website\",\"url\":\"https:\\\/\\\/stade-tourismus.de\\\/de\\\/\",\"name\":\"STADE Marketing und Tourismus\",\"description\":\"\",\"publisher\":{\"@id\":\"https:\\\/\\\/stade-tourismus.de\\\/de\\\/#organization\"},\"potentialAction\":[{\"@type\":\"SearchAction\",\"target\":{\"@type\":\"EntryPoint\",\"urlTemplate\":\"https:\\\/\\\/stade-tourismus.de\\\/de\\\/?s={search_term_string}\"},\"query-input\":{\"@type\":\"PropertyValueSpecification\",\"valueRequired\":true,\"valueName\":\"search_term_string\"}}],\"inLanguage\":\"de\"},{\"@type\":\"Organization\",\"@id\":\"https:\\\/\\\/stade-tourismus.de\\\/de\\\/#organization\",\"name\":\"STADE Marketing und Tourismus GmbH\",\"url\":\"https:\\\/\\\/stade-tourismus.de\\\/de\\\/\",\"logo\":{\"@type\":\"ImageObject\",\"inLanguage\":\"de\",\"@id\":\"https:\\\/\\\/stade-tourismus.de\\\/de\\\/#\\\/schema\\\/logo\\\/image\\\/\",\"url\":\"http:\\\/\\\/stadetouri.webhost.city-map.com\\\/wp-content\\\/uploads\\\/2021\\\/03\\\/logo-300b.png\",\"contentUrl\":\"http:\\\/\\\/stadetouri.webhost.city-map.com\\\/wp-content\\\/uploads\\\/2021\\\/03\\\/logo-300b.png\",\"width\":300,\"height\":42,\"caption\":\"STADE Marketing und Tourismus GmbH\"},\"image\":{\"@id\":\"https:\\\/\\\/stade-tourismus.de\\\/de\\\/#\\\/schema\\\/logo\\\/image\\\/\"},\"sameAs\":[\"https:\\\/\\\/www.facebook.com\\\/stade.tourismus\",\"https:\\\/\\\/www.instagram.com\\\/stade_frischer_wind\\\/\",\"https:\\\/\\\/www.youtube.com\\\/results?search_query=stade tourismus\"]},{\"@type\":\"Person\",\"@id\":\"https:\\\/\\\/stade-tourismus.de\\\/de\\\/#\\\/schema\\\/person\\\/e231f47b8e7acb612b388f505b6144ef\",\"name\":\"bellmann\"}]}<\/script>\n<!-- \/ Yoast SEO plugin. -->","yoast_head_json":{"title":"Filmvorf\u00fchrung zum Thema Wohnen - STADE Marketing und Tourismus","description":"Die Gleichstellungsbeauftragte der Hansestadt Stade l\u00e4dt herzlich zur Filmvorf\u00fchrung von \u201ePUSH \u2013 F\u00fcr das Grundrecht auf Wohnen\u201c ein.","robots":{"index":"index","follow":"follow","max-snippet":"max-snippet:-1","max-image-preview":"max-image-preview:large","max-video-preview":"max-video-preview:-1"},"canonical":"https:\/\/stade-tourismus.de\/de\/filmvorfuehrung-zum-thema-wohnen\/","og_locale":"de_DE","og_type":"article","og_title":"Filmvorf\u00fchrung zum Thema Wohnen - STADE Marketing und Tourismus","og_description":"Die Gleichstellungsbeauftragte der Hansestadt Stade l\u00e4dt herzlich zur Filmvorf\u00fchrung von \u201ePUSH \u2013 F\u00fcr das Grundrecht auf Wohnen\u201c ein.","og_url":"https:\/\/stade-tourismus.de\/de\/filmvorfuehrung-zum-thema-wohnen\/","og_site_name":"STADE Marketing und Tourismus","article_publisher":"https:\/\/www.facebook.com\/stade.tourismus","article_published_time":"2023-10-01T15:01:46+00:00","article_modified_time":"2023-10-05T15:06:17+00:00","og_image":[{"width":1190,"height":1683,"url":"https:\/\/stade-tourismus.de\/wp-content\/uploads\/2023\/10\/Einladung_06.10_Push_Flyer.jpg","type":"image\/jpeg"}],"author":"bellmann","twitter_card":"summary_large_image","schema":{"@context":"https:\/\/schema.org","@graph":[{"@type":"Article","@id":"https:\/\/stade-tourismus.de\/de\/filmvorfuehrung-zum-thema-wohnen\/#article","isPartOf":{"@id":"https:\/\/stade-tourismus.de\/de\/filmvorfuehrung-zum-thema-wohnen\/"},"author":{"name":"bellmann","@id":"https:\/\/stade-tourismus.de\/de\/#\/schema\/person\/e231f47b8e7acb612b388f505b6144ef"},"headline":"Filmvorf\u00fchrung zum Thema Wohnen","datePublished":"2023-10-01T15:01:46+00:00","dateModified":"2023-10-05T15:06:17+00:00","mainEntityOfPage":{"@id":"https:\/\/stade-tourismus.de\/de\/filmvorfuehrung-zum-thema-wohnen\/"},"wordCount":160,"publisher":{"@id":"https:\/\/stade-tourismus.de\/de\/#organization"},"image":{"@id":"https:\/\/stade-tourismus.de\/de\/filmvorfuehrung-zum-thema-wohnen\/#primaryimage"},"thumbnailUrl":"https:\/\/stade-tourismus.de\/wp-content\/uploads\/2023\/10\/Einladung_06.10_Push_Flyer.jpg","keywords":["2023","Stade"],"articleSection":["Stade-Schnack","Unkategorisiert"],"inLanguage":"de"},{"@type":"WebPage","@id":"https:\/\/stade-tourismus.de\/de\/filmvorfuehrung-zum-thema-wohnen\/","url":"https:\/\/stade-tourismus.de\/de\/filmvorfuehrung-zum-thema-wohnen\/","name":"Filmvorf\u00fchrung zum Thema Wohnen - STADE Marketing und Tourismus","isPartOf":{"@id":"https:\/\/stade-tourismus.de\/de\/#website"},"primaryImageOfPage":{"@id":"https:\/\/stade-tourismus.de\/de\/filmvorfuehrung-zum-thema-wohnen\/#primaryimage"},"image":{"@id":"https:\/\/stade-tourismus.de\/de\/filmvorfuehrung-zum-thema-wohnen\/#primaryimage"},"thumbnailUrl":"https:\/\/stade-tourismus.de\/wp-content\/uploads\/2023\/10\/Einladung_06.10_Push_Flyer.jpg","datePublished":"2023-10-01T15:01:46+00:00","dateModified":"2023-10-05T15:06:17+00:00","description":"Die Gleichstellungsbeauftragte der Hansestadt Stade l\u00e4dt herzlich zur Filmvorf\u00fchrung von \u201ePUSH \u2013 F\u00fcr das Grundrecht auf Wohnen\u201c ein.","breadcrumb":{"@id":"https:\/\/stade-tourismus.de\/de\/filmvorfuehrung-zum-thema-wohnen\/#breadcrumb"},"inLanguage":"de","potentialAction":[{"@type":"ReadAction","target":["https:\/\/stade-tourismus.de\/de\/filmvorfuehrung-zum-thema-wohnen\/"]}]},{"@type":"ImageObject","inLanguage":"de","@id":"https:\/\/stade-tourismus.de\/de\/filmvorfuehrung-zum-thema-wohnen\/#primaryimage","url":"https:\/\/stade-tourismus.de\/wp-content\/uploads\/2023\/10\/Einladung_06.10_Push_Flyer.jpg","contentUrl":"https:\/\/stade-tourismus.de\/wp-content\/uploads\/2023\/10\/Einladung_06.10_Push_Flyer.jpg","width":1190,"height":1683},{"@type":"BreadcrumbList","@id":"https:\/\/stade-tourismus.de\/de\/filmvorfuehrung-zum-thema-wohnen\/#breadcrumb","itemListElement":[{"@type":"ListItem","position":1,"name":"Startseite","item":"https:\/\/stade-tourismus.de\/de\/"},{"@type":"ListItem","position":2,"name":"Filmvorf\u00fchrung zum Thema Wohnen"}]},{"@type":"WebSite","@id":"https:\/\/stade-tourismus.de\/de\/#website","url":"https:\/\/stade-tourismus.de\/de\/","name":"STADE Marketing und Tourismus","description":"","publisher":{"@id":"https:\/\/stade-tourismus.de\/de\/#organization"},"potentialAction":[{"@type":"SearchAction","target":{"@type":"EntryPoint","urlTemplate":"https:\/\/stade-tourismus.de\/de\/?s={search_term_string}"},"query-input":{"@type":"PropertyValueSpecification","valueRequired":true,"valueName":"search_term_string"}}],"inLanguage":"de"},{"@type":"Organization","@id":"https:\/\/stade-tourismus.de\/de\/#organization","name":"STADE Marketing und Tourismus GmbH","url":"https:\/\/stade-tourismus.de\/de\/","logo":{"@type":"ImageObject","inLanguage":"de","@id":"https:\/\/stade-tourismus.de\/de\/#\/schema\/logo\/image\/","url":"http:\/\/stadetouri.webhost.city-map.com\/wp-content\/uploads\/2021\/03\/logo-300b.png","contentUrl":"http:\/\/stadetouri.webhost.city-map.com\/wp-content\/uploads\/2021\/03\/logo-300b.png","width":300,"height":42,"caption":"STADE Marketing und Tourismus GmbH"},"image":{"@id":"https:\/\/stade-tourismus.de\/de\/#\/schema\/logo\/image\/"},"sameAs":["https:\/\/www.facebook.com\/stade.tourismus","https:\/\/www.instagram.com\/stade_frischer_wind\/","https:\/\/www.youtube.com\/results?search_query=stade tourismus"]},{"@type":"Person","@id":"https:\/\/stade-tourismus.de\/de\/#\/schema\/person\/e231f47b8e7acb612b388f505b6144ef","name":"bellmann"}]}},"_links":{"self":[{"href":"https:\/\/stade-tourismus.de\/de\/wp-json\/wp\/v2\/posts\/33180","targetHints":{"allow":["GET"]}}],"collection":[{"href":"https:\/\/stade-tourismus.de\/de\/wp-json\/wp\/v2\/posts"}],"about":[{"href":"https:\/\/stade-tourismus.de\/de\/wp-json\/wp\/v2\/types\/post"}],"author":[{"embeddable":true,"href":"https:\/\/stade-tourismus.de\/de\/wp-json\/wp\/v2\/users\/12"}],"replies":[{"embeddable":true,"href":"https:\/\/stade-tourismus.de\/de\/wp-json\/wp\/v2\/comments?post=33180"}],"version-history":[{"count":0,"href":"https:\/\/stade-tourismus.de\/de\/wp-json\/wp\/v2\/posts\/33180\/revisions"}],"wp:featuredmedia":[{"embeddable":true,"href":"https:\/\/stade-tourismus.de\/de\/wp-json\/wp\/v2\/media\/33181"}],"wp:attachment":[{"href":"https:\/\/stade-tourismus.de\/de\/wp-json\/wp\/v2\/media?parent=33180"}],"wp:term":[{"taxonomy":"category","embeddable":true,"href":"https:\/\/stade-tourismus.de\/de\/wp-json\/wp\/v2\/categories?post=33180"},{"taxonomy":"post_tag","embeddable":true,"href":"https:\/\/stade-tourismus.de\/de\/wp-json\/wp\/v2\/tags?post=33180"}],"curies":[{"name":"wp","href":"https:\/\/api.w.org\/{rel}","templated":true}]}}