{"id":33668,"date":"2023-10-21T22:35:45","date_gmt":"2023-10-21T20:35:45","guid":{"rendered":"https:\/\/www.stade-tourismus.de\/?p=33668"},"modified":"2023-11-05T22:36:07","modified_gmt":"2023-11-05T21:36:07","slug":"narrenkai-liest-in-stade","status":"publish","type":"post","link":"https:\/\/stade-tourismus.de\/de\/narrenkai-liest-in-stade\/","title":{"rendered":"Narrenkai liest in Stade"},"content":{"rendered":"\n<p>Am 11.11. wurde ein Narr geboren, und seit den 1980er Jahren zieht Kai Jordens \u2013 auch bekannt als &#8222;Narrenkai&#8220; \u2013 als Hofnarr und Gaukler durch die Welt. Seine abenteuerlichen Gastspiele f\u00fchrten ihn in jeden Winkel Deutschlands, quer durch Europa und sogar bis nach Japan, Taiwan und Dubai!<\/p>\n\n\n\n<p>Er ist Kinderbuchautor, Theaterschauspieler und Fernsehmoderator, aber seine wahre Leidenschaft geh\u00f6rt stets der Figur des Narren. Das Kost\u00fcm ist seine zweite Haut, und die Narrenfigur ist sein Lebenswerk.<\/p>\n\n\n\n<p>Jetzt hat Kai Jordens die unglaublichsten Geschichten aus diesem lebhaften K\u00fcnstlerleben zu Papier gebracht. Biographisches verschmilzt mit fantastischen Erz\u00e4hlungen, und nat\u00fcrlich schl\u00fcpft der Autor immer wieder in die Rolle des Narrenkai!<\/p>\n\n\n\n<p>Am Freitag, den 17. November, wird der Autor um 20 Uhr im Museum Schwedenspeicher Stade aus seinem Buch vorlesen. Die Lesung wird von der Kulturabteilung der Hansestadt Stade veranstaltet.<\/p>\n\n\n\n<p>Sichert euch eure Karten f\u00fcr nur 14 Euro bei uns in der Tourist-Information am Hafen.<\/p>\n\n\n\n<p>Verpasst nicht die Chance, die faszinierenden Abenteuer des Narrenkai hautnah zu erleben!<\/p>\n","protected":false},"excerpt":{"rendered":"<p>Am 11.11. wurde ein Narr geboren, und seit den 1980er Jahren zieht Kai Jordens \u2013 auch bekannt als &#8222;Narrenkai&#8220; \u2013 als Hofnarr und Gaukler durch die Welt. Seine abenteuerlichen Gastspiele f\u00fchrten ihn in jeden Winkel Deutschlands, quer durch Europa und sogar bis nach Japan, Taiwan und Dubai! Er ist Kinderbuchautor, Theaterschauspieler und Fernsehmoderator, aber seine [&hellip;]<\/p>\n","protected":false},"author":12,"featured_media":33669,"comment_status":"closed","ping_status":"closed","sticky":false,"template":"","format":"standard","meta":{"footnotes":""},"categories":[4],"tags":[84,192,193,76],"class_list":["post-33668","post","type-post","status-publish","format-standard","has-post-thumbnail","hentry","category-stade-schnack","tag-84","tag-kultur","tag-lesung","tag-stade"],"yoast_head":"<!-- This site is optimized with the Yoast SEO plugin v27.3 - https:\/\/yoast.com\/product\/yoast-seo-wordpress\/ -->\n<title>Narrenkai liest in Stade - STADE Marketing und Tourismus<\/title>\n<meta name=\"description\" content=\"Am 11.11. wurde ein Narr geboren, und seit den 80er Jahren zieht Kai Jordens \u2013 bekannt als &quot;Narrenkai&quot; \u2013 als Hofnarr durch die Welt.\" \/>\n<meta name=\"robots\" content=\"index, follow, max-snippet:-1, max-image-preview:large, max-video-preview:-1\" \/>\n<link rel=\"canonical\" href=\"https:\/\/stade-tourismus.de\/de\/narrenkai-liest-in-stade\/\" \/>\n<meta property=\"og:locale\" content=\"de_DE\" \/>\n<meta property=\"og:type\" content=\"article\" \/>\n<meta property=\"og:title\" content=\"Narrenkai liest in Stade - STADE Marketing und Tourismus\" \/>\n<meta property=\"og:description\" content=\"Am 11.11. wurde ein Narr geboren, und seit den 80er Jahren zieht Kai Jordens \u2013 bekannt als &quot;Narrenkai&quot; \u2013 als Hofnarr durch die Welt.\" \/>\n<meta property=\"og:url\" content=\"https:\/\/stade-tourismus.de\/de\/narrenkai-liest-in-stade\/\" \/>\n<meta property=\"og:site_name\" content=\"STADE Marketing und Tourismus\" \/>\n<meta property=\"article:publisher\" content=\"https:\/\/www.facebook.com\/stade.tourismus\" \/>\n<meta property=\"article:published_time\" content=\"2023-10-21T20:35:45+00:00\" \/>\n<meta property=\"article:modified_time\" content=\"2023-11-05T21:36:07+00:00\" \/>\n<meta property=\"og:image\" content=\"https:\/\/stade-tourismus.de\/wp-content\/uploads\/2023\/11\/Portrait-beideP002349884-scaled.jpg\" \/>\n\t<meta property=\"og:image:width\" content=\"2560\" \/>\n\t<meta property=\"og:image:height\" content=\"1706\" \/>\n\t<meta property=\"og:image:type\" content=\"image\/jpeg\" \/>\n<meta name=\"author\" content=\"bellmann\" \/>\n<meta name=\"twitter:card\" content=\"summary_large_image\" \/>\n<script type=\"application\/ld+json\" class=\"yoast-schema-graph\">{\"@context\":\"https:\\\/\\\/schema.org\",\"@graph\":[{\"@type\":\"Article\",\"@id\":\"https:\\\/\\\/stade-tourismus.de\\\/de\\\/narrenkai-liest-in-stade\\\/#article\",\"isPartOf\":{\"@id\":\"https:\\\/\\\/stade-tourismus.de\\\/de\\\/narrenkai-liest-in-stade\\\/\"},\"author\":{\"name\":\"bellmann\",\"@id\":\"https:\\\/\\\/stade-tourismus.de\\\/de\\\/#\\\/schema\\\/person\\\/e231f47b8e7acb612b388f505b6144ef\"},\"headline\":\"Narrenkai liest in Stade\",\"datePublished\":\"2023-10-21T20:35:45+00:00\",\"dateModified\":\"2023-11-05T21:36:07+00:00\",\"mainEntityOfPage\":{\"@id\":\"https:\\\/\\\/stade-tourismus.de\\\/de\\\/narrenkai-liest-in-stade\\\/\"},\"wordCount\":168,\"publisher\":{\"@id\":\"https:\\\/\\\/stade-tourismus.de\\\/de\\\/#organization\"},\"image\":{\"@id\":\"https:\\\/\\\/stade-tourismus.de\\\/de\\\/narrenkai-liest-in-stade\\\/#primaryimage\"},\"thumbnailUrl\":\"https:\\\/\\\/stade-tourismus.de\\\/wp-content\\\/uploads\\\/2023\\\/11\\\/Portrait-beideP002349884-scaled.jpg\",\"keywords\":[\"2023\",\"Kultur\",\"Lesung\",\"Stade\"],\"articleSection\":[\"Stade-Schnack\"],\"inLanguage\":\"de\"},{\"@type\":\"WebPage\",\"@id\":\"https:\\\/\\\/stade-tourismus.de\\\/de\\\/narrenkai-liest-in-stade\\\/\",\"url\":\"https:\\\/\\\/stade-tourismus.de\\\/de\\\/narrenkai-liest-in-stade\\\/\",\"name\":\"Narrenkai liest in Stade - STADE Marketing und Tourismus\",\"isPartOf\":{\"@id\":\"https:\\\/\\\/stade-tourismus.de\\\/de\\\/#website\"},\"primaryImageOfPage\":{\"@id\":\"https:\\\/\\\/stade-tourismus.de\\\/de\\\/narrenkai-liest-in-stade\\\/#primaryimage\"},\"image\":{\"@id\":\"https:\\\/\\\/stade-tourismus.de\\\/de\\\/narrenkai-liest-in-stade\\\/#primaryimage\"},\"thumbnailUrl\":\"https:\\\/\\\/stade-tourismus.de\\\/wp-content\\\/uploads\\\/2023\\\/11\\\/Portrait-beideP002349884-scaled.jpg\",\"datePublished\":\"2023-10-21T20:35:45+00:00\",\"dateModified\":\"2023-11-05T21:36:07+00:00\",\"description\":\"Am 11.11. wurde ein Narr geboren, und seit den 80er Jahren zieht Kai Jordens \u2013 bekannt als \\\"Narrenkai\\\" \u2013 als Hofnarr durch die Welt.\",\"breadcrumb\":{\"@id\":\"https:\\\/\\\/stade-tourismus.de\\\/de\\\/narrenkai-liest-in-stade\\\/#breadcrumb\"},\"inLanguage\":\"de\",\"potentialAction\":[{\"@type\":\"ReadAction\",\"target\":[\"https:\\\/\\\/stade-tourismus.de\\\/de\\\/narrenkai-liest-in-stade\\\/\"]}]},{\"@type\":\"ImageObject\",\"inLanguage\":\"de\",\"@id\":\"https:\\\/\\\/stade-tourismus.de\\\/de\\\/narrenkai-liest-in-stade\\\/#primaryimage\",\"url\":\"https:\\\/\\\/stade-tourismus.de\\\/wp-content\\\/uploads\\\/2023\\\/11\\\/Portrait-beideP002349884-scaled.jpg\",\"contentUrl\":\"https:\\\/\\\/stade-tourismus.de\\\/wp-content\\\/uploads\\\/2023\\\/11\\\/Portrait-beideP002349884-scaled.jpg\",\"width\":2560,\"height\":1706},{\"@type\":\"BreadcrumbList\",\"@id\":\"https:\\\/\\\/stade-tourismus.de\\\/de\\\/narrenkai-liest-in-stade\\\/#breadcrumb\",\"itemListElement\":[{\"@type\":\"ListItem\",\"position\":1,\"name\":\"Startseite\",\"item\":\"https:\\\/\\\/stade-tourismus.de\\\/de\\\/\"},{\"@type\":\"ListItem\",\"position\":2,\"name\":\"Narrenkai liest in Stade\"}]},{\"@type\":\"WebSite\",\"@id\":\"https:\\\/\\\/stade-tourismus.de\\\/de\\\/#website\",\"url\":\"https:\\\/\\\/stade-tourismus.de\\\/de\\\/\",\"name\":\"STADE Marketing und Tourismus\",\"description\":\"\",\"publisher\":{\"@id\":\"https:\\\/\\\/stade-tourismus.de\\\/de\\\/#organization\"},\"potentialAction\":[{\"@type\":\"SearchAction\",\"target\":{\"@type\":\"EntryPoint\",\"urlTemplate\":\"https:\\\/\\\/stade-tourismus.de\\\/de\\\/?s={search_term_string}\"},\"query-input\":{\"@type\":\"PropertyValueSpecification\",\"valueRequired\":true,\"valueName\":\"search_term_string\"}}],\"inLanguage\":\"de\"},{\"@type\":\"Organization\",\"@id\":\"https:\\\/\\\/stade-tourismus.de\\\/de\\\/#organization\",\"name\":\"STADE Marketing und Tourismus GmbH\",\"url\":\"https:\\\/\\\/stade-tourismus.de\\\/de\\\/\",\"logo\":{\"@type\":\"ImageObject\",\"inLanguage\":\"de\",\"@id\":\"https:\\\/\\\/stade-tourismus.de\\\/de\\\/#\\\/schema\\\/logo\\\/image\\\/\",\"url\":\"http:\\\/\\\/stadetouri.webhost.city-map.com\\\/wp-content\\\/uploads\\\/2021\\\/03\\\/logo-300b.png\",\"contentUrl\":\"http:\\\/\\\/stadetouri.webhost.city-map.com\\\/wp-content\\\/uploads\\\/2021\\\/03\\\/logo-300b.png\",\"width\":300,\"height\":42,\"caption\":\"STADE Marketing und Tourismus GmbH\"},\"image\":{\"@id\":\"https:\\\/\\\/stade-tourismus.de\\\/de\\\/#\\\/schema\\\/logo\\\/image\\\/\"},\"sameAs\":[\"https:\\\/\\\/www.facebook.com\\\/stade.tourismus\",\"https:\\\/\\\/www.instagram.com\\\/stade_frischer_wind\\\/\",\"https:\\\/\\\/www.youtube.com\\\/results?search_query=stade tourismus\"]},{\"@type\":\"Person\",\"@id\":\"https:\\\/\\\/stade-tourismus.de\\\/de\\\/#\\\/schema\\\/person\\\/e231f47b8e7acb612b388f505b6144ef\",\"name\":\"bellmann\"}]}<\/script>\n<!-- \/ Yoast SEO plugin. -->","yoast_head_json":{"title":"Narrenkai liest in Stade - STADE Marketing und Tourismus","description":"Am 11.11. wurde ein Narr geboren, und seit den 80er Jahren zieht Kai Jordens \u2013 bekannt als \"Narrenkai\" \u2013 als Hofnarr durch die Welt.","robots":{"index":"index","follow":"follow","max-snippet":"max-snippet:-1","max-image-preview":"max-image-preview:large","max-video-preview":"max-video-preview:-1"},"canonical":"https:\/\/stade-tourismus.de\/de\/narrenkai-liest-in-stade\/","og_locale":"de_DE","og_type":"article","og_title":"Narrenkai liest in Stade - STADE Marketing und Tourismus","og_description":"Am 11.11. wurde ein Narr geboren, und seit den 80er Jahren zieht Kai Jordens \u2013 bekannt als \"Narrenkai\" \u2013 als Hofnarr durch die Welt.","og_url":"https:\/\/stade-tourismus.de\/de\/narrenkai-liest-in-stade\/","og_site_name":"STADE Marketing und Tourismus","article_publisher":"https:\/\/www.facebook.com\/stade.tourismus","article_published_time":"2023-10-21T20:35:45+00:00","article_modified_time":"2023-11-05T21:36:07+00:00","og_image":[{"width":2560,"height":1706,"url":"https:\/\/stade-tourismus.de\/wp-content\/uploads\/2023\/11\/Portrait-beideP002349884-scaled.jpg","type":"image\/jpeg"}],"author":"bellmann","twitter_card":"summary_large_image","schema":{"@context":"https:\/\/schema.org","@graph":[{"@type":"Article","@id":"https:\/\/stade-tourismus.de\/de\/narrenkai-liest-in-stade\/#article","isPartOf":{"@id":"https:\/\/stade-tourismus.de\/de\/narrenkai-liest-in-stade\/"},"author":{"name":"bellmann","@id":"https:\/\/stade-tourismus.de\/de\/#\/schema\/person\/e231f47b8e7acb612b388f505b6144ef"},"headline":"Narrenkai liest in Stade","datePublished":"2023-10-21T20:35:45+00:00","dateModified":"2023-11-05T21:36:07+00:00","mainEntityOfPage":{"@id":"https:\/\/stade-tourismus.de\/de\/narrenkai-liest-in-stade\/"},"wordCount":168,"publisher":{"@id":"https:\/\/stade-tourismus.de\/de\/#organization"},"image":{"@id":"https:\/\/stade-tourismus.de\/de\/narrenkai-liest-in-stade\/#primaryimage"},"thumbnailUrl":"https:\/\/stade-tourismus.de\/wp-content\/uploads\/2023\/11\/Portrait-beideP002349884-scaled.jpg","keywords":["2023","Kultur","Lesung","Stade"],"articleSection":["Stade-Schnack"],"inLanguage":"de"},{"@type":"WebPage","@id":"https:\/\/stade-tourismus.de\/de\/narrenkai-liest-in-stade\/","url":"https:\/\/stade-tourismus.de\/de\/narrenkai-liest-in-stade\/","name":"Narrenkai liest in Stade - STADE Marketing und Tourismus","isPartOf":{"@id":"https:\/\/stade-tourismus.de\/de\/#website"},"primaryImageOfPage":{"@id":"https:\/\/stade-tourismus.de\/de\/narrenkai-liest-in-stade\/#primaryimage"},"image":{"@id":"https:\/\/stade-tourismus.de\/de\/narrenkai-liest-in-stade\/#primaryimage"},"thumbnailUrl":"https:\/\/stade-tourismus.de\/wp-content\/uploads\/2023\/11\/Portrait-beideP002349884-scaled.jpg","datePublished":"2023-10-21T20:35:45+00:00","dateModified":"2023-11-05T21:36:07+00:00","description":"Am 11.11. wurde ein Narr geboren, und seit den 80er Jahren zieht Kai Jordens \u2013 bekannt als \"Narrenkai\" \u2013 als Hofnarr durch die Welt.","breadcrumb":{"@id":"https:\/\/stade-tourismus.de\/de\/narrenkai-liest-in-stade\/#breadcrumb"},"inLanguage":"de","potentialAction":[{"@type":"ReadAction","target":["https:\/\/stade-tourismus.de\/de\/narrenkai-liest-in-stade\/"]}]},{"@type":"ImageObject","inLanguage":"de","@id":"https:\/\/stade-tourismus.de\/de\/narrenkai-liest-in-stade\/#primaryimage","url":"https:\/\/stade-tourismus.de\/wp-content\/uploads\/2023\/11\/Portrait-beideP002349884-scaled.jpg","contentUrl":"https:\/\/stade-tourismus.de\/wp-content\/uploads\/2023\/11\/Portrait-beideP002349884-scaled.jpg","width":2560,"height":1706},{"@type":"BreadcrumbList","@id":"https:\/\/stade-tourismus.de\/de\/narrenkai-liest-in-stade\/#breadcrumb","itemListElement":[{"@type":"ListItem","position":1,"name":"Startseite","item":"https:\/\/stade-tourismus.de\/de\/"},{"@type":"ListItem","position":2,"name":"Narrenkai liest in Stade"}]},{"@type":"WebSite","@id":"https:\/\/stade-tourismus.de\/de\/#website","url":"https:\/\/stade-tourismus.de\/de\/","name":"STADE Marketing und Tourismus","description":"","publisher":{"@id":"https:\/\/stade-tourismus.de\/de\/#organization"},"potentialAction":[{"@type":"SearchAction","target":{"@type":"EntryPoint","urlTemplate":"https:\/\/stade-tourismus.de\/de\/?s={search_term_string}"},"query-input":{"@type":"PropertyValueSpecification","valueRequired":true,"valueName":"search_term_string"}}],"inLanguage":"de"},{"@type":"Organization","@id":"https:\/\/stade-tourismus.de\/de\/#organization","name":"STADE Marketing und Tourismus GmbH","url":"https:\/\/stade-tourismus.de\/de\/","logo":{"@type":"ImageObject","inLanguage":"de","@id":"https:\/\/stade-tourismus.de\/de\/#\/schema\/logo\/image\/","url":"http:\/\/stadetouri.webhost.city-map.com\/wp-content\/uploads\/2021\/03\/logo-300b.png","contentUrl":"http:\/\/stadetouri.webhost.city-map.com\/wp-content\/uploads\/2021\/03\/logo-300b.png","width":300,"height":42,"caption":"STADE Marketing und Tourismus GmbH"},"image":{"@id":"https:\/\/stade-tourismus.de\/de\/#\/schema\/logo\/image\/"},"sameAs":["https:\/\/www.facebook.com\/stade.tourismus","https:\/\/www.instagram.com\/stade_frischer_wind\/","https:\/\/www.youtube.com\/results?search_query=stade tourismus"]},{"@type":"Person","@id":"https:\/\/stade-tourismus.de\/de\/#\/schema\/person\/e231f47b8e7acb612b388f505b6144ef","name":"bellmann"}]}},"_links":{"self":[{"href":"https:\/\/stade-tourismus.de\/de\/wp-json\/wp\/v2\/posts\/33668","targetHints":{"allow":["GET"]}}],"collection":[{"href":"https:\/\/stade-tourismus.de\/de\/wp-json\/wp\/v2\/posts"}],"about":[{"href":"https:\/\/stade-tourismus.de\/de\/wp-json\/wp\/v2\/types\/post"}],"author":[{"embeddable":true,"href":"https:\/\/stade-tourismus.de\/de\/wp-json\/wp\/v2\/users\/12"}],"replies":[{"embeddable":true,"href":"https:\/\/stade-tourismus.de\/de\/wp-json\/wp\/v2\/comments?post=33668"}],"version-history":[{"count":0,"href":"https:\/\/stade-tourismus.de\/de\/wp-json\/wp\/v2\/posts\/33668\/revisions"}],"wp:featuredmedia":[{"embeddable":true,"href":"https:\/\/stade-tourismus.de\/de\/wp-json\/wp\/v2\/media\/33669"}],"wp:attachment":[{"href":"https:\/\/stade-tourismus.de\/de\/wp-json\/wp\/v2\/media?parent=33668"}],"wp:term":[{"taxonomy":"category","embeddable":true,"href":"https:\/\/stade-tourismus.de\/de\/wp-json\/wp\/v2\/categories?post=33668"},{"taxonomy":"post_tag","embeddable":true,"href":"https:\/\/stade-tourismus.de\/de\/wp-json\/wp\/v2\/tags?post=33668"}],"curies":[{"name":"wp","href":"https:\/\/api.w.org\/{rel}","templated":true}]}}