{"id":33818,"date":"2023-11-27T19:30:00","date_gmt":"2023-11-27T18:30:00","guid":{"rendered":"https:\/\/www.stade-tourismus.de\/?p=33818"},"modified":"2023-12-04T15:09:09","modified_gmt":"2023-12-04T14:09:09","slug":"adventszauber-in-stade","status":"publish","type":"post","link":"https:\/\/stade-tourismus.de\/de\/adventszauber-in-stade\/","title":{"rendered":"Adventszauber in Stade"},"content":{"rendered":"\n<p>Die Vorfreude ist riesig \u2013 unser Weihnachtsmarkt \u00f6ffnet heute seine Pforten und verspr\u00fcht festliche Stimmung pur!<\/p>\n\n\n\n<p>Kunsthandwerkermarkt, Serviceclubs, Museum Schwedenspeicher und die Eisstockbahn warten darauf, von euch entdeckt zu werden.<\/p>\n\n\n\n<p>Taucht ein in die Welt zauberhafter Geschenkideen auf unserem Kunsthandwerkermarkt an den ersten drei Adventswochenenden. Hier wird Handgemachtes mit Liebe pr\u00e4sentiert! Au\u00dferdem stehen am Fischmarkt eine skandinavische Kunsthandwerkh\u00fctte und unsere beliebte Wechselh\u00fctte, an der euch st\u00e4ndig neue Kunsthandwerker ihre mit Liebe erstellten Kunstst\u00fccke pr\u00e4sentieren.<\/p>\n\n\n\n<p>Die Stader Serviceclubs \u00fcberraschen mit Ideen wie dem &#8222;Tree of Rememberance&#8220;, einer spannenden Tombola und verlockendem Punsch in gem\u00fctlicher H\u00fcttenatmosph\u00e4re am Pferdemarkt.<\/p>\n\n\n\n<p>Das Museum Schwedenspeicher hat f\u00fcr die kleinen Besucher ein abwechslungsreiches Programm vorbereitet \u2013 Weihnachtsfreude f\u00fcr Kids und Teens!<\/p>\n\n\n\n<p>Die Eisstockbahn wartet auf eure K\u00fcnste \u2013 messt euch auf dem Eis und erlebt fr\u00f6hliche Stunden mit Freunden und Familie.<\/p>\n\n\n\n<p>Habt ihr schon einmal euer Geschick beim Wett-Nageln unter Beweis gestellt? Besucht die Punschbude der Klapperina Kitchenbar am Stadthafen und findet es heraus!<\/p>\n\n\n\n<p>Mehr Informationen rund um unser Adventsgl\u00fcck findet ihr <a href=\"https:\/\/stade-tourismus.de\/de\/veranstaltungen-stade\/stadtfeste\/adventsglueck-in-stade\/?fbclid=IwAR2Odq2BXyYAOMEeu7mHr6utepQKxzm2unGjL89D5caPEij2JwlnrFw7JWY\" target=\"_blank\" rel=\"noreferrer noopener\"><strong>hier<\/strong><\/a>.<\/p>\n\n\n\n<p>Lasst uns gemeinsam die Vorweihnachtszeit in Stade genie\u00dfen und festliche Momente teilen!<\/p>\n\n\n\n<figure class=\"wp-block-gallery has-nested-images columns-default is-cropped wp-block-gallery-1 is-layout-flex wp-block-gallery-is-layout-flex\">\n<figure class=\"wp-block-image size-large\"><img fetchpriority=\"high\" decoding=\"async\" width=\"1024\" height=\"1024\" data-id=\"33820\" src=\"https:\/\/stade-tourismus.de\/wp-content\/uploads\/2023\/12\/406225066_866644158794921_1114655420375073758_n-1024x1024.jpeg\" alt=\"\" class=\"wp-image-33820\" srcset=\"https:\/\/stade-tourismus.de\/wp-content\/uploads\/2023\/12\/406225066_866644158794921_1114655420375073758_n-1024x1024.jpeg 1024w, https:\/\/stade-tourismus.de\/wp-content\/uploads\/2023\/12\/406225066_866644158794921_1114655420375073758_n-300x300.jpeg 300w, https:\/\/stade-tourismus.de\/wp-content\/uploads\/2023\/12\/406225066_866644158794921_1114655420375073758_n-150x150.jpeg 150w, https:\/\/stade-tourismus.de\/wp-content\/uploads\/2023\/12\/406225066_866644158794921_1114655420375073758_n-768x768.jpeg 768w, https:\/\/stade-tourismus.de\/wp-content\/uploads\/2023\/12\/406225066_866644158794921_1114655420375073758_n.jpeg 1080w\" sizes=\"(max-width: 1024px) 100vw, 1024px\" \/><\/figure>\n\n\n\n<figure class=\"wp-block-image size-large\"><img decoding=\"async\" width=\"1024\" height=\"1024\" data-id=\"33825\" src=\"https:\/\/stade-tourismus.de\/wp-content\/uploads\/2023\/12\/406134332_866644105461593_6667119564481709674_n-1024x1024.jpeg\" alt=\"\" class=\"wp-image-33825\" srcset=\"https:\/\/stade-tourismus.de\/wp-content\/uploads\/2023\/12\/406134332_866644105461593_6667119564481709674_n-1024x1024.jpeg 1024w, https:\/\/stade-tourismus.de\/wp-content\/uploads\/2023\/12\/406134332_866644105461593_6667119564481709674_n-300x300.jpeg 300w, https:\/\/stade-tourismus.de\/wp-content\/uploads\/2023\/12\/406134332_866644105461593_6667119564481709674_n-150x150.jpeg 150w, https:\/\/stade-tourismus.de\/wp-content\/uploads\/2023\/12\/406134332_866644105461593_6667119564481709674_n-768x768.jpeg 768w, https:\/\/stade-tourismus.de\/wp-content\/uploads\/2023\/12\/406134332_866644105461593_6667119564481709674_n.jpeg 1080w\" sizes=\"(max-width: 1024px) 100vw, 1024px\" \/><\/figure>\n\n\n\n<figure class=\"wp-block-image size-large\"><img decoding=\"async\" width=\"1024\" height=\"1024\" data-id=\"33821\" src=\"https:\/\/stade-tourismus.de\/wp-content\/uploads\/2023\/12\/406181164_866644085461595_3770523151792949604_n-1024x1024.jpeg\" alt=\"\" class=\"wp-image-33821\" srcset=\"https:\/\/stade-tourismus.de\/wp-content\/uploads\/2023\/12\/406181164_866644085461595_3770523151792949604_n-1024x1024.jpeg 1024w, https:\/\/stade-tourismus.de\/wp-content\/uploads\/2023\/12\/406181164_866644085461595_3770523151792949604_n-300x300.jpeg 300w, https:\/\/stade-tourismus.de\/wp-content\/uploads\/2023\/12\/406181164_866644085461595_3770523151792949604_n-150x150.jpeg 150w, https:\/\/stade-tourismus.de\/wp-content\/uploads\/2023\/12\/406181164_866644085461595_3770523151792949604_n-768x768.jpeg 768w, https:\/\/stade-tourismus.de\/wp-content\/uploads\/2023\/12\/406181164_866644085461595_3770523151792949604_n.jpeg 1080w\" sizes=\"(max-width: 1024px) 100vw, 1024px\" \/><\/figure>\n\n\n\n<figure class=\"wp-block-image size-large\"><img loading=\"lazy\" decoding=\"async\" width=\"1024\" height=\"1024\" data-id=\"33822\" src=\"https:\/\/stade-tourismus.de\/wp-content\/uploads\/2023\/12\/406192973_866644082128262_3281295894367069419_n-1024x1024.jpeg\" alt=\"\" class=\"wp-image-33822\" srcset=\"https:\/\/stade-tourismus.de\/wp-content\/uploads\/2023\/12\/406192973_866644082128262_3281295894367069419_n-1024x1024.jpeg 1024w, https:\/\/stade-tourismus.de\/wp-content\/uploads\/2023\/12\/406192973_866644082128262_3281295894367069419_n-300x300.jpeg 300w, https:\/\/stade-tourismus.de\/wp-content\/uploads\/2023\/12\/406192973_866644082128262_3281295894367069419_n-150x150.jpeg 150w, https:\/\/stade-tourismus.de\/wp-content\/uploads\/2023\/12\/406192973_866644082128262_3281295894367069419_n-768x768.jpeg 768w, https:\/\/stade-tourismus.de\/wp-content\/uploads\/2023\/12\/406192973_866644082128262_3281295894367069419_n.jpeg 1080w\" sizes=\"(max-width: 1024px) 100vw, 1024px\" \/><\/figure>\n\n\n\n<figure class=\"wp-block-image size-large\"><img loading=\"lazy\" decoding=\"async\" width=\"1024\" height=\"1024\" data-id=\"33824\" src=\"https:\/\/stade-tourismus.de\/wp-content\/uploads\/2023\/12\/405515629_866644115461592_2933046718498623886_n-1024x1024.jpeg\" alt=\"\" class=\"wp-image-33824\" srcset=\"https:\/\/stade-tourismus.de\/wp-content\/uploads\/2023\/12\/405515629_866644115461592_2933046718498623886_n-1024x1024.jpeg 1024w, https:\/\/stade-tourismus.de\/wp-content\/uploads\/2023\/12\/405515629_866644115461592_2933046718498623886_n-300x300.jpeg 300w, https:\/\/stade-tourismus.de\/wp-content\/uploads\/2023\/12\/405515629_866644115461592_2933046718498623886_n-150x150.jpeg 150w, https:\/\/stade-tourismus.de\/wp-content\/uploads\/2023\/12\/405515629_866644115461592_2933046718498623886_n-768x768.jpeg 768w, https:\/\/stade-tourismus.de\/wp-content\/uploads\/2023\/12\/405515629_866644115461592_2933046718498623886_n.jpeg 1080w\" sizes=\"(max-width: 1024px) 100vw, 1024px\" \/><\/figure>\n\n\n\n<figure class=\"wp-block-image size-large\"><img loading=\"lazy\" decoding=\"async\" width=\"1024\" height=\"1024\" data-id=\"33823\" src=\"https:\/\/stade-tourismus.de\/wp-content\/uploads\/2023\/12\/406198890_866644095461594_8413540608762418329_n-1024x1024.jpeg\" alt=\"\" class=\"wp-image-33823\" srcset=\"https:\/\/stade-tourismus.de\/wp-content\/uploads\/2023\/12\/406198890_866644095461594_8413540608762418329_n-1024x1024.jpeg 1024w, https:\/\/stade-tourismus.de\/wp-content\/uploads\/2023\/12\/406198890_866644095461594_8413540608762418329_n-300x300.jpeg 300w, https:\/\/stade-tourismus.de\/wp-content\/uploads\/2023\/12\/406198890_866644095461594_8413540608762418329_n-150x150.jpeg 150w, https:\/\/stade-tourismus.de\/wp-content\/uploads\/2023\/12\/406198890_866644095461594_8413540608762418329_n-768x768.jpeg 768w, https:\/\/stade-tourismus.de\/wp-content\/uploads\/2023\/12\/406198890_866644095461594_8413540608762418329_n.jpeg 1080w\" sizes=\"(max-width: 1024px) 100vw, 1024px\" \/><\/figure>\n<\/figure>\n","protected":false},"excerpt":{"rendered":"<p>Die Vorfreude ist riesig \u2013 unser Weihnachtsmarkt \u00f6ffnet heute seine Pforten und verspr\u00fcht festliche Stimmung pur! Kunsthandwerkermarkt, Serviceclubs, Museum Schwedenspeicher und die Eisstockbahn warten darauf, von euch entdeckt zu werden. Taucht ein in die Welt zauberhafter Geschenkideen auf unserem Kunsthandwerkermarkt an den ersten drei Adventswochenenden. Hier wird Handgemachtes mit Liebe pr\u00e4sentiert! Au\u00dferdem stehen am Fischmarkt [&hellip;]<\/p>\n","protected":false},"author":12,"featured_media":33819,"comment_status":"closed","ping_status":"closed","sticky":false,"template":"","format":"standard","meta":{"footnotes":""},"categories":[4],"tags":[84,76],"class_list":["post-33818","post","type-post","status-publish","format-standard","has-post-thumbnail","hentry","category-stade-schnack","tag-84","tag-stade"],"yoast_head":"<!-- This site is optimized with the Yoast SEO plugin v27.3 - https:\/\/yoast.com\/product\/yoast-seo-wordpress\/ -->\n<title>Adventszauber in Stade - STADE Marketing und Tourismus<\/title>\n<meta name=\"description\" content=\"Die Vorfreude ist riesig \u2013 unser Weihnachtsmarkt \u00f6ffnet heute seine Pforten und verspr\u00fcht festliche Stimmung pur!\" \/>\n<meta name=\"robots\" content=\"index, follow, max-snippet:-1, max-image-preview:large, max-video-preview:-1\" \/>\n<link rel=\"canonical\" href=\"https:\/\/stade-tourismus.de\/de\/adventszauber-in-stade\/\" \/>\n<meta property=\"og:locale\" content=\"de_DE\" \/>\n<meta property=\"og:type\" content=\"article\" \/>\n<meta property=\"og:title\" content=\"Adventszauber in Stade - STADE Marketing und Tourismus\" \/>\n<meta property=\"og:description\" content=\"Die Vorfreude ist riesig \u2013 unser Weihnachtsmarkt \u00f6ffnet heute seine Pforten und verspr\u00fcht festliche Stimmung pur!\" \/>\n<meta property=\"og:url\" content=\"https:\/\/stade-tourismus.de\/de\/adventszauber-in-stade\/\" \/>\n<meta property=\"og:site_name\" content=\"STADE Marketing und Tourismus\" \/>\n<meta property=\"article:publisher\" content=\"https:\/\/www.facebook.com\/stade.tourismus\" \/>\n<meta property=\"article:published_time\" content=\"2023-11-27T18:30:00+00:00\" \/>\n<meta property=\"article:modified_time\" content=\"2023-12-04T14:09:09+00:00\" \/>\n<meta property=\"og:image\" content=\"https:\/\/stade-tourismus.de\/wp-content\/uploads\/2023\/12\/395471208_846625707463433_5158817010084754387_n.jpeg\" \/>\n\t<meta property=\"og:image:width\" content=\"1215\" \/>\n\t<meta property=\"og:image:height\" content=\"1215\" \/>\n\t<meta property=\"og:image:type\" content=\"image\/jpeg\" \/>\n<meta name=\"author\" content=\"bellmann\" \/>\n<meta name=\"twitter:card\" content=\"summary_large_image\" \/>\n<script type=\"application\/ld+json\" class=\"yoast-schema-graph\">{\"@context\":\"https:\\\/\\\/schema.org\",\"@graph\":[{\"@type\":\"Article\",\"@id\":\"https:\\\/\\\/stade-tourismus.de\\\/de\\\/adventszauber-in-stade\\\/#article\",\"isPartOf\":{\"@id\":\"https:\\\/\\\/stade-tourismus.de\\\/de\\\/adventszauber-in-stade\\\/\"},\"author\":{\"name\":\"bellmann\",\"@id\":\"https:\\\/\\\/stade-tourismus.de\\\/de\\\/#\\\/schema\\\/person\\\/e231f47b8e7acb612b388f505b6144ef\"},\"headline\":\"Adventszauber in Stade\",\"datePublished\":\"2023-11-27T18:30:00+00:00\",\"dateModified\":\"2023-12-04T14:09:09+00:00\",\"mainEntityOfPage\":{\"@id\":\"https:\\\/\\\/stade-tourismus.de\\\/de\\\/adventszauber-in-stade\\\/\"},\"wordCount\":195,\"publisher\":{\"@id\":\"https:\\\/\\\/stade-tourismus.de\\\/de\\\/#organization\"},\"image\":{\"@id\":\"https:\\\/\\\/stade-tourismus.de\\\/de\\\/adventszauber-in-stade\\\/#primaryimage\"},\"thumbnailUrl\":\"https:\\\/\\\/stade-tourismus.de\\\/wp-content\\\/uploads\\\/2023\\\/12\\\/395471208_846625707463433_5158817010084754387_n.jpeg\",\"keywords\":[\"2023\",\"Stade\"],\"articleSection\":[\"Stade-Schnack\"],\"inLanguage\":\"de\"},{\"@type\":\"WebPage\",\"@id\":\"https:\\\/\\\/stade-tourismus.de\\\/de\\\/adventszauber-in-stade\\\/\",\"url\":\"https:\\\/\\\/stade-tourismus.de\\\/de\\\/adventszauber-in-stade\\\/\",\"name\":\"Adventszauber in Stade - STADE Marketing und Tourismus\",\"isPartOf\":{\"@id\":\"https:\\\/\\\/stade-tourismus.de\\\/de\\\/#website\"},\"primaryImageOfPage\":{\"@id\":\"https:\\\/\\\/stade-tourismus.de\\\/de\\\/adventszauber-in-stade\\\/#primaryimage\"},\"image\":{\"@id\":\"https:\\\/\\\/stade-tourismus.de\\\/de\\\/adventszauber-in-stade\\\/#primaryimage\"},\"thumbnailUrl\":\"https:\\\/\\\/stade-tourismus.de\\\/wp-content\\\/uploads\\\/2023\\\/12\\\/395471208_846625707463433_5158817010084754387_n.jpeg\",\"datePublished\":\"2023-11-27T18:30:00+00:00\",\"dateModified\":\"2023-12-04T14:09:09+00:00\",\"description\":\"Die Vorfreude ist riesig \u2013 unser Weihnachtsmarkt \u00f6ffnet heute seine Pforten und verspr\u00fcht festliche Stimmung pur!\",\"breadcrumb\":{\"@id\":\"https:\\\/\\\/stade-tourismus.de\\\/de\\\/adventszauber-in-stade\\\/#breadcrumb\"},\"inLanguage\":\"de\",\"potentialAction\":[{\"@type\":\"ReadAction\",\"target\":[\"https:\\\/\\\/stade-tourismus.de\\\/de\\\/adventszauber-in-stade\\\/\"]}]},{\"@type\":\"ImageObject\",\"inLanguage\":\"de\",\"@id\":\"https:\\\/\\\/stade-tourismus.de\\\/de\\\/adventszauber-in-stade\\\/#primaryimage\",\"url\":\"https:\\\/\\\/stade-tourismus.de\\\/wp-content\\\/uploads\\\/2023\\\/12\\\/395471208_846625707463433_5158817010084754387_n.jpeg\",\"contentUrl\":\"https:\\\/\\\/stade-tourismus.de\\\/wp-content\\\/uploads\\\/2023\\\/12\\\/395471208_846625707463433_5158817010084754387_n.jpeg\",\"width\":1215,\"height\":1215,\"caption\":\"\u00a9 TWINZ\"},{\"@type\":\"BreadcrumbList\",\"@id\":\"https:\\\/\\\/stade-tourismus.de\\\/de\\\/adventszauber-in-stade\\\/#breadcrumb\",\"itemListElement\":[{\"@type\":\"ListItem\",\"position\":1,\"name\":\"Startseite\",\"item\":\"https:\\\/\\\/stade-tourismus.de\\\/de\\\/\"},{\"@type\":\"ListItem\",\"position\":2,\"name\":\"Adventszauber in Stade\"}]},{\"@type\":\"WebSite\",\"@id\":\"https:\\\/\\\/stade-tourismus.de\\\/de\\\/#website\",\"url\":\"https:\\\/\\\/stade-tourismus.de\\\/de\\\/\",\"name\":\"STADE Marketing und Tourismus\",\"description\":\"\",\"publisher\":{\"@id\":\"https:\\\/\\\/stade-tourismus.de\\\/de\\\/#organization\"},\"potentialAction\":[{\"@type\":\"SearchAction\",\"target\":{\"@type\":\"EntryPoint\",\"urlTemplate\":\"https:\\\/\\\/stade-tourismus.de\\\/de\\\/?s={search_term_string}\"},\"query-input\":{\"@type\":\"PropertyValueSpecification\",\"valueRequired\":true,\"valueName\":\"search_term_string\"}}],\"inLanguage\":\"de\"},{\"@type\":\"Organization\",\"@id\":\"https:\\\/\\\/stade-tourismus.de\\\/de\\\/#organization\",\"name\":\"STADE Marketing und Tourismus GmbH\",\"url\":\"https:\\\/\\\/stade-tourismus.de\\\/de\\\/\",\"logo\":{\"@type\":\"ImageObject\",\"inLanguage\":\"de\",\"@id\":\"https:\\\/\\\/stade-tourismus.de\\\/de\\\/#\\\/schema\\\/logo\\\/image\\\/\",\"url\":\"http:\\\/\\\/stadetouri.webhost.city-map.com\\\/wp-content\\\/uploads\\\/2021\\\/03\\\/logo-300b.png\",\"contentUrl\":\"http:\\\/\\\/stadetouri.webhost.city-map.com\\\/wp-content\\\/uploads\\\/2021\\\/03\\\/logo-300b.png\",\"width\":300,\"height\":42,\"caption\":\"STADE Marketing und Tourismus GmbH\"},\"image\":{\"@id\":\"https:\\\/\\\/stade-tourismus.de\\\/de\\\/#\\\/schema\\\/logo\\\/image\\\/\"},\"sameAs\":[\"https:\\\/\\\/www.facebook.com\\\/stade.tourismus\",\"https:\\\/\\\/www.instagram.com\\\/stade_frischer_wind\\\/\",\"https:\\\/\\\/www.youtube.com\\\/results?search_query=stade tourismus\"]},{\"@type\":\"Person\",\"@id\":\"https:\\\/\\\/stade-tourismus.de\\\/de\\\/#\\\/schema\\\/person\\\/e231f47b8e7acb612b388f505b6144ef\",\"name\":\"bellmann\"}]}<\/script>\n<!-- \/ Yoast SEO plugin. -->","yoast_head_json":{"title":"Adventszauber in Stade - STADE Marketing und Tourismus","description":"Die Vorfreude ist riesig \u2013 unser Weihnachtsmarkt \u00f6ffnet heute seine Pforten und verspr\u00fcht festliche Stimmung pur!","robots":{"index":"index","follow":"follow","max-snippet":"max-snippet:-1","max-image-preview":"max-image-preview:large","max-video-preview":"max-video-preview:-1"},"canonical":"https:\/\/stade-tourismus.de\/de\/adventszauber-in-stade\/","og_locale":"de_DE","og_type":"article","og_title":"Adventszauber in Stade - STADE Marketing und Tourismus","og_description":"Die Vorfreude ist riesig \u2013 unser Weihnachtsmarkt \u00f6ffnet heute seine Pforten und verspr\u00fcht festliche Stimmung pur!","og_url":"https:\/\/stade-tourismus.de\/de\/adventszauber-in-stade\/","og_site_name":"STADE Marketing und Tourismus","article_publisher":"https:\/\/www.facebook.com\/stade.tourismus","article_published_time":"2023-11-27T18:30:00+00:00","article_modified_time":"2023-12-04T14:09:09+00:00","og_image":[{"width":1215,"height":1215,"url":"https:\/\/stade-tourismus.de\/wp-content\/uploads\/2023\/12\/395471208_846625707463433_5158817010084754387_n.jpeg","type":"image\/jpeg"}],"author":"bellmann","twitter_card":"summary_large_image","schema":{"@context":"https:\/\/schema.org","@graph":[{"@type":"Article","@id":"https:\/\/stade-tourismus.de\/de\/adventszauber-in-stade\/#article","isPartOf":{"@id":"https:\/\/stade-tourismus.de\/de\/adventszauber-in-stade\/"},"author":{"name":"bellmann","@id":"https:\/\/stade-tourismus.de\/de\/#\/schema\/person\/e231f47b8e7acb612b388f505b6144ef"},"headline":"Adventszauber in Stade","datePublished":"2023-11-27T18:30:00+00:00","dateModified":"2023-12-04T14:09:09+00:00","mainEntityOfPage":{"@id":"https:\/\/stade-tourismus.de\/de\/adventszauber-in-stade\/"},"wordCount":195,"publisher":{"@id":"https:\/\/stade-tourismus.de\/de\/#organization"},"image":{"@id":"https:\/\/stade-tourismus.de\/de\/adventszauber-in-stade\/#primaryimage"},"thumbnailUrl":"https:\/\/stade-tourismus.de\/wp-content\/uploads\/2023\/12\/395471208_846625707463433_5158817010084754387_n.jpeg","keywords":["2023","Stade"],"articleSection":["Stade-Schnack"],"inLanguage":"de"},{"@type":"WebPage","@id":"https:\/\/stade-tourismus.de\/de\/adventszauber-in-stade\/","url":"https:\/\/stade-tourismus.de\/de\/adventszauber-in-stade\/","name":"Adventszauber in Stade - STADE Marketing und Tourismus","isPartOf":{"@id":"https:\/\/stade-tourismus.de\/de\/#website"},"primaryImageOfPage":{"@id":"https:\/\/stade-tourismus.de\/de\/adventszauber-in-stade\/#primaryimage"},"image":{"@id":"https:\/\/stade-tourismus.de\/de\/adventszauber-in-stade\/#primaryimage"},"thumbnailUrl":"https:\/\/stade-tourismus.de\/wp-content\/uploads\/2023\/12\/395471208_846625707463433_5158817010084754387_n.jpeg","datePublished":"2023-11-27T18:30:00+00:00","dateModified":"2023-12-04T14:09:09+00:00","description":"Die Vorfreude ist riesig \u2013 unser Weihnachtsmarkt \u00f6ffnet heute seine Pforten und verspr\u00fcht festliche Stimmung pur!","breadcrumb":{"@id":"https:\/\/stade-tourismus.de\/de\/adventszauber-in-stade\/#breadcrumb"},"inLanguage":"de","potentialAction":[{"@type":"ReadAction","target":["https:\/\/stade-tourismus.de\/de\/adventszauber-in-stade\/"]}]},{"@type":"ImageObject","inLanguage":"de","@id":"https:\/\/stade-tourismus.de\/de\/adventszauber-in-stade\/#primaryimage","url":"https:\/\/stade-tourismus.de\/wp-content\/uploads\/2023\/12\/395471208_846625707463433_5158817010084754387_n.jpeg","contentUrl":"https:\/\/stade-tourismus.de\/wp-content\/uploads\/2023\/12\/395471208_846625707463433_5158817010084754387_n.jpeg","width":1215,"height":1215,"caption":"\u00a9 TWINZ"},{"@type":"BreadcrumbList","@id":"https:\/\/stade-tourismus.de\/de\/adventszauber-in-stade\/#breadcrumb","itemListElement":[{"@type":"ListItem","position":1,"name":"Startseite","item":"https:\/\/stade-tourismus.de\/de\/"},{"@type":"ListItem","position":2,"name":"Adventszauber in Stade"}]},{"@type":"WebSite","@id":"https:\/\/stade-tourismus.de\/de\/#website","url":"https:\/\/stade-tourismus.de\/de\/","name":"STADE Marketing und Tourismus","description":"","publisher":{"@id":"https:\/\/stade-tourismus.de\/de\/#organization"},"potentialAction":[{"@type":"SearchAction","target":{"@type":"EntryPoint","urlTemplate":"https:\/\/stade-tourismus.de\/de\/?s={search_term_string}"},"query-input":{"@type":"PropertyValueSpecification","valueRequired":true,"valueName":"search_term_string"}}],"inLanguage":"de"},{"@type":"Organization","@id":"https:\/\/stade-tourismus.de\/de\/#organization","name":"STADE Marketing und Tourismus GmbH","url":"https:\/\/stade-tourismus.de\/de\/","logo":{"@type":"ImageObject","inLanguage":"de","@id":"https:\/\/stade-tourismus.de\/de\/#\/schema\/logo\/image\/","url":"http:\/\/stadetouri.webhost.city-map.com\/wp-content\/uploads\/2021\/03\/logo-300b.png","contentUrl":"http:\/\/stadetouri.webhost.city-map.com\/wp-content\/uploads\/2021\/03\/logo-300b.png","width":300,"height":42,"caption":"STADE Marketing und Tourismus GmbH"},"image":{"@id":"https:\/\/stade-tourismus.de\/de\/#\/schema\/logo\/image\/"},"sameAs":["https:\/\/www.facebook.com\/stade.tourismus","https:\/\/www.instagram.com\/stade_frischer_wind\/","https:\/\/www.youtube.com\/results?search_query=stade tourismus"]},{"@type":"Person","@id":"https:\/\/stade-tourismus.de\/de\/#\/schema\/person\/e231f47b8e7acb612b388f505b6144ef","name":"bellmann"}]}},"_links":{"self":[{"href":"https:\/\/stade-tourismus.de\/de\/wp-json\/wp\/v2\/posts\/33818","targetHints":{"allow":["GET"]}}],"collection":[{"href":"https:\/\/stade-tourismus.de\/de\/wp-json\/wp\/v2\/posts"}],"about":[{"href":"https:\/\/stade-tourismus.de\/de\/wp-json\/wp\/v2\/types\/post"}],"author":[{"embeddable":true,"href":"https:\/\/stade-tourismus.de\/de\/wp-json\/wp\/v2\/users\/12"}],"replies":[{"embeddable":true,"href":"https:\/\/stade-tourismus.de\/de\/wp-json\/wp\/v2\/comments?post=33818"}],"version-history":[{"count":0,"href":"https:\/\/stade-tourismus.de\/de\/wp-json\/wp\/v2\/posts\/33818\/revisions"}],"wp:featuredmedia":[{"embeddable":true,"href":"https:\/\/stade-tourismus.de\/de\/wp-json\/wp\/v2\/media\/33819"}],"wp:attachment":[{"href":"https:\/\/stade-tourismus.de\/de\/wp-json\/wp\/v2\/media?parent=33818"}],"wp:term":[{"taxonomy":"category","embeddable":true,"href":"https:\/\/stade-tourismus.de\/de\/wp-json\/wp\/v2\/categories?post=33818"},{"taxonomy":"post_tag","embeddable":true,"href":"https:\/\/stade-tourismus.de\/de\/wp-json\/wp\/v2\/tags?post=33818"}],"curies":[{"name":"wp","href":"https:\/\/api.w.org\/{rel}","templated":true}]}}