{"id":34210,"date":"2023-12-19T19:58:00","date_gmt":"2023-12-19T18:58:00","guid":{"rendered":"https:\/\/www.stade-tourismus.de\/?p=34210"},"modified":"2024-01-08T13:12:48","modified_gmt":"2024-01-08T12:12:48","slug":"stades-vergessene-schaetze","status":"publish","type":"post","link":"https:\/\/stade-tourismus.de\/de\/stades-vergessene-schaetze\/","title":{"rendered":"Stades vergessene Sch\u00e4tze"},"content":{"rendered":"\n<p>Entdecke vergessene Sch\u00e4tze der Vergangenheit!<\/p>\n\n\n\n<p>Ab sofort k\u00f6nnt ihr eine arch\u00e4ologische Ausstellung in den Schaufenstern des charmanten Leerstandes in der Kleinen Schmiedestra\u00dfe 12 begutachten.<\/p>\n\n\n\n<p>Arch\u00e4ologie im Fenster!<\/p>\n\n\n\n<p>Die Ausstellung wird im Laufe der Zeit immer wieder neue &#8222;Stader&#8220; Themen pr\u00e4sentieren.<\/p>\n\n\n\n<p>Zum Auftakt dreht sich alles um Weihnachten &#8211; eine Reise in die festliche Vergangenheit!<\/p>\n\n\n\n<p>Erfahre, was man fr\u00fcher zu Weihnachten verschenkt hat und entdecke die einzigartigen Funde. Komm vorbei und lass dich von der kleinen, aber feinen Ausstellung verzaubern!<\/p>\n\n\n\n<p>Ein Blick ins Schaufenster auf die Relikte vergangener Tage verspricht eine spannende Reise durch die Geschichte Stades.<\/p>\n\n\n\n<p><strong>Wann?<\/strong> Ab sofort und ohne \u00d6ffnungszeiten!<\/p>\n\n\n\n<p><strong>Wo?<\/strong> Kleine Schmiedestra\u00dfe 12<\/p>\n","protected":false},"excerpt":{"rendered":"<p>Entdecke vergessene Sch\u00e4tze der Vergangenheit! Ab sofort k\u00f6nnt ihr eine arch\u00e4ologische Ausstellung in den Schaufenstern des charmanten Leerstandes in der Kleinen Schmiedestra\u00dfe 12 begutachten. Arch\u00e4ologie im Fenster! Die Ausstellung wird im Laufe der Zeit immer wieder neue &#8222;Stader&#8220; Themen pr\u00e4sentieren. Zum Auftakt dreht sich alles um Weihnachten &#8211; eine Reise in die festliche Vergangenheit! Erfahre, [&hellip;]<\/p>\n","protected":false},"author":12,"featured_media":34211,"comment_status":"closed","ping_status":"closed","sticky":false,"template":"","format":"standard","meta":{"footnotes":""},"categories":[4],"tags":[84,205,204,76],"class_list":["post-34210","post","type-post","status-publish","format-standard","has-post-thumbnail","hentry","category-stade-schnack","tag-84","tag-archaeologie","tag-ausstellung","tag-stade"],"yoast_head":"<!-- This site is optimized with the Yoast SEO plugin v27.3 - https:\/\/yoast.com\/product\/yoast-seo-wordpress\/ -->\n<title>Stades vergessene Sch\u00e4tze - STADE Marketing und Tourismus<\/title>\n<meta name=\"description\" content=\"Ab sofort k\u00f6nnt ihr eine arch\u00e4ologische Ausstellung in den Fenstern des charmanten Leerstandes in der Kleinen Schmiedestra\u00dfe 12 begutachten.\" \/>\n<meta name=\"robots\" content=\"index, follow, max-snippet:-1, max-image-preview:large, max-video-preview:-1\" \/>\n<link rel=\"canonical\" href=\"https:\/\/stade-tourismus.de\/de\/stades-vergessene-schaetze\/\" \/>\n<meta property=\"og:locale\" content=\"de_DE\" \/>\n<meta property=\"og:type\" content=\"article\" \/>\n<meta property=\"og:title\" content=\"Stades vergessene Sch\u00e4tze - STADE Marketing und Tourismus\" \/>\n<meta property=\"og:description\" content=\"Ab sofort k\u00f6nnt ihr eine arch\u00e4ologische Ausstellung in den Fenstern des charmanten Leerstandes in der Kleinen Schmiedestra\u00dfe 12 begutachten.\" \/>\n<meta property=\"og:url\" content=\"https:\/\/stade-tourismus.de\/de\/stades-vergessene-schaetze\/\" \/>\n<meta property=\"og:site_name\" content=\"STADE Marketing und Tourismus\" \/>\n<meta property=\"article:publisher\" content=\"https:\/\/www.facebook.com\/stade.tourismus\" \/>\n<meta property=\"article:published_time\" content=\"2023-12-19T18:58:00+00:00\" \/>\n<meta property=\"article:modified_time\" content=\"2024-01-08T12:12:48+00:00\" \/>\n<meta property=\"og:image\" content=\"https:\/\/stade-tourismus.de\/wp-content\/uploads\/2024\/01\/archaeologie-im-fenster-stade-23.jpeg\" \/>\n\t<meta property=\"og:image:width\" content=\"1153\" \/>\n\t<meta property=\"og:image:height\" content=\"1153\" \/>\n\t<meta property=\"og:image:type\" content=\"image\/jpeg\" \/>\n<meta name=\"author\" content=\"bellmann\" \/>\n<meta name=\"twitter:card\" content=\"summary_large_image\" \/>\n<script type=\"application\/ld+json\" class=\"yoast-schema-graph\">{\"@context\":\"https:\\\/\\\/schema.org\",\"@graph\":[{\"@type\":\"Article\",\"@id\":\"https:\\\/\\\/stade-tourismus.de\\\/de\\\/stades-vergessene-schaetze\\\/#article\",\"isPartOf\":{\"@id\":\"https:\\\/\\\/stade-tourismus.de\\\/de\\\/stades-vergessene-schaetze\\\/\"},\"author\":{\"name\":\"bellmann\",\"@id\":\"https:\\\/\\\/stade-tourismus.de\\\/de\\\/#\\\/schema\\\/person\\\/e231f47b8e7acb612b388f505b6144ef\"},\"headline\":\"Stades vergessene Sch\u00e4tze\",\"datePublished\":\"2023-12-19T18:58:00+00:00\",\"dateModified\":\"2024-01-08T12:12:48+00:00\",\"mainEntityOfPage\":{\"@id\":\"https:\\\/\\\/stade-tourismus.de\\\/de\\\/stades-vergessene-schaetze\\\/\"},\"wordCount\":116,\"publisher\":{\"@id\":\"https:\\\/\\\/stade-tourismus.de\\\/de\\\/#organization\"},\"image\":{\"@id\":\"https:\\\/\\\/stade-tourismus.de\\\/de\\\/stades-vergessene-schaetze\\\/#primaryimage\"},\"thumbnailUrl\":\"https:\\\/\\\/stade-tourismus.de\\\/wp-content\\\/uploads\\\/2024\\\/01\\\/archaeologie-im-fenster-stade-23.jpeg\",\"keywords\":[\"2023\",\"Arch\u00e4ologie\",\"Ausstellung\",\"Stade\"],\"articleSection\":[\"Stade-Schnack\"],\"inLanguage\":\"de\"},{\"@type\":\"WebPage\",\"@id\":\"https:\\\/\\\/stade-tourismus.de\\\/de\\\/stades-vergessene-schaetze\\\/\",\"url\":\"https:\\\/\\\/stade-tourismus.de\\\/de\\\/stades-vergessene-schaetze\\\/\",\"name\":\"Stades vergessene Sch\u00e4tze - STADE Marketing und Tourismus\",\"isPartOf\":{\"@id\":\"https:\\\/\\\/stade-tourismus.de\\\/de\\\/#website\"},\"primaryImageOfPage\":{\"@id\":\"https:\\\/\\\/stade-tourismus.de\\\/de\\\/stades-vergessene-schaetze\\\/#primaryimage\"},\"image\":{\"@id\":\"https:\\\/\\\/stade-tourismus.de\\\/de\\\/stades-vergessene-schaetze\\\/#primaryimage\"},\"thumbnailUrl\":\"https:\\\/\\\/stade-tourismus.de\\\/wp-content\\\/uploads\\\/2024\\\/01\\\/archaeologie-im-fenster-stade-23.jpeg\",\"datePublished\":\"2023-12-19T18:58:00+00:00\",\"dateModified\":\"2024-01-08T12:12:48+00:00\",\"description\":\"Ab sofort k\u00f6nnt ihr eine arch\u00e4ologische Ausstellung in den Fenstern des charmanten Leerstandes in der Kleinen Schmiedestra\u00dfe 12 begutachten.\",\"breadcrumb\":{\"@id\":\"https:\\\/\\\/stade-tourismus.de\\\/de\\\/stades-vergessene-schaetze\\\/#breadcrumb\"},\"inLanguage\":\"de\",\"potentialAction\":[{\"@type\":\"ReadAction\",\"target\":[\"https:\\\/\\\/stade-tourismus.de\\\/de\\\/stades-vergessene-schaetze\\\/\"]}]},{\"@type\":\"ImageObject\",\"inLanguage\":\"de\",\"@id\":\"https:\\\/\\\/stade-tourismus.de\\\/de\\\/stades-vergessene-schaetze\\\/#primaryimage\",\"url\":\"https:\\\/\\\/stade-tourismus.de\\\/wp-content\\\/uploads\\\/2024\\\/01\\\/archaeologie-im-fenster-stade-23.jpeg\",\"contentUrl\":\"https:\\\/\\\/stade-tourismus.de\\\/wp-content\\\/uploads\\\/2024\\\/01\\\/archaeologie-im-fenster-stade-23.jpeg\",\"width\":1153,\"height\":1153},{\"@type\":\"BreadcrumbList\",\"@id\":\"https:\\\/\\\/stade-tourismus.de\\\/de\\\/stades-vergessene-schaetze\\\/#breadcrumb\",\"itemListElement\":[{\"@type\":\"ListItem\",\"position\":1,\"name\":\"Startseite\",\"item\":\"https:\\\/\\\/stade-tourismus.de\\\/de\\\/\"},{\"@type\":\"ListItem\",\"position\":2,\"name\":\"Stades vergessene Sch\u00e4tze\"}]},{\"@type\":\"WebSite\",\"@id\":\"https:\\\/\\\/stade-tourismus.de\\\/de\\\/#website\",\"url\":\"https:\\\/\\\/stade-tourismus.de\\\/de\\\/\",\"name\":\"STADE Marketing und Tourismus\",\"description\":\"\",\"publisher\":{\"@id\":\"https:\\\/\\\/stade-tourismus.de\\\/de\\\/#organization\"},\"potentialAction\":[{\"@type\":\"SearchAction\",\"target\":{\"@type\":\"EntryPoint\",\"urlTemplate\":\"https:\\\/\\\/stade-tourismus.de\\\/de\\\/?s={search_term_string}\"},\"query-input\":{\"@type\":\"PropertyValueSpecification\",\"valueRequired\":true,\"valueName\":\"search_term_string\"}}],\"inLanguage\":\"de\"},{\"@type\":\"Organization\",\"@id\":\"https:\\\/\\\/stade-tourismus.de\\\/de\\\/#organization\",\"name\":\"STADE Marketing und Tourismus GmbH\",\"url\":\"https:\\\/\\\/stade-tourismus.de\\\/de\\\/\",\"logo\":{\"@type\":\"ImageObject\",\"inLanguage\":\"de\",\"@id\":\"https:\\\/\\\/stade-tourismus.de\\\/de\\\/#\\\/schema\\\/logo\\\/image\\\/\",\"url\":\"http:\\\/\\\/stadetouri.webhost.city-map.com\\\/wp-content\\\/uploads\\\/2021\\\/03\\\/logo-300b.png\",\"contentUrl\":\"http:\\\/\\\/stadetouri.webhost.city-map.com\\\/wp-content\\\/uploads\\\/2021\\\/03\\\/logo-300b.png\",\"width\":300,\"height\":42,\"caption\":\"STADE Marketing und Tourismus GmbH\"},\"image\":{\"@id\":\"https:\\\/\\\/stade-tourismus.de\\\/de\\\/#\\\/schema\\\/logo\\\/image\\\/\"},\"sameAs\":[\"https:\\\/\\\/www.facebook.com\\\/stade.tourismus\",\"https:\\\/\\\/www.instagram.com\\\/stade_frischer_wind\\\/\",\"https:\\\/\\\/www.youtube.com\\\/results?search_query=stade tourismus\"]},{\"@type\":\"Person\",\"@id\":\"https:\\\/\\\/stade-tourismus.de\\\/de\\\/#\\\/schema\\\/person\\\/e231f47b8e7acb612b388f505b6144ef\",\"name\":\"bellmann\"}]}<\/script>\n<!-- \/ Yoast SEO plugin. -->","yoast_head_json":{"title":"Stades vergessene Sch\u00e4tze - STADE Marketing und Tourismus","description":"Ab sofort k\u00f6nnt ihr eine arch\u00e4ologische Ausstellung in den Fenstern des charmanten Leerstandes in der Kleinen Schmiedestra\u00dfe 12 begutachten.","robots":{"index":"index","follow":"follow","max-snippet":"max-snippet:-1","max-image-preview":"max-image-preview:large","max-video-preview":"max-video-preview:-1"},"canonical":"https:\/\/stade-tourismus.de\/de\/stades-vergessene-schaetze\/","og_locale":"de_DE","og_type":"article","og_title":"Stades vergessene Sch\u00e4tze - STADE Marketing und Tourismus","og_description":"Ab sofort k\u00f6nnt ihr eine arch\u00e4ologische Ausstellung in den Fenstern des charmanten Leerstandes in der Kleinen Schmiedestra\u00dfe 12 begutachten.","og_url":"https:\/\/stade-tourismus.de\/de\/stades-vergessene-schaetze\/","og_site_name":"STADE Marketing und Tourismus","article_publisher":"https:\/\/www.facebook.com\/stade.tourismus","article_published_time":"2023-12-19T18:58:00+00:00","article_modified_time":"2024-01-08T12:12:48+00:00","og_image":[{"width":1153,"height":1153,"url":"https:\/\/stade-tourismus.de\/wp-content\/uploads\/2024\/01\/archaeologie-im-fenster-stade-23.jpeg","type":"image\/jpeg"}],"author":"bellmann","twitter_card":"summary_large_image","schema":{"@context":"https:\/\/schema.org","@graph":[{"@type":"Article","@id":"https:\/\/stade-tourismus.de\/de\/stades-vergessene-schaetze\/#article","isPartOf":{"@id":"https:\/\/stade-tourismus.de\/de\/stades-vergessene-schaetze\/"},"author":{"name":"bellmann","@id":"https:\/\/stade-tourismus.de\/de\/#\/schema\/person\/e231f47b8e7acb612b388f505b6144ef"},"headline":"Stades vergessene Sch\u00e4tze","datePublished":"2023-12-19T18:58:00+00:00","dateModified":"2024-01-08T12:12:48+00:00","mainEntityOfPage":{"@id":"https:\/\/stade-tourismus.de\/de\/stades-vergessene-schaetze\/"},"wordCount":116,"publisher":{"@id":"https:\/\/stade-tourismus.de\/de\/#organization"},"image":{"@id":"https:\/\/stade-tourismus.de\/de\/stades-vergessene-schaetze\/#primaryimage"},"thumbnailUrl":"https:\/\/stade-tourismus.de\/wp-content\/uploads\/2024\/01\/archaeologie-im-fenster-stade-23.jpeg","keywords":["2023","Arch\u00e4ologie","Ausstellung","Stade"],"articleSection":["Stade-Schnack"],"inLanguage":"de"},{"@type":"WebPage","@id":"https:\/\/stade-tourismus.de\/de\/stades-vergessene-schaetze\/","url":"https:\/\/stade-tourismus.de\/de\/stades-vergessene-schaetze\/","name":"Stades vergessene Sch\u00e4tze - STADE Marketing und Tourismus","isPartOf":{"@id":"https:\/\/stade-tourismus.de\/de\/#website"},"primaryImageOfPage":{"@id":"https:\/\/stade-tourismus.de\/de\/stades-vergessene-schaetze\/#primaryimage"},"image":{"@id":"https:\/\/stade-tourismus.de\/de\/stades-vergessene-schaetze\/#primaryimage"},"thumbnailUrl":"https:\/\/stade-tourismus.de\/wp-content\/uploads\/2024\/01\/archaeologie-im-fenster-stade-23.jpeg","datePublished":"2023-12-19T18:58:00+00:00","dateModified":"2024-01-08T12:12:48+00:00","description":"Ab sofort k\u00f6nnt ihr eine arch\u00e4ologische Ausstellung in den Fenstern des charmanten Leerstandes in der Kleinen Schmiedestra\u00dfe 12 begutachten.","breadcrumb":{"@id":"https:\/\/stade-tourismus.de\/de\/stades-vergessene-schaetze\/#breadcrumb"},"inLanguage":"de","potentialAction":[{"@type":"ReadAction","target":["https:\/\/stade-tourismus.de\/de\/stades-vergessene-schaetze\/"]}]},{"@type":"ImageObject","inLanguage":"de","@id":"https:\/\/stade-tourismus.de\/de\/stades-vergessene-schaetze\/#primaryimage","url":"https:\/\/stade-tourismus.de\/wp-content\/uploads\/2024\/01\/archaeologie-im-fenster-stade-23.jpeg","contentUrl":"https:\/\/stade-tourismus.de\/wp-content\/uploads\/2024\/01\/archaeologie-im-fenster-stade-23.jpeg","width":1153,"height":1153},{"@type":"BreadcrumbList","@id":"https:\/\/stade-tourismus.de\/de\/stades-vergessene-schaetze\/#breadcrumb","itemListElement":[{"@type":"ListItem","position":1,"name":"Startseite","item":"https:\/\/stade-tourismus.de\/de\/"},{"@type":"ListItem","position":2,"name":"Stades vergessene Sch\u00e4tze"}]},{"@type":"WebSite","@id":"https:\/\/stade-tourismus.de\/de\/#website","url":"https:\/\/stade-tourismus.de\/de\/","name":"STADE Marketing und Tourismus","description":"","publisher":{"@id":"https:\/\/stade-tourismus.de\/de\/#organization"},"potentialAction":[{"@type":"SearchAction","target":{"@type":"EntryPoint","urlTemplate":"https:\/\/stade-tourismus.de\/de\/?s={search_term_string}"},"query-input":{"@type":"PropertyValueSpecification","valueRequired":true,"valueName":"search_term_string"}}],"inLanguage":"de"},{"@type":"Organization","@id":"https:\/\/stade-tourismus.de\/de\/#organization","name":"STADE Marketing und Tourismus GmbH","url":"https:\/\/stade-tourismus.de\/de\/","logo":{"@type":"ImageObject","inLanguage":"de","@id":"https:\/\/stade-tourismus.de\/de\/#\/schema\/logo\/image\/","url":"http:\/\/stadetouri.webhost.city-map.com\/wp-content\/uploads\/2021\/03\/logo-300b.png","contentUrl":"http:\/\/stadetouri.webhost.city-map.com\/wp-content\/uploads\/2021\/03\/logo-300b.png","width":300,"height":42,"caption":"STADE Marketing und Tourismus GmbH"},"image":{"@id":"https:\/\/stade-tourismus.de\/de\/#\/schema\/logo\/image\/"},"sameAs":["https:\/\/www.facebook.com\/stade.tourismus","https:\/\/www.instagram.com\/stade_frischer_wind\/","https:\/\/www.youtube.com\/results?search_query=stade tourismus"]},{"@type":"Person","@id":"https:\/\/stade-tourismus.de\/de\/#\/schema\/person\/e231f47b8e7acb612b388f505b6144ef","name":"bellmann"}]}},"_links":{"self":[{"href":"https:\/\/stade-tourismus.de\/de\/wp-json\/wp\/v2\/posts\/34210","targetHints":{"allow":["GET"]}}],"collection":[{"href":"https:\/\/stade-tourismus.de\/de\/wp-json\/wp\/v2\/posts"}],"about":[{"href":"https:\/\/stade-tourismus.de\/de\/wp-json\/wp\/v2\/types\/post"}],"author":[{"embeddable":true,"href":"https:\/\/stade-tourismus.de\/de\/wp-json\/wp\/v2\/users\/12"}],"replies":[{"embeddable":true,"href":"https:\/\/stade-tourismus.de\/de\/wp-json\/wp\/v2\/comments?post=34210"}],"version-history":[{"count":0,"href":"https:\/\/stade-tourismus.de\/de\/wp-json\/wp\/v2\/posts\/34210\/revisions"}],"wp:featuredmedia":[{"embeddable":true,"href":"https:\/\/stade-tourismus.de\/de\/wp-json\/wp\/v2\/media\/34211"}],"wp:attachment":[{"href":"https:\/\/stade-tourismus.de\/de\/wp-json\/wp\/v2\/media?parent=34210"}],"wp:term":[{"taxonomy":"category","embeddable":true,"href":"https:\/\/stade-tourismus.de\/de\/wp-json\/wp\/v2\/categories?post=34210"},{"taxonomy":"post_tag","embeddable":true,"href":"https:\/\/stade-tourismus.de\/de\/wp-json\/wp\/v2\/tags?post=34210"}],"curies":[{"name":"wp","href":"https:\/\/api.w.org\/{rel}","templated":true}]}}