{"id":35205,"date":"2024-03-06T11:44:38","date_gmt":"2024-03-06T10:44:38","guid":{"rendered":"https:\/\/stade-tourismus.de\/?p=35205"},"modified":"2024-03-06T11:56:00","modified_gmt":"2024-03-06T10:56:00","slug":"die-zukunft-des-pop-up-stores","status":"publish","type":"post","link":"https:\/\/stade-tourismus.de\/de\/die-zukunft-des-pop-up-stores\/","title":{"rendered":"Die Zukunft des Pop-up-Stores"},"content":{"rendered":"\n<p>Bald ist die \u00c4ra des Pop-up-Stores in Stade f\u00fcrs Erste vor\u00fcber! <\/p>\n\n\n\n<p>Unsere Zeit in der Gro\u00dfen Schmiedestra\u00dfe 30 neigt sich nun langsam dem Ende zu. Aber wir arbeiten schon flei\u00dfig an neuen Ideen \u2013 ob wir jetzt einen neuen Pop-up-Store suchen, liegt ganz bei euch!<\/p>\n\n\n\n<p>Brennt in den Stadern das Feuer des Unternehmertums?<\/p>\n\n\n\n<p>Ihr habt ein Konzept oder ein Produkt, dass ihr in Stade ausprobieren wollt?<\/p>\n\n\n\n<p>Das k\u00f6nnte eure Gelegenheit sein! Verpasst nicht diese Chance!<\/p>\n\n\n\n<p>Wenn ihr bereit seid, eure Kreativit\u00e4t zu entfesseln und euer Gesch\u00e4ft im Herzen von Stade zu pr\u00e4sentieren, schickt einfach bis zum 5. April eine E-Mail mit eurem Konzept und euren Kontaktdaten an plath@stade-marketing.de und zeigt euer Interesse!<\/p>\n\n\n\n<p>Bei gen\u00fcgend Interessenten werden wir nach einem neuen Laden suchen, der Euch die M\u00f6glichkeit gibt, euch auszuprobieren. Los geht&#8217;s, Stade!<\/p>\n","protected":false},"excerpt":{"rendered":"<p>Bald ist die \u00c4ra des Pop-up-Stores in Stade f\u00fcrs Erste vor\u00fcber! Unsere Zeit in der Gro\u00dfen Schmiedestra\u00dfe 30 neigt sich nun langsam dem Ende zu. Aber wir arbeiten schon flei\u00dfig an neuen Ideen \u2013 ob wir jetzt einen neuen Pop-up-Store suchen, liegt ganz bei euch! Brennt in den Stadern das Feuer des Unternehmertums? Ihr habt [&hellip;]<\/p>\n","protected":false},"author":12,"featured_media":35207,"comment_status":"closed","ping_status":"closed","sticky":false,"template":"","format":"standard","meta":{"footnotes":""},"categories":[4],"tags":[201,99,76],"class_list":["post-35205","post","type-post","status-publish","format-standard","has-post-thumbnail","hentry","category-stade-schnack","tag-201","tag-pop-up-store","tag-stade"],"yoast_head":"<!-- This site is optimized with the Yoast SEO plugin v27.3 - https:\/\/yoast.com\/product\/yoast-seo-wordpress\/ -->\n<title>Die Zukunft des Pop-up-Stores - STADE Marketing und Tourismus<\/title>\n<meta name=\"description\" content=\"Unsere Zeit in der Gro\u00dfen Schmiedestra\u00dfe neigt sich langsam dem Ende zu. Ob wir jetzt einen neuen Pop-up-Store suchen, liegt ganz bei euch!\" \/>\n<meta name=\"robots\" content=\"index, follow, max-snippet:-1, max-image-preview:large, max-video-preview:-1\" \/>\n<link rel=\"canonical\" href=\"https:\/\/stade-tourismus.de\/de\/die-zukunft-des-pop-up-stores\/\" \/>\n<meta property=\"og:locale\" content=\"de_DE\" \/>\n<meta property=\"og:type\" content=\"article\" \/>\n<meta property=\"og:title\" content=\"Die Zukunft des Pop-up-Stores - STADE Marketing und Tourismus\" \/>\n<meta property=\"og:description\" content=\"Unsere Zeit in der Gro\u00dfen Schmiedestra\u00dfe neigt sich langsam dem Ende zu. Ob wir jetzt einen neuen Pop-up-Store suchen, liegt ganz bei euch!\" \/>\n<meta property=\"og:url\" content=\"https:\/\/stade-tourismus.de\/de\/die-zukunft-des-pop-up-stores\/\" \/>\n<meta property=\"og:site_name\" content=\"STADE Marketing und Tourismus\" \/>\n<meta property=\"article:publisher\" content=\"https:\/\/www.facebook.com\/stade.tourismus\" \/>\n<meta property=\"article:published_time\" content=\"2024-03-06T10:44:38+00:00\" \/>\n<meta property=\"article:modified_time\" content=\"2024-03-06T10:56:00+00:00\" \/>\n<meta property=\"og:image\" content=\"https:\/\/stade-tourismus.de\/wp-content\/uploads\/2024\/03\/pop-up-store.jpeg\" \/>\n\t<meta property=\"og:image:width\" content=\"1080\" \/>\n\t<meta property=\"og:image:height\" content=\"1080\" \/>\n\t<meta property=\"og:image:type\" content=\"image\/jpeg\" \/>\n<meta name=\"author\" content=\"bellmann\" \/>\n<meta name=\"twitter:card\" content=\"summary_large_image\" \/>\n<script type=\"application\/ld+json\" class=\"yoast-schema-graph\">{\"@context\":\"https:\\\/\\\/schema.org\",\"@graph\":[{\"@type\":\"Article\",\"@id\":\"https:\\\/\\\/stade-tourismus.de\\\/de\\\/die-zukunft-des-pop-up-stores\\\/#article\",\"isPartOf\":{\"@id\":\"https:\\\/\\\/stade-tourismus.de\\\/de\\\/die-zukunft-des-pop-up-stores\\\/\"},\"author\":{\"name\":\"bellmann\",\"@id\":\"https:\\\/\\\/stade-tourismus.de\\\/de\\\/#\\\/schema\\\/person\\\/e231f47b8e7acb612b388f505b6144ef\"},\"headline\":\"Die Zukunft des Pop-up-Stores\",\"datePublished\":\"2024-03-06T10:44:38+00:00\",\"dateModified\":\"2024-03-06T10:56:00+00:00\",\"mainEntityOfPage\":{\"@id\":\"https:\\\/\\\/stade-tourismus.de\\\/de\\\/die-zukunft-des-pop-up-stores\\\/\"},\"wordCount\":147,\"publisher\":{\"@id\":\"https:\\\/\\\/stade-tourismus.de\\\/de\\\/#organization\"},\"image\":{\"@id\":\"https:\\\/\\\/stade-tourismus.de\\\/de\\\/die-zukunft-des-pop-up-stores\\\/#primaryimage\"},\"thumbnailUrl\":\"https:\\\/\\\/stade-tourismus.de\\\/wp-content\\\/uploads\\\/2024\\\/03\\\/pop-up-store.jpeg\",\"keywords\":[\"2024\",\"Pop-Up-Store\",\"Stade\"],\"articleSection\":[\"Stade-Schnack\"],\"inLanguage\":\"de\"},{\"@type\":\"WebPage\",\"@id\":\"https:\\\/\\\/stade-tourismus.de\\\/de\\\/die-zukunft-des-pop-up-stores\\\/\",\"url\":\"https:\\\/\\\/stade-tourismus.de\\\/de\\\/die-zukunft-des-pop-up-stores\\\/\",\"name\":\"Die Zukunft des Pop-up-Stores - STADE Marketing und Tourismus\",\"isPartOf\":{\"@id\":\"https:\\\/\\\/stade-tourismus.de\\\/de\\\/#website\"},\"primaryImageOfPage\":{\"@id\":\"https:\\\/\\\/stade-tourismus.de\\\/de\\\/die-zukunft-des-pop-up-stores\\\/#primaryimage\"},\"image\":{\"@id\":\"https:\\\/\\\/stade-tourismus.de\\\/de\\\/die-zukunft-des-pop-up-stores\\\/#primaryimage\"},\"thumbnailUrl\":\"https:\\\/\\\/stade-tourismus.de\\\/wp-content\\\/uploads\\\/2024\\\/03\\\/pop-up-store.jpeg\",\"datePublished\":\"2024-03-06T10:44:38+00:00\",\"dateModified\":\"2024-03-06T10:56:00+00:00\",\"description\":\"Unsere Zeit in der Gro\u00dfen Schmiedestra\u00dfe neigt sich langsam dem Ende zu. Ob wir jetzt einen neuen Pop-up-Store suchen, liegt ganz bei euch!\",\"breadcrumb\":{\"@id\":\"https:\\\/\\\/stade-tourismus.de\\\/de\\\/die-zukunft-des-pop-up-stores\\\/#breadcrumb\"},\"inLanguage\":\"de\",\"potentialAction\":[{\"@type\":\"ReadAction\",\"target\":[\"https:\\\/\\\/stade-tourismus.de\\\/de\\\/die-zukunft-des-pop-up-stores\\\/\"]}]},{\"@type\":\"ImageObject\",\"inLanguage\":\"de\",\"@id\":\"https:\\\/\\\/stade-tourismus.de\\\/de\\\/die-zukunft-des-pop-up-stores\\\/#primaryimage\",\"url\":\"https:\\\/\\\/stade-tourismus.de\\\/wp-content\\\/uploads\\\/2024\\\/03\\\/pop-up-store.jpeg\",\"contentUrl\":\"https:\\\/\\\/stade-tourismus.de\\\/wp-content\\\/uploads\\\/2024\\\/03\\\/pop-up-store.jpeg\",\"width\":1080,\"height\":1080},{\"@type\":\"BreadcrumbList\",\"@id\":\"https:\\\/\\\/stade-tourismus.de\\\/de\\\/die-zukunft-des-pop-up-stores\\\/#breadcrumb\",\"itemListElement\":[{\"@type\":\"ListItem\",\"position\":1,\"name\":\"Startseite\",\"item\":\"https:\\\/\\\/stade-tourismus.de\\\/de\\\/\"},{\"@type\":\"ListItem\",\"position\":2,\"name\":\"Die Zukunft des Pop-up-Stores\"}]},{\"@type\":\"WebSite\",\"@id\":\"https:\\\/\\\/stade-tourismus.de\\\/de\\\/#website\",\"url\":\"https:\\\/\\\/stade-tourismus.de\\\/de\\\/\",\"name\":\"STADE Marketing und Tourismus\",\"description\":\"\",\"publisher\":{\"@id\":\"https:\\\/\\\/stade-tourismus.de\\\/de\\\/#organization\"},\"potentialAction\":[{\"@type\":\"SearchAction\",\"target\":{\"@type\":\"EntryPoint\",\"urlTemplate\":\"https:\\\/\\\/stade-tourismus.de\\\/de\\\/?s={search_term_string}\"},\"query-input\":{\"@type\":\"PropertyValueSpecification\",\"valueRequired\":true,\"valueName\":\"search_term_string\"}}],\"inLanguage\":\"de\"},{\"@type\":\"Organization\",\"@id\":\"https:\\\/\\\/stade-tourismus.de\\\/de\\\/#organization\",\"name\":\"STADE Marketing und Tourismus GmbH\",\"url\":\"https:\\\/\\\/stade-tourismus.de\\\/de\\\/\",\"logo\":{\"@type\":\"ImageObject\",\"inLanguage\":\"de\",\"@id\":\"https:\\\/\\\/stade-tourismus.de\\\/de\\\/#\\\/schema\\\/logo\\\/image\\\/\",\"url\":\"http:\\\/\\\/stadetouri.webhost.city-map.com\\\/wp-content\\\/uploads\\\/2021\\\/03\\\/logo-300b.png\",\"contentUrl\":\"http:\\\/\\\/stadetouri.webhost.city-map.com\\\/wp-content\\\/uploads\\\/2021\\\/03\\\/logo-300b.png\",\"width\":300,\"height\":42,\"caption\":\"STADE Marketing und Tourismus GmbH\"},\"image\":{\"@id\":\"https:\\\/\\\/stade-tourismus.de\\\/de\\\/#\\\/schema\\\/logo\\\/image\\\/\"},\"sameAs\":[\"https:\\\/\\\/www.facebook.com\\\/stade.tourismus\",\"https:\\\/\\\/www.instagram.com\\\/stade_frischer_wind\\\/\",\"https:\\\/\\\/www.youtube.com\\\/results?search_query=stade tourismus\"]},{\"@type\":\"Person\",\"@id\":\"https:\\\/\\\/stade-tourismus.de\\\/de\\\/#\\\/schema\\\/person\\\/e231f47b8e7acb612b388f505b6144ef\",\"name\":\"bellmann\"}]}<\/script>\n<!-- \/ Yoast SEO plugin. -->","yoast_head_json":{"title":"Die Zukunft des Pop-up-Stores - STADE Marketing und Tourismus","description":"Unsere Zeit in der Gro\u00dfen Schmiedestra\u00dfe neigt sich langsam dem Ende zu. Ob wir jetzt einen neuen Pop-up-Store suchen, liegt ganz bei euch!","robots":{"index":"index","follow":"follow","max-snippet":"max-snippet:-1","max-image-preview":"max-image-preview:large","max-video-preview":"max-video-preview:-1"},"canonical":"https:\/\/stade-tourismus.de\/de\/die-zukunft-des-pop-up-stores\/","og_locale":"de_DE","og_type":"article","og_title":"Die Zukunft des Pop-up-Stores - STADE Marketing und Tourismus","og_description":"Unsere Zeit in der Gro\u00dfen Schmiedestra\u00dfe neigt sich langsam dem Ende zu. Ob wir jetzt einen neuen Pop-up-Store suchen, liegt ganz bei euch!","og_url":"https:\/\/stade-tourismus.de\/de\/die-zukunft-des-pop-up-stores\/","og_site_name":"STADE Marketing und Tourismus","article_publisher":"https:\/\/www.facebook.com\/stade.tourismus","article_published_time":"2024-03-06T10:44:38+00:00","article_modified_time":"2024-03-06T10:56:00+00:00","og_image":[{"width":1080,"height":1080,"url":"https:\/\/stade-tourismus.de\/wp-content\/uploads\/2024\/03\/pop-up-store.jpeg","type":"image\/jpeg"}],"author":"bellmann","twitter_card":"summary_large_image","schema":{"@context":"https:\/\/schema.org","@graph":[{"@type":"Article","@id":"https:\/\/stade-tourismus.de\/de\/die-zukunft-des-pop-up-stores\/#article","isPartOf":{"@id":"https:\/\/stade-tourismus.de\/de\/die-zukunft-des-pop-up-stores\/"},"author":{"name":"bellmann","@id":"https:\/\/stade-tourismus.de\/de\/#\/schema\/person\/e231f47b8e7acb612b388f505b6144ef"},"headline":"Die Zukunft des Pop-up-Stores","datePublished":"2024-03-06T10:44:38+00:00","dateModified":"2024-03-06T10:56:00+00:00","mainEntityOfPage":{"@id":"https:\/\/stade-tourismus.de\/de\/die-zukunft-des-pop-up-stores\/"},"wordCount":147,"publisher":{"@id":"https:\/\/stade-tourismus.de\/de\/#organization"},"image":{"@id":"https:\/\/stade-tourismus.de\/de\/die-zukunft-des-pop-up-stores\/#primaryimage"},"thumbnailUrl":"https:\/\/stade-tourismus.de\/wp-content\/uploads\/2024\/03\/pop-up-store.jpeg","keywords":["2024","Pop-Up-Store","Stade"],"articleSection":["Stade-Schnack"],"inLanguage":"de"},{"@type":"WebPage","@id":"https:\/\/stade-tourismus.de\/de\/die-zukunft-des-pop-up-stores\/","url":"https:\/\/stade-tourismus.de\/de\/die-zukunft-des-pop-up-stores\/","name":"Die Zukunft des Pop-up-Stores - STADE Marketing und Tourismus","isPartOf":{"@id":"https:\/\/stade-tourismus.de\/de\/#website"},"primaryImageOfPage":{"@id":"https:\/\/stade-tourismus.de\/de\/die-zukunft-des-pop-up-stores\/#primaryimage"},"image":{"@id":"https:\/\/stade-tourismus.de\/de\/die-zukunft-des-pop-up-stores\/#primaryimage"},"thumbnailUrl":"https:\/\/stade-tourismus.de\/wp-content\/uploads\/2024\/03\/pop-up-store.jpeg","datePublished":"2024-03-06T10:44:38+00:00","dateModified":"2024-03-06T10:56:00+00:00","description":"Unsere Zeit in der Gro\u00dfen Schmiedestra\u00dfe neigt sich langsam dem Ende zu. Ob wir jetzt einen neuen Pop-up-Store suchen, liegt ganz bei euch!","breadcrumb":{"@id":"https:\/\/stade-tourismus.de\/de\/die-zukunft-des-pop-up-stores\/#breadcrumb"},"inLanguage":"de","potentialAction":[{"@type":"ReadAction","target":["https:\/\/stade-tourismus.de\/de\/die-zukunft-des-pop-up-stores\/"]}]},{"@type":"ImageObject","inLanguage":"de","@id":"https:\/\/stade-tourismus.de\/de\/die-zukunft-des-pop-up-stores\/#primaryimage","url":"https:\/\/stade-tourismus.de\/wp-content\/uploads\/2024\/03\/pop-up-store.jpeg","contentUrl":"https:\/\/stade-tourismus.de\/wp-content\/uploads\/2024\/03\/pop-up-store.jpeg","width":1080,"height":1080},{"@type":"BreadcrumbList","@id":"https:\/\/stade-tourismus.de\/de\/die-zukunft-des-pop-up-stores\/#breadcrumb","itemListElement":[{"@type":"ListItem","position":1,"name":"Startseite","item":"https:\/\/stade-tourismus.de\/de\/"},{"@type":"ListItem","position":2,"name":"Die Zukunft des Pop-up-Stores"}]},{"@type":"WebSite","@id":"https:\/\/stade-tourismus.de\/de\/#website","url":"https:\/\/stade-tourismus.de\/de\/","name":"STADE Marketing und Tourismus","description":"","publisher":{"@id":"https:\/\/stade-tourismus.de\/de\/#organization"},"potentialAction":[{"@type":"SearchAction","target":{"@type":"EntryPoint","urlTemplate":"https:\/\/stade-tourismus.de\/de\/?s={search_term_string}"},"query-input":{"@type":"PropertyValueSpecification","valueRequired":true,"valueName":"search_term_string"}}],"inLanguage":"de"},{"@type":"Organization","@id":"https:\/\/stade-tourismus.de\/de\/#organization","name":"STADE Marketing und Tourismus GmbH","url":"https:\/\/stade-tourismus.de\/de\/","logo":{"@type":"ImageObject","inLanguage":"de","@id":"https:\/\/stade-tourismus.de\/de\/#\/schema\/logo\/image\/","url":"http:\/\/stadetouri.webhost.city-map.com\/wp-content\/uploads\/2021\/03\/logo-300b.png","contentUrl":"http:\/\/stadetouri.webhost.city-map.com\/wp-content\/uploads\/2021\/03\/logo-300b.png","width":300,"height":42,"caption":"STADE Marketing und Tourismus GmbH"},"image":{"@id":"https:\/\/stade-tourismus.de\/de\/#\/schema\/logo\/image\/"},"sameAs":["https:\/\/www.facebook.com\/stade.tourismus","https:\/\/www.instagram.com\/stade_frischer_wind\/","https:\/\/www.youtube.com\/results?search_query=stade tourismus"]},{"@type":"Person","@id":"https:\/\/stade-tourismus.de\/de\/#\/schema\/person\/e231f47b8e7acb612b388f505b6144ef","name":"bellmann"}]}},"_links":{"self":[{"href":"https:\/\/stade-tourismus.de\/de\/wp-json\/wp\/v2\/posts\/35205","targetHints":{"allow":["GET"]}}],"collection":[{"href":"https:\/\/stade-tourismus.de\/de\/wp-json\/wp\/v2\/posts"}],"about":[{"href":"https:\/\/stade-tourismus.de\/de\/wp-json\/wp\/v2\/types\/post"}],"author":[{"embeddable":true,"href":"https:\/\/stade-tourismus.de\/de\/wp-json\/wp\/v2\/users\/12"}],"replies":[{"embeddable":true,"href":"https:\/\/stade-tourismus.de\/de\/wp-json\/wp\/v2\/comments?post=35205"}],"version-history":[{"count":0,"href":"https:\/\/stade-tourismus.de\/de\/wp-json\/wp\/v2\/posts\/35205\/revisions"}],"wp:featuredmedia":[{"embeddable":true,"href":"https:\/\/stade-tourismus.de\/de\/wp-json\/wp\/v2\/media\/35207"}],"wp:attachment":[{"href":"https:\/\/stade-tourismus.de\/de\/wp-json\/wp\/v2\/media?parent=35205"}],"wp:term":[{"taxonomy":"category","embeddable":true,"href":"https:\/\/stade-tourismus.de\/de\/wp-json\/wp\/v2\/categories?post=35205"},{"taxonomy":"post_tag","embeddable":true,"href":"https:\/\/stade-tourismus.de\/de\/wp-json\/wp\/v2\/tags?post=35205"}],"curies":[{"name":"wp","href":"https:\/\/api.w.org\/{rel}","templated":true}]}}