{"id":35215,"date":"2024-03-06T12:13:06","date_gmt":"2024-03-06T11:13:06","guid":{"rendered":"https:\/\/stade-tourismus.de\/?p=35215"},"modified":"2024-03-06T12:14:06","modified_gmt":"2024-03-06T11:14:06","slug":"jugend-musiziert","status":"publish","type":"post","link":"https:\/\/stade-tourismus.de\/de\/jugend-musiziert\/","title":{"rendered":"Jugend musiziert"},"content":{"rendered":"\n<p>Der 61. Landeswettbewerb Jugend musiziert Niedersachsen steht an! Vom 7. bis 10. M\u00e4rz werden rund 350 junge Musikerinnen und Musiker Hannover mit ihrer Musik verzaubern.<\/p>\n\n\n\n<p>Die Atmosph\u00e4re ist geladen mit Motivation, Freude und nat\u00fcrlich ein wenig Lampenfieber!<\/p>\n\n\n\n<p>Das Preistr\u00e4gerkonzert in Stade findet am Sonntag, den 28. April, um 16 Uhr im K\u00f6nigsmarcksaal im Historischen Rathaus statt.<\/p>\n\n\n\n<p>Der Eintritt ist frei!<\/p>\n\n\n\n<p>Erlebt die Spitzenleistungen der jungen Musik-Talente live!<\/p>\n\n\n\n<p>Seid dabei und lasst euch von der Kraft der Musik begeistern!<\/p>\n","protected":false},"excerpt":{"rendered":"<p>Der 61. Landeswettbewerb Jugend musiziert Niedersachsen steht an! Vom 7. bis 10. M\u00e4rz werden rund 350 junge Musikerinnen und Musiker Hannover mit ihrer Musik verzaubern. Die Atmosph\u00e4re ist geladen mit Motivation, Freude und nat\u00fcrlich ein wenig Lampenfieber! Das Preistr\u00e4gerkonzert in Stade findet am Sonntag, den 28. April, um 16 Uhr im K\u00f6nigsmarcksaal im Historischen Rathaus [&hellip;]<\/p>\n","protected":false},"author":12,"featured_media":35206,"comment_status":"closed","ping_status":"closed","sticky":false,"template":"","format":"standard","meta":{"footnotes":""},"categories":[4],"tags":[201,76],"class_list":["post-35215","post","type-post","status-publish","format-standard","has-post-thumbnail","hentry","category-stade-schnack","tag-201","tag-stade"],"yoast_head":"<!-- This site is optimized with the Yoast SEO plugin v27.3 - https:\/\/yoast.com\/product\/yoast-seo-wordpress\/ -->\n<title>Jugend musiziert - STADE Marketing und Tourismus<\/title>\n<meta name=\"description\" content=\"Der 61. Landeswettbewerb Jugend musiziert Niedersachsen steht vor der T\u00fcr! Das Preistr\u00e4gerkonzert in Stade findet am 28. April statt.\" \/>\n<meta name=\"robots\" content=\"index, follow, max-snippet:-1, max-image-preview:large, max-video-preview:-1\" \/>\n<link rel=\"canonical\" href=\"https:\/\/stade-tourismus.de\/de\/jugend-musiziert\/\" \/>\n<meta property=\"og:locale\" content=\"de_DE\" \/>\n<meta property=\"og:type\" content=\"article\" \/>\n<meta property=\"og:title\" content=\"Jugend musiziert - STADE Marketing und Tourismus\" \/>\n<meta property=\"og:description\" content=\"Der 61. Landeswettbewerb Jugend musiziert Niedersachsen steht vor der T\u00fcr! Das Preistr\u00e4gerkonzert in Stade findet am 28. April statt.\" \/>\n<meta property=\"og:url\" content=\"https:\/\/stade-tourismus.de\/de\/jugend-musiziert\/\" \/>\n<meta property=\"og:site_name\" content=\"STADE Marketing und Tourismus\" \/>\n<meta property=\"article:publisher\" content=\"https:\/\/www.facebook.com\/stade.tourismus\" \/>\n<meta property=\"article:published_time\" content=\"2024-03-06T11:13:06+00:00\" \/>\n<meta property=\"article:modified_time\" content=\"2024-03-06T11:14:06+00:00\" \/>\n<meta property=\"og:image\" content=\"https:\/\/stade-tourismus.de\/wp-content\/uploads\/2024\/03\/jugend-musiziert.jpeg\" \/>\n\t<meta property=\"og:image:width\" content=\"1080\" \/>\n\t<meta property=\"og:image:height\" content=\"1080\" \/>\n\t<meta property=\"og:image:type\" content=\"image\/jpeg\" \/>\n<meta name=\"author\" content=\"bellmann\" \/>\n<meta name=\"twitter:card\" content=\"summary_large_image\" \/>\n<script type=\"application\/ld+json\" class=\"yoast-schema-graph\">{\"@context\":\"https:\\\/\\\/schema.org\",\"@graph\":[{\"@type\":\"Article\",\"@id\":\"https:\\\/\\\/stade-tourismus.de\\\/de\\\/jugend-musiziert\\\/#article\",\"isPartOf\":{\"@id\":\"https:\\\/\\\/stade-tourismus.de\\\/de\\\/jugend-musiziert\\\/\"},\"author\":{\"name\":\"bellmann\",\"@id\":\"https:\\\/\\\/stade-tourismus.de\\\/de\\\/#\\\/schema\\\/person\\\/e231f47b8e7acb612b388f505b6144ef\"},\"headline\":\"Jugend musiziert\",\"datePublished\":\"2024-03-06T11:13:06+00:00\",\"dateModified\":\"2024-03-06T11:14:06+00:00\",\"mainEntityOfPage\":{\"@id\":\"https:\\\/\\\/stade-tourismus.de\\\/de\\\/jugend-musiziert\\\/\"},\"wordCount\":79,\"publisher\":{\"@id\":\"https:\\\/\\\/stade-tourismus.de\\\/de\\\/#organization\"},\"image\":{\"@id\":\"https:\\\/\\\/stade-tourismus.de\\\/de\\\/jugend-musiziert\\\/#primaryimage\"},\"thumbnailUrl\":\"https:\\\/\\\/stade-tourismus.de\\\/wp-content\\\/uploads\\\/2024\\\/03\\\/jugend-musiziert.jpeg\",\"keywords\":[\"2024\",\"Stade\"],\"articleSection\":[\"Stade-Schnack\"],\"inLanguage\":\"de\"},{\"@type\":\"WebPage\",\"@id\":\"https:\\\/\\\/stade-tourismus.de\\\/de\\\/jugend-musiziert\\\/\",\"url\":\"https:\\\/\\\/stade-tourismus.de\\\/de\\\/jugend-musiziert\\\/\",\"name\":\"Jugend musiziert - STADE Marketing und Tourismus\",\"isPartOf\":{\"@id\":\"https:\\\/\\\/stade-tourismus.de\\\/de\\\/#website\"},\"primaryImageOfPage\":{\"@id\":\"https:\\\/\\\/stade-tourismus.de\\\/de\\\/jugend-musiziert\\\/#primaryimage\"},\"image\":{\"@id\":\"https:\\\/\\\/stade-tourismus.de\\\/de\\\/jugend-musiziert\\\/#primaryimage\"},\"thumbnailUrl\":\"https:\\\/\\\/stade-tourismus.de\\\/wp-content\\\/uploads\\\/2024\\\/03\\\/jugend-musiziert.jpeg\",\"datePublished\":\"2024-03-06T11:13:06+00:00\",\"dateModified\":\"2024-03-06T11:14:06+00:00\",\"description\":\"Der 61. Landeswettbewerb Jugend musiziert Niedersachsen steht vor der T\u00fcr! Das Preistr\u00e4gerkonzert in Stade findet am 28. April statt.\",\"breadcrumb\":{\"@id\":\"https:\\\/\\\/stade-tourismus.de\\\/de\\\/jugend-musiziert\\\/#breadcrumb\"},\"inLanguage\":\"de\",\"potentialAction\":[{\"@type\":\"ReadAction\",\"target\":[\"https:\\\/\\\/stade-tourismus.de\\\/de\\\/jugend-musiziert\\\/\"]}]},{\"@type\":\"ImageObject\",\"inLanguage\":\"de\",\"@id\":\"https:\\\/\\\/stade-tourismus.de\\\/de\\\/jugend-musiziert\\\/#primaryimage\",\"url\":\"https:\\\/\\\/stade-tourismus.de\\\/wp-content\\\/uploads\\\/2024\\\/03\\\/jugend-musiziert.jpeg\",\"contentUrl\":\"https:\\\/\\\/stade-tourismus.de\\\/wp-content\\\/uploads\\\/2024\\\/03\\\/jugend-musiziert.jpeg\",\"width\":1080,\"height\":1080},{\"@type\":\"BreadcrumbList\",\"@id\":\"https:\\\/\\\/stade-tourismus.de\\\/de\\\/jugend-musiziert\\\/#breadcrumb\",\"itemListElement\":[{\"@type\":\"ListItem\",\"position\":1,\"name\":\"Startseite\",\"item\":\"https:\\\/\\\/stade-tourismus.de\\\/de\\\/\"},{\"@type\":\"ListItem\",\"position\":2,\"name\":\"Jugend musiziert\"}]},{\"@type\":\"WebSite\",\"@id\":\"https:\\\/\\\/stade-tourismus.de\\\/de\\\/#website\",\"url\":\"https:\\\/\\\/stade-tourismus.de\\\/de\\\/\",\"name\":\"STADE Marketing und Tourismus\",\"description\":\"\",\"publisher\":{\"@id\":\"https:\\\/\\\/stade-tourismus.de\\\/de\\\/#organization\"},\"potentialAction\":[{\"@type\":\"SearchAction\",\"target\":{\"@type\":\"EntryPoint\",\"urlTemplate\":\"https:\\\/\\\/stade-tourismus.de\\\/de\\\/?s={search_term_string}\"},\"query-input\":{\"@type\":\"PropertyValueSpecification\",\"valueRequired\":true,\"valueName\":\"search_term_string\"}}],\"inLanguage\":\"de\"},{\"@type\":\"Organization\",\"@id\":\"https:\\\/\\\/stade-tourismus.de\\\/de\\\/#organization\",\"name\":\"STADE Marketing und Tourismus GmbH\",\"url\":\"https:\\\/\\\/stade-tourismus.de\\\/de\\\/\",\"logo\":{\"@type\":\"ImageObject\",\"inLanguage\":\"de\",\"@id\":\"https:\\\/\\\/stade-tourismus.de\\\/de\\\/#\\\/schema\\\/logo\\\/image\\\/\",\"url\":\"http:\\\/\\\/stadetouri.webhost.city-map.com\\\/wp-content\\\/uploads\\\/2021\\\/03\\\/logo-300b.png\",\"contentUrl\":\"http:\\\/\\\/stadetouri.webhost.city-map.com\\\/wp-content\\\/uploads\\\/2021\\\/03\\\/logo-300b.png\",\"width\":300,\"height\":42,\"caption\":\"STADE Marketing und Tourismus GmbH\"},\"image\":{\"@id\":\"https:\\\/\\\/stade-tourismus.de\\\/de\\\/#\\\/schema\\\/logo\\\/image\\\/\"},\"sameAs\":[\"https:\\\/\\\/www.facebook.com\\\/stade.tourismus\",\"https:\\\/\\\/www.instagram.com\\\/stade_frischer_wind\\\/\",\"https:\\\/\\\/www.youtube.com\\\/results?search_query=stade tourismus\"]},{\"@type\":\"Person\",\"@id\":\"https:\\\/\\\/stade-tourismus.de\\\/de\\\/#\\\/schema\\\/person\\\/e231f47b8e7acb612b388f505b6144ef\",\"name\":\"bellmann\"}]}<\/script>\n<!-- \/ Yoast SEO plugin. -->","yoast_head_json":{"title":"Jugend musiziert - STADE Marketing und Tourismus","description":"Der 61. Landeswettbewerb Jugend musiziert Niedersachsen steht vor der T\u00fcr! Das Preistr\u00e4gerkonzert in Stade findet am 28. April statt.","robots":{"index":"index","follow":"follow","max-snippet":"max-snippet:-1","max-image-preview":"max-image-preview:large","max-video-preview":"max-video-preview:-1"},"canonical":"https:\/\/stade-tourismus.de\/de\/jugend-musiziert\/","og_locale":"de_DE","og_type":"article","og_title":"Jugend musiziert - STADE Marketing und Tourismus","og_description":"Der 61. Landeswettbewerb Jugend musiziert Niedersachsen steht vor der T\u00fcr! Das Preistr\u00e4gerkonzert in Stade findet am 28. April statt.","og_url":"https:\/\/stade-tourismus.de\/de\/jugend-musiziert\/","og_site_name":"STADE Marketing und Tourismus","article_publisher":"https:\/\/www.facebook.com\/stade.tourismus","article_published_time":"2024-03-06T11:13:06+00:00","article_modified_time":"2024-03-06T11:14:06+00:00","og_image":[{"width":1080,"height":1080,"url":"https:\/\/stade-tourismus.de\/wp-content\/uploads\/2024\/03\/jugend-musiziert.jpeg","type":"image\/jpeg"}],"author":"bellmann","twitter_card":"summary_large_image","schema":{"@context":"https:\/\/schema.org","@graph":[{"@type":"Article","@id":"https:\/\/stade-tourismus.de\/de\/jugend-musiziert\/#article","isPartOf":{"@id":"https:\/\/stade-tourismus.de\/de\/jugend-musiziert\/"},"author":{"name":"bellmann","@id":"https:\/\/stade-tourismus.de\/de\/#\/schema\/person\/e231f47b8e7acb612b388f505b6144ef"},"headline":"Jugend musiziert","datePublished":"2024-03-06T11:13:06+00:00","dateModified":"2024-03-06T11:14:06+00:00","mainEntityOfPage":{"@id":"https:\/\/stade-tourismus.de\/de\/jugend-musiziert\/"},"wordCount":79,"publisher":{"@id":"https:\/\/stade-tourismus.de\/de\/#organization"},"image":{"@id":"https:\/\/stade-tourismus.de\/de\/jugend-musiziert\/#primaryimage"},"thumbnailUrl":"https:\/\/stade-tourismus.de\/wp-content\/uploads\/2024\/03\/jugend-musiziert.jpeg","keywords":["2024","Stade"],"articleSection":["Stade-Schnack"],"inLanguage":"de"},{"@type":"WebPage","@id":"https:\/\/stade-tourismus.de\/de\/jugend-musiziert\/","url":"https:\/\/stade-tourismus.de\/de\/jugend-musiziert\/","name":"Jugend musiziert - STADE Marketing und Tourismus","isPartOf":{"@id":"https:\/\/stade-tourismus.de\/de\/#website"},"primaryImageOfPage":{"@id":"https:\/\/stade-tourismus.de\/de\/jugend-musiziert\/#primaryimage"},"image":{"@id":"https:\/\/stade-tourismus.de\/de\/jugend-musiziert\/#primaryimage"},"thumbnailUrl":"https:\/\/stade-tourismus.de\/wp-content\/uploads\/2024\/03\/jugend-musiziert.jpeg","datePublished":"2024-03-06T11:13:06+00:00","dateModified":"2024-03-06T11:14:06+00:00","description":"Der 61. Landeswettbewerb Jugend musiziert Niedersachsen steht vor der T\u00fcr! Das Preistr\u00e4gerkonzert in Stade findet am 28. April statt.","breadcrumb":{"@id":"https:\/\/stade-tourismus.de\/de\/jugend-musiziert\/#breadcrumb"},"inLanguage":"de","potentialAction":[{"@type":"ReadAction","target":["https:\/\/stade-tourismus.de\/de\/jugend-musiziert\/"]}]},{"@type":"ImageObject","inLanguage":"de","@id":"https:\/\/stade-tourismus.de\/de\/jugend-musiziert\/#primaryimage","url":"https:\/\/stade-tourismus.de\/wp-content\/uploads\/2024\/03\/jugend-musiziert.jpeg","contentUrl":"https:\/\/stade-tourismus.de\/wp-content\/uploads\/2024\/03\/jugend-musiziert.jpeg","width":1080,"height":1080},{"@type":"BreadcrumbList","@id":"https:\/\/stade-tourismus.de\/de\/jugend-musiziert\/#breadcrumb","itemListElement":[{"@type":"ListItem","position":1,"name":"Startseite","item":"https:\/\/stade-tourismus.de\/de\/"},{"@type":"ListItem","position":2,"name":"Jugend musiziert"}]},{"@type":"WebSite","@id":"https:\/\/stade-tourismus.de\/de\/#website","url":"https:\/\/stade-tourismus.de\/de\/","name":"STADE Marketing und Tourismus","description":"","publisher":{"@id":"https:\/\/stade-tourismus.de\/de\/#organization"},"potentialAction":[{"@type":"SearchAction","target":{"@type":"EntryPoint","urlTemplate":"https:\/\/stade-tourismus.de\/de\/?s={search_term_string}"},"query-input":{"@type":"PropertyValueSpecification","valueRequired":true,"valueName":"search_term_string"}}],"inLanguage":"de"},{"@type":"Organization","@id":"https:\/\/stade-tourismus.de\/de\/#organization","name":"STADE Marketing und Tourismus GmbH","url":"https:\/\/stade-tourismus.de\/de\/","logo":{"@type":"ImageObject","inLanguage":"de","@id":"https:\/\/stade-tourismus.de\/de\/#\/schema\/logo\/image\/","url":"http:\/\/stadetouri.webhost.city-map.com\/wp-content\/uploads\/2021\/03\/logo-300b.png","contentUrl":"http:\/\/stadetouri.webhost.city-map.com\/wp-content\/uploads\/2021\/03\/logo-300b.png","width":300,"height":42,"caption":"STADE Marketing und Tourismus GmbH"},"image":{"@id":"https:\/\/stade-tourismus.de\/de\/#\/schema\/logo\/image\/"},"sameAs":["https:\/\/www.facebook.com\/stade.tourismus","https:\/\/www.instagram.com\/stade_frischer_wind\/","https:\/\/www.youtube.com\/results?search_query=stade tourismus"]},{"@type":"Person","@id":"https:\/\/stade-tourismus.de\/de\/#\/schema\/person\/e231f47b8e7acb612b388f505b6144ef","name":"bellmann"}]}},"_links":{"self":[{"href":"https:\/\/stade-tourismus.de\/de\/wp-json\/wp\/v2\/posts\/35215","targetHints":{"allow":["GET"]}}],"collection":[{"href":"https:\/\/stade-tourismus.de\/de\/wp-json\/wp\/v2\/posts"}],"about":[{"href":"https:\/\/stade-tourismus.de\/de\/wp-json\/wp\/v2\/types\/post"}],"author":[{"embeddable":true,"href":"https:\/\/stade-tourismus.de\/de\/wp-json\/wp\/v2\/users\/12"}],"replies":[{"embeddable":true,"href":"https:\/\/stade-tourismus.de\/de\/wp-json\/wp\/v2\/comments?post=35215"}],"version-history":[{"count":0,"href":"https:\/\/stade-tourismus.de\/de\/wp-json\/wp\/v2\/posts\/35215\/revisions"}],"wp:featuredmedia":[{"embeddable":true,"href":"https:\/\/stade-tourismus.de\/de\/wp-json\/wp\/v2\/media\/35206"}],"wp:attachment":[{"href":"https:\/\/stade-tourismus.de\/de\/wp-json\/wp\/v2\/media?parent=35215"}],"wp:term":[{"taxonomy":"category","embeddable":true,"href":"https:\/\/stade-tourismus.de\/de\/wp-json\/wp\/v2\/categories?post=35215"},{"taxonomy":"post_tag","embeddable":true,"href":"https:\/\/stade-tourismus.de\/de\/wp-json\/wp\/v2\/tags?post=35215"}],"curies":[{"name":"wp","href":"https:\/\/api.w.org\/{rel}","templated":true}]}}