{"id":35229,"date":"2024-03-08T15:00:19","date_gmt":"2024-03-08T14:00:19","guid":{"rendered":"https:\/\/stade-tourismus.de\/?p=35229"},"modified":"2024-03-08T15:00:20","modified_gmt":"2024-03-08T14:00:20","slug":"stader-fruehjahrstroedelmarkt-standbuchung-eroeffnet","status":"publish","type":"post","link":"https:\/\/stade-tourismus.de\/de\/stader-fruehjahrstroedelmarkt-standbuchung-eroeffnet\/","title":{"rendered":"Stader Fr\u00fchjahrstr\u00f6delmarkt \u2013 Standbuchung er\u00f6ffnet"},"content":{"rendered":"\n<p>Mit besonderer Atmosph\u00e4re, tollen Schn\u00e4ppchen und langer Tradition lockt der Stader Fr\u00fchjahrstr\u00f6delmarkt am Sonntag, 12. Mai. J\u00e4hrlich erobern Tausende von Besucherinnen und Besuchern die Stader Innenstadt, um zu feilschen, zu kl\u00f6nen und zu kaufen. Das Buchungssystem f\u00fcr Standpl\u00e4tze ist ge\u00f6ffnet.<\/p>\n\n\n\n<p>Wer auf dem Markt seine Sch\u00e4tze anbieten m\u00f6chte, kann sich gegen eine Teilnahmegeb\u00fchr von 5,00 Euro f\u00fcr den laufenden Meter einen Ausstellerplatz auf dem Flohmarkt sichern. Die Buchung der begehrten Standpl\u00e4tze ist unter <a href=\"http:\/\/www.stader-troedelmarkt.de\">www.stader-troedelmarkt.de<\/a> m\u00f6glich.<\/p>\n\n\n\n<p>Am Sonntag, 12. Mai, wird ab 8:00 Uhr in den Gassen der Stader Altstadt getr\u00f6delt. Rund 500 private Tr\u00f6dlerinnen und Tr\u00f6dler erhalten die Chance, ihre Waren anzubieten, mit den G\u00e4sten um den besten Preis zu feilschen und den Fr\u00fchjahrstr\u00f6delmarkt zum Eldorado f\u00fcr Schn\u00e4ppchenj\u00e4ger aufleben zu lassen.<\/p>\n\n\n\n<div data-wp-interactive=\"core\/file\" class=\"wp-block-file\"><object data-wp-bind--hidden=\"!state.hasPdfPreview\" hidden class=\"wp-block-file__embed\" data=\"https:\/\/stade-tourismus.de\/wp-content\/uploads\/2024\/03\/Fruehjahrstroedelmarkt-2024-Standbuchung.pdf\" type=\"application\/pdf\" style=\"width:100%;height:600px\" aria-label=\"Einbettung von Fruehjahrstroedelmarkt-2024-Standbuchung.\"><\/object><a id=\"wp-block-file--media-1d728086-8617-4b8b-b0bf-ffc21295cc0e\" href=\"https:\/\/stade-tourismus.de\/wp-content\/uploads\/2024\/03\/Fruehjahrstroedelmarkt-2024-Standbuchung.pdf\">Fruehjahrstroedelmarkt-2024-Standbuchung<\/a><a href=\"https:\/\/stade-tourismus.de\/wp-content\/uploads\/2024\/03\/Fruehjahrstroedelmarkt-2024-Standbuchung.pdf\" class=\"wp-block-file__button wp-element-button\" download aria-describedby=\"wp-block-file--media-1d728086-8617-4b8b-b0bf-ffc21295cc0e\">Herunterladen<\/a><\/div>\n","protected":false},"excerpt":{"rendered":"<p>Mit besonderer Atmosph\u00e4re, tollen Schn\u00e4ppchen und langer Tradition lockt der Stader Fr\u00fchjahrstr\u00f6delmarkt am Sonntag, 12. Mai. J\u00e4hrlich erobern Tausende von Besucherinnen und Besuchern die Stader Innenstadt, um zu feilschen, zu kl\u00f6nen und zu kaufen. Das Buchungssystem f\u00fcr Standpl\u00e4tze ist ge\u00f6ffnet. Wer auf dem Markt seine Sch\u00e4tze anbieten m\u00f6chte, kann sich gegen eine Teilnahmegeb\u00fchr von 5,00 [&hellip;]<\/p>\n","protected":false},"author":2,"featured_media":0,"comment_status":"closed","ping_status":"closed","sticky":false,"template":"","format":"standard","meta":{"footnotes":""},"categories":[42],"tags":[],"class_list":["post-35229","post","type-post","status-publish","format-standard","hentry","category-pressemitteilungen"],"yoast_head":"<!-- This site is optimized with the Yoast SEO plugin v27.3 - https:\/\/yoast.com\/product\/yoast-seo-wordpress\/ -->\n<title>Stader Fr\u00fchjahrstr\u00f6delmarkt \u2013 Standbuchung er\u00f6ffnet - STADE Marketing und Tourismus<\/title>\n<meta name=\"robots\" content=\"index, follow, max-snippet:-1, max-image-preview:large, max-video-preview:-1\" \/>\n<link rel=\"canonical\" href=\"https:\/\/stade-tourismus.de\/de\/stader-fruehjahrstroedelmarkt-standbuchung-eroeffnet\/\" \/>\n<meta property=\"og:locale\" content=\"de_DE\" \/>\n<meta property=\"og:type\" content=\"article\" \/>\n<meta property=\"og:title\" content=\"Stader Fr\u00fchjahrstr\u00f6delmarkt \u2013 Standbuchung er\u00f6ffnet - STADE Marketing und Tourismus\" \/>\n<meta property=\"og:description\" content=\"Mit besonderer Atmosph\u00e4re, tollen Schn\u00e4ppchen und langer Tradition lockt der Stader Fr\u00fchjahrstr\u00f6delmarkt am Sonntag, 12. Mai. J\u00e4hrlich erobern Tausende von Besucherinnen und Besuchern die Stader Innenstadt, um zu feilschen, zu kl\u00f6nen und zu kaufen. Das Buchungssystem f\u00fcr Standpl\u00e4tze ist ge\u00f6ffnet. Wer auf dem Markt seine Sch\u00e4tze anbieten m\u00f6chte, kann sich gegen eine Teilnahmegeb\u00fchr von 5,00 [&hellip;]\" \/>\n<meta property=\"og:url\" content=\"https:\/\/stade-tourismus.de\/de\/stader-fruehjahrstroedelmarkt-standbuchung-eroeffnet\/\" \/>\n<meta property=\"og:site_name\" content=\"STADE Marketing und Tourismus\" \/>\n<meta property=\"article:publisher\" content=\"https:\/\/www.facebook.com\/stade.tourismus\" \/>\n<meta property=\"article:published_time\" content=\"2024-03-08T14:00:19+00:00\" \/>\n<meta property=\"article:modified_time\" content=\"2024-03-08T14:00:20+00:00\" \/>\n<meta property=\"og:image\" content=\"https:\/\/stade-tourismus.de\/wp-content\/uploads\/2021\/03\/logo-300b.png\" \/>\n\t<meta property=\"og:image:width\" content=\"300\" \/>\n\t<meta property=\"og:image:height\" content=\"42\" \/>\n\t<meta property=\"og:image:type\" content=\"image\/png\" \/>\n<meta name=\"author\" content=\"Carina Meyer\" \/>\n<meta name=\"twitter:card\" content=\"summary_large_image\" \/>\n<script type=\"application\/ld+json\" class=\"yoast-schema-graph\">{\"@context\":\"https:\\\/\\\/schema.org\",\"@graph\":[{\"@type\":\"Article\",\"@id\":\"https:\\\/\\\/stade-tourismus.de\\\/de\\\/stader-fruehjahrstroedelmarkt-standbuchung-eroeffnet\\\/#article\",\"isPartOf\":{\"@id\":\"https:\\\/\\\/stade-tourismus.de\\\/de\\\/stader-fruehjahrstroedelmarkt-standbuchung-eroeffnet\\\/\"},\"author\":{\"name\":\"Carina Meyer\",\"@id\":\"https:\\\/\\\/stade-tourismus.de\\\/de\\\/#\\\/schema\\\/person\\\/a851adc47fb682725cc5ea78f12ad794\"},\"headline\":\"Stader Fr\u00fchjahrstr\u00f6delmarkt \u2013 Standbuchung er\u00f6ffnet\",\"datePublished\":\"2024-03-08T14:00:19+00:00\",\"dateModified\":\"2024-03-08T14:00:20+00:00\",\"mainEntityOfPage\":{\"@id\":\"https:\\\/\\\/stade-tourismus.de\\\/de\\\/stader-fruehjahrstroedelmarkt-standbuchung-eroeffnet\\\/\"},\"wordCount\":152,\"publisher\":{\"@id\":\"https:\\\/\\\/stade-tourismus.de\\\/de\\\/#organization\"},\"articleSection\":[\"Pressemitteilungen\"],\"inLanguage\":\"de\"},{\"@type\":\"WebPage\",\"@id\":\"https:\\\/\\\/stade-tourismus.de\\\/de\\\/stader-fruehjahrstroedelmarkt-standbuchung-eroeffnet\\\/\",\"url\":\"https:\\\/\\\/stade-tourismus.de\\\/de\\\/stader-fruehjahrstroedelmarkt-standbuchung-eroeffnet\\\/\",\"name\":\"Stader Fr\u00fchjahrstr\u00f6delmarkt \u2013 Standbuchung er\u00f6ffnet - STADE Marketing und Tourismus\",\"isPartOf\":{\"@id\":\"https:\\\/\\\/stade-tourismus.de\\\/de\\\/#website\"},\"datePublished\":\"2024-03-08T14:00:19+00:00\",\"dateModified\":\"2024-03-08T14:00:20+00:00\",\"breadcrumb\":{\"@id\":\"https:\\\/\\\/stade-tourismus.de\\\/de\\\/stader-fruehjahrstroedelmarkt-standbuchung-eroeffnet\\\/#breadcrumb\"},\"inLanguage\":\"de\",\"potentialAction\":[{\"@type\":\"ReadAction\",\"target\":[\"https:\\\/\\\/stade-tourismus.de\\\/de\\\/stader-fruehjahrstroedelmarkt-standbuchung-eroeffnet\\\/\"]}]},{\"@type\":\"BreadcrumbList\",\"@id\":\"https:\\\/\\\/stade-tourismus.de\\\/de\\\/stader-fruehjahrstroedelmarkt-standbuchung-eroeffnet\\\/#breadcrumb\",\"itemListElement\":[{\"@type\":\"ListItem\",\"position\":1,\"name\":\"Startseite\",\"item\":\"https:\\\/\\\/stade-tourismus.de\\\/de\\\/\"},{\"@type\":\"ListItem\",\"position\":2,\"name\":\"Stader Fr\u00fchjahrstr\u00f6delmarkt \u2013 Standbuchung er\u00f6ffnet\"}]},{\"@type\":\"WebSite\",\"@id\":\"https:\\\/\\\/stade-tourismus.de\\\/de\\\/#website\",\"url\":\"https:\\\/\\\/stade-tourismus.de\\\/de\\\/\",\"name\":\"STADE Marketing und Tourismus\",\"description\":\"\",\"publisher\":{\"@id\":\"https:\\\/\\\/stade-tourismus.de\\\/de\\\/#organization\"},\"potentialAction\":[{\"@type\":\"SearchAction\",\"target\":{\"@type\":\"EntryPoint\",\"urlTemplate\":\"https:\\\/\\\/stade-tourismus.de\\\/de\\\/?s={search_term_string}\"},\"query-input\":{\"@type\":\"PropertyValueSpecification\",\"valueRequired\":true,\"valueName\":\"search_term_string\"}}],\"inLanguage\":\"de\"},{\"@type\":\"Organization\",\"@id\":\"https:\\\/\\\/stade-tourismus.de\\\/de\\\/#organization\",\"name\":\"STADE Marketing und Tourismus GmbH\",\"url\":\"https:\\\/\\\/stade-tourismus.de\\\/de\\\/\",\"logo\":{\"@type\":\"ImageObject\",\"inLanguage\":\"de\",\"@id\":\"https:\\\/\\\/stade-tourismus.de\\\/de\\\/#\\\/schema\\\/logo\\\/image\\\/\",\"url\":\"http:\\\/\\\/stadetouri.webhost.city-map.com\\\/wp-content\\\/uploads\\\/2021\\\/03\\\/logo-300b.png\",\"contentUrl\":\"http:\\\/\\\/stadetouri.webhost.city-map.com\\\/wp-content\\\/uploads\\\/2021\\\/03\\\/logo-300b.png\",\"width\":300,\"height\":42,\"caption\":\"STADE Marketing und Tourismus GmbH\"},\"image\":{\"@id\":\"https:\\\/\\\/stade-tourismus.de\\\/de\\\/#\\\/schema\\\/logo\\\/image\\\/\"},\"sameAs\":[\"https:\\\/\\\/www.facebook.com\\\/stade.tourismus\",\"https:\\\/\\\/www.instagram.com\\\/stade_frischer_wind\\\/\",\"https:\\\/\\\/www.youtube.com\\\/results?search_query=stade tourismus\"]},{\"@type\":\"Person\",\"@id\":\"https:\\\/\\\/stade-tourismus.de\\\/de\\\/#\\\/schema\\\/person\\\/a851adc47fb682725cc5ea78f12ad794\",\"name\":\"Carina Meyer\"}]}<\/script>\n<!-- \/ Yoast SEO plugin. -->","yoast_head_json":{"title":"Stader Fr\u00fchjahrstr\u00f6delmarkt \u2013 Standbuchung er\u00f6ffnet - STADE Marketing und Tourismus","robots":{"index":"index","follow":"follow","max-snippet":"max-snippet:-1","max-image-preview":"max-image-preview:large","max-video-preview":"max-video-preview:-1"},"canonical":"https:\/\/stade-tourismus.de\/de\/stader-fruehjahrstroedelmarkt-standbuchung-eroeffnet\/","og_locale":"de_DE","og_type":"article","og_title":"Stader Fr\u00fchjahrstr\u00f6delmarkt \u2013 Standbuchung er\u00f6ffnet - STADE Marketing und Tourismus","og_description":"Mit besonderer Atmosph\u00e4re, tollen Schn\u00e4ppchen und langer Tradition lockt der Stader Fr\u00fchjahrstr\u00f6delmarkt am Sonntag, 12. Mai. J\u00e4hrlich erobern Tausende von Besucherinnen und Besuchern die Stader Innenstadt, um zu feilschen, zu kl\u00f6nen und zu kaufen. Das Buchungssystem f\u00fcr Standpl\u00e4tze ist ge\u00f6ffnet. Wer auf dem Markt seine Sch\u00e4tze anbieten m\u00f6chte, kann sich gegen eine Teilnahmegeb\u00fchr von 5,00 [&hellip;]","og_url":"https:\/\/stade-tourismus.de\/de\/stader-fruehjahrstroedelmarkt-standbuchung-eroeffnet\/","og_site_name":"STADE Marketing und Tourismus","article_publisher":"https:\/\/www.facebook.com\/stade.tourismus","article_published_time":"2024-03-08T14:00:19+00:00","article_modified_time":"2024-03-08T14:00:20+00:00","og_image":[{"width":300,"height":42,"url":"https:\/\/stade-tourismus.de\/wp-content\/uploads\/2021\/03\/logo-300b.png","type":"image\/png"}],"author":"Carina Meyer","twitter_card":"summary_large_image","schema":{"@context":"https:\/\/schema.org","@graph":[{"@type":"Article","@id":"https:\/\/stade-tourismus.de\/de\/stader-fruehjahrstroedelmarkt-standbuchung-eroeffnet\/#article","isPartOf":{"@id":"https:\/\/stade-tourismus.de\/de\/stader-fruehjahrstroedelmarkt-standbuchung-eroeffnet\/"},"author":{"name":"Carina Meyer","@id":"https:\/\/stade-tourismus.de\/de\/#\/schema\/person\/a851adc47fb682725cc5ea78f12ad794"},"headline":"Stader Fr\u00fchjahrstr\u00f6delmarkt \u2013 Standbuchung er\u00f6ffnet","datePublished":"2024-03-08T14:00:19+00:00","dateModified":"2024-03-08T14:00:20+00:00","mainEntityOfPage":{"@id":"https:\/\/stade-tourismus.de\/de\/stader-fruehjahrstroedelmarkt-standbuchung-eroeffnet\/"},"wordCount":152,"publisher":{"@id":"https:\/\/stade-tourismus.de\/de\/#organization"},"articleSection":["Pressemitteilungen"],"inLanguage":"de"},{"@type":"WebPage","@id":"https:\/\/stade-tourismus.de\/de\/stader-fruehjahrstroedelmarkt-standbuchung-eroeffnet\/","url":"https:\/\/stade-tourismus.de\/de\/stader-fruehjahrstroedelmarkt-standbuchung-eroeffnet\/","name":"Stader Fr\u00fchjahrstr\u00f6delmarkt \u2013 Standbuchung er\u00f6ffnet - STADE Marketing und Tourismus","isPartOf":{"@id":"https:\/\/stade-tourismus.de\/de\/#website"},"datePublished":"2024-03-08T14:00:19+00:00","dateModified":"2024-03-08T14:00:20+00:00","breadcrumb":{"@id":"https:\/\/stade-tourismus.de\/de\/stader-fruehjahrstroedelmarkt-standbuchung-eroeffnet\/#breadcrumb"},"inLanguage":"de","potentialAction":[{"@type":"ReadAction","target":["https:\/\/stade-tourismus.de\/de\/stader-fruehjahrstroedelmarkt-standbuchung-eroeffnet\/"]}]},{"@type":"BreadcrumbList","@id":"https:\/\/stade-tourismus.de\/de\/stader-fruehjahrstroedelmarkt-standbuchung-eroeffnet\/#breadcrumb","itemListElement":[{"@type":"ListItem","position":1,"name":"Startseite","item":"https:\/\/stade-tourismus.de\/de\/"},{"@type":"ListItem","position":2,"name":"Stader Fr\u00fchjahrstr\u00f6delmarkt \u2013 Standbuchung er\u00f6ffnet"}]},{"@type":"WebSite","@id":"https:\/\/stade-tourismus.de\/de\/#website","url":"https:\/\/stade-tourismus.de\/de\/","name":"STADE Marketing und Tourismus","description":"","publisher":{"@id":"https:\/\/stade-tourismus.de\/de\/#organization"},"potentialAction":[{"@type":"SearchAction","target":{"@type":"EntryPoint","urlTemplate":"https:\/\/stade-tourismus.de\/de\/?s={search_term_string}"},"query-input":{"@type":"PropertyValueSpecification","valueRequired":true,"valueName":"search_term_string"}}],"inLanguage":"de"},{"@type":"Organization","@id":"https:\/\/stade-tourismus.de\/de\/#organization","name":"STADE Marketing und Tourismus GmbH","url":"https:\/\/stade-tourismus.de\/de\/","logo":{"@type":"ImageObject","inLanguage":"de","@id":"https:\/\/stade-tourismus.de\/de\/#\/schema\/logo\/image\/","url":"http:\/\/stadetouri.webhost.city-map.com\/wp-content\/uploads\/2021\/03\/logo-300b.png","contentUrl":"http:\/\/stadetouri.webhost.city-map.com\/wp-content\/uploads\/2021\/03\/logo-300b.png","width":300,"height":42,"caption":"STADE Marketing und Tourismus GmbH"},"image":{"@id":"https:\/\/stade-tourismus.de\/de\/#\/schema\/logo\/image\/"},"sameAs":["https:\/\/www.facebook.com\/stade.tourismus","https:\/\/www.instagram.com\/stade_frischer_wind\/","https:\/\/www.youtube.com\/results?search_query=stade tourismus"]},{"@type":"Person","@id":"https:\/\/stade-tourismus.de\/de\/#\/schema\/person\/a851adc47fb682725cc5ea78f12ad794","name":"Carina Meyer"}]}},"_links":{"self":[{"href":"https:\/\/stade-tourismus.de\/de\/wp-json\/wp\/v2\/posts\/35229","targetHints":{"allow":["GET"]}}],"collection":[{"href":"https:\/\/stade-tourismus.de\/de\/wp-json\/wp\/v2\/posts"}],"about":[{"href":"https:\/\/stade-tourismus.de\/de\/wp-json\/wp\/v2\/types\/post"}],"author":[{"embeddable":true,"href":"https:\/\/stade-tourismus.de\/de\/wp-json\/wp\/v2\/users\/2"}],"replies":[{"embeddable":true,"href":"https:\/\/stade-tourismus.de\/de\/wp-json\/wp\/v2\/comments?post=35229"}],"version-history":[{"count":0,"href":"https:\/\/stade-tourismus.de\/de\/wp-json\/wp\/v2\/posts\/35229\/revisions"}],"wp:attachment":[{"href":"https:\/\/stade-tourismus.de\/de\/wp-json\/wp\/v2\/media?parent=35229"}],"wp:term":[{"taxonomy":"category","embeddable":true,"href":"https:\/\/stade-tourismus.de\/de\/wp-json\/wp\/v2\/categories?post=35229"},{"taxonomy":"post_tag","embeddable":true,"href":"https:\/\/stade-tourismus.de\/de\/wp-json\/wp\/v2\/tags?post=35229"}],"curies":[{"name":"wp","href":"https:\/\/api.w.org\/{rel}","templated":true}]}}