{"id":35341,"date":"2024-03-16T11:18:00","date_gmt":"2024-03-16T10:18:00","guid":{"rendered":"https:\/\/stade-tourismus.de\/?p=35341"},"modified":"2024-03-17T22:14:11","modified_gmt":"2024-03-17T21:14:11","slug":"newcomer-gesucht","status":"publish","type":"post","link":"https:\/\/stade-tourismus.de\/de\/newcomer-gesucht\/","title":{"rendered":"Newcomer gesucht"},"content":{"rendered":"\n<p>Gesucht: Newcomer-Band f\u00fcr das Stader Altstadtfest! <\/p>\n\n\n\n<p>Habt ihr Lust, mit eurer Band beim Stader Altstadtfest aufzutreten? <\/p>\n\n\n\n<p>Wir suchen eine junge Band aus Stade und Umgebung. Am Samstag, den 15. Juni, von 14 bis 15 Uhr k\u00f6nnt ihr die B\u00fchne am Fischmarkt rocken und das Publikum zum Tanzen bringen! <\/p>\n\n\n\n<p>Wir m\u00f6chten eure Sounds h\u00f6ren! Schickt uns einfach bis zum 3. April eure Bewerbung und ein kurzes Video an <a href=\"mailto:moritz@stade-marketing.de\">moritz@stade-marketing.de<\/a>. Keine Sorge, es muss kein professionelles Musikvideo sein. Ein einfaches Handyvideo oder ein Link zu eurem Instagram-, Facebook- oder YouTube-Profil gen\u00fcgt v\u00f6llig! <\/p>\n\n\n\n<p>Ihr seid neu im Gesch\u00e4ft und wollt auf die gro\u00dfe B\u00fchne? Worauf wartet ihr? Wir freuen uns auf eure Bewerbung!<\/p>\n","protected":false},"excerpt":{"rendered":"<p>Gesucht: Newcomer-Band f\u00fcr das Stader Altstadtfest! Habt ihr Lust, mit eurer Band beim Stader Altstadtfest aufzutreten? Wir suchen eine junge Band aus Stade und Umgebung. Am Samstag, den 15. Juni, von 14 bis 15 Uhr k\u00f6nnt ihr die B\u00fchne am Fischmarkt rocken und das Publikum zum Tanzen bringen! Wir m\u00f6chten eure Sounds h\u00f6ren! Schickt uns [&hellip;]<\/p>\n","protected":false},"author":12,"featured_media":35338,"comment_status":"closed","ping_status":"closed","sticky":false,"template":"","format":"standard","meta":{"footnotes":""},"categories":[4],"tags":[201,59,247,242,216,243,244,76],"class_list":["post-35341","post","type-post","status-publish","format-standard","has-post-thumbnail","hentry","category-stade-schnack","tag-201","tag-altstadtfest","tag-auftritt","tag-band-gesucht","tag-bands","tag-musiker","tag-musikerinnen","tag-stade"],"yoast_head":"<!-- This site is optimized with the Yoast SEO plugin v27.3 - https:\/\/yoast.com\/product\/yoast-seo-wordpress\/ -->\n<title>Newcomer gesucht - STADE Marketing und Tourismus<\/title>\n<meta name=\"description\" content=\"Habt ihr Lust, mit eurer Band beim Stader Altstadtfest aufzutreten? Wir suchen eine junge, frische Band aus Stade und Umgebung.\" \/>\n<meta name=\"robots\" content=\"index, follow, max-snippet:-1, max-image-preview:large, max-video-preview:-1\" \/>\n<link rel=\"canonical\" href=\"https:\/\/stade-tourismus.de\/de\/newcomer-gesucht\/\" \/>\n<meta property=\"og:locale\" content=\"de_DE\" \/>\n<meta property=\"og:type\" content=\"article\" \/>\n<meta property=\"og:title\" content=\"Newcomer gesucht - STADE Marketing und Tourismus\" \/>\n<meta property=\"og:description\" content=\"Habt ihr Lust, mit eurer Band beim Stader Altstadtfest aufzutreten? Wir suchen eine junge, frische Band aus Stade und Umgebung.\" \/>\n<meta property=\"og:url\" content=\"https:\/\/stade-tourismus.de\/de\/newcomer-gesucht\/\" \/>\n<meta property=\"og:site_name\" content=\"STADE Marketing und Tourismus\" \/>\n<meta property=\"article:publisher\" content=\"https:\/\/www.facebook.com\/stade.tourismus\" \/>\n<meta property=\"article:published_time\" content=\"2024-03-16T10:18:00+00:00\" \/>\n<meta property=\"article:modified_time\" content=\"2024-03-17T21:14:11+00:00\" \/>\n<meta property=\"og:image\" content=\"https:\/\/stade-tourismus.de\/wp-content\/uploads\/2024\/03\/schnack-band-gesucht-altstadtfest.jpeg\" \/>\n\t<meta property=\"og:image:width\" content=\"1200\" \/>\n\t<meta property=\"og:image:height\" content=\"1200\" \/>\n\t<meta property=\"og:image:type\" content=\"image\/jpeg\" \/>\n<meta name=\"author\" content=\"bellmann\" \/>\n<meta name=\"twitter:card\" content=\"summary_large_image\" \/>\n<script type=\"application\/ld+json\" class=\"yoast-schema-graph\">{\"@context\":\"https:\\\/\\\/schema.org\",\"@graph\":[{\"@type\":\"Article\",\"@id\":\"https:\\\/\\\/stade-tourismus.de\\\/de\\\/newcomer-gesucht\\\/#article\",\"isPartOf\":{\"@id\":\"https:\\\/\\\/stade-tourismus.de\\\/de\\\/newcomer-gesucht\\\/\"},\"author\":{\"name\":\"bellmann\",\"@id\":\"https:\\\/\\\/stade-tourismus.de\\\/de\\\/#\\\/schema\\\/person\\\/e231f47b8e7acb612b388f505b6144ef\"},\"headline\":\"Newcomer gesucht\",\"datePublished\":\"2024-03-16T10:18:00+00:00\",\"dateModified\":\"2024-03-17T21:14:11+00:00\",\"mainEntityOfPage\":{\"@id\":\"https:\\\/\\\/stade-tourismus.de\\\/de\\\/newcomer-gesucht\\\/\"},\"wordCount\":120,\"publisher\":{\"@id\":\"https:\\\/\\\/stade-tourismus.de\\\/de\\\/#organization\"},\"image\":{\"@id\":\"https:\\\/\\\/stade-tourismus.de\\\/de\\\/newcomer-gesucht\\\/#primaryimage\"},\"thumbnailUrl\":\"https:\\\/\\\/stade-tourismus.de\\\/wp-content\\\/uploads\\\/2024\\\/03\\\/schnack-band-gesucht-altstadtfest.jpeg\",\"keywords\":[\"2024\",\"Altstadtfest\",\"Auftritt\",\"Band gesucht\",\"Bands\",\"Musiker\",\"Musikerinnen\",\"Stade\"],\"articleSection\":[\"Stade-Schnack\"],\"inLanguage\":\"de\"},{\"@type\":\"WebPage\",\"@id\":\"https:\\\/\\\/stade-tourismus.de\\\/de\\\/newcomer-gesucht\\\/\",\"url\":\"https:\\\/\\\/stade-tourismus.de\\\/de\\\/newcomer-gesucht\\\/\",\"name\":\"Newcomer gesucht - STADE Marketing und Tourismus\",\"isPartOf\":{\"@id\":\"https:\\\/\\\/stade-tourismus.de\\\/de\\\/#website\"},\"primaryImageOfPage\":{\"@id\":\"https:\\\/\\\/stade-tourismus.de\\\/de\\\/newcomer-gesucht\\\/#primaryimage\"},\"image\":{\"@id\":\"https:\\\/\\\/stade-tourismus.de\\\/de\\\/newcomer-gesucht\\\/#primaryimage\"},\"thumbnailUrl\":\"https:\\\/\\\/stade-tourismus.de\\\/wp-content\\\/uploads\\\/2024\\\/03\\\/schnack-band-gesucht-altstadtfest.jpeg\",\"datePublished\":\"2024-03-16T10:18:00+00:00\",\"dateModified\":\"2024-03-17T21:14:11+00:00\",\"description\":\"Habt ihr Lust, mit eurer Band beim Stader Altstadtfest aufzutreten? Wir suchen eine junge, frische Band aus Stade und Umgebung.\",\"breadcrumb\":{\"@id\":\"https:\\\/\\\/stade-tourismus.de\\\/de\\\/newcomer-gesucht\\\/#breadcrumb\"},\"inLanguage\":\"de\",\"potentialAction\":[{\"@type\":\"ReadAction\",\"target\":[\"https:\\\/\\\/stade-tourismus.de\\\/de\\\/newcomer-gesucht\\\/\"]}]},{\"@type\":\"ImageObject\",\"inLanguage\":\"de\",\"@id\":\"https:\\\/\\\/stade-tourismus.de\\\/de\\\/newcomer-gesucht\\\/#primaryimage\",\"url\":\"https:\\\/\\\/stade-tourismus.de\\\/wp-content\\\/uploads\\\/2024\\\/03\\\/schnack-band-gesucht-altstadtfest.jpeg\",\"contentUrl\":\"https:\\\/\\\/stade-tourismus.de\\\/wp-content\\\/uploads\\\/2024\\\/03\\\/schnack-band-gesucht-altstadtfest.jpeg\",\"width\":1200,\"height\":1200},{\"@type\":\"BreadcrumbList\",\"@id\":\"https:\\\/\\\/stade-tourismus.de\\\/de\\\/newcomer-gesucht\\\/#breadcrumb\",\"itemListElement\":[{\"@type\":\"ListItem\",\"position\":1,\"name\":\"Startseite\",\"item\":\"https:\\\/\\\/stade-tourismus.de\\\/de\\\/\"},{\"@type\":\"ListItem\",\"position\":2,\"name\":\"Newcomer gesucht\"}]},{\"@type\":\"WebSite\",\"@id\":\"https:\\\/\\\/stade-tourismus.de\\\/de\\\/#website\",\"url\":\"https:\\\/\\\/stade-tourismus.de\\\/de\\\/\",\"name\":\"STADE Marketing und Tourismus\",\"description\":\"\",\"publisher\":{\"@id\":\"https:\\\/\\\/stade-tourismus.de\\\/de\\\/#organization\"},\"potentialAction\":[{\"@type\":\"SearchAction\",\"target\":{\"@type\":\"EntryPoint\",\"urlTemplate\":\"https:\\\/\\\/stade-tourismus.de\\\/de\\\/?s={search_term_string}\"},\"query-input\":{\"@type\":\"PropertyValueSpecification\",\"valueRequired\":true,\"valueName\":\"search_term_string\"}}],\"inLanguage\":\"de\"},{\"@type\":\"Organization\",\"@id\":\"https:\\\/\\\/stade-tourismus.de\\\/de\\\/#organization\",\"name\":\"STADE Marketing und Tourismus GmbH\",\"url\":\"https:\\\/\\\/stade-tourismus.de\\\/de\\\/\",\"logo\":{\"@type\":\"ImageObject\",\"inLanguage\":\"de\",\"@id\":\"https:\\\/\\\/stade-tourismus.de\\\/de\\\/#\\\/schema\\\/logo\\\/image\\\/\",\"url\":\"http:\\\/\\\/stadetouri.webhost.city-map.com\\\/wp-content\\\/uploads\\\/2021\\\/03\\\/logo-300b.png\",\"contentUrl\":\"http:\\\/\\\/stadetouri.webhost.city-map.com\\\/wp-content\\\/uploads\\\/2021\\\/03\\\/logo-300b.png\",\"width\":300,\"height\":42,\"caption\":\"STADE Marketing und Tourismus GmbH\"},\"image\":{\"@id\":\"https:\\\/\\\/stade-tourismus.de\\\/de\\\/#\\\/schema\\\/logo\\\/image\\\/\"},\"sameAs\":[\"https:\\\/\\\/www.facebook.com\\\/stade.tourismus\",\"https:\\\/\\\/www.instagram.com\\\/stade_frischer_wind\\\/\",\"https:\\\/\\\/www.youtube.com\\\/results?search_query=stade tourismus\"]},{\"@type\":\"Person\",\"@id\":\"https:\\\/\\\/stade-tourismus.de\\\/de\\\/#\\\/schema\\\/person\\\/e231f47b8e7acb612b388f505b6144ef\",\"name\":\"bellmann\"}]}<\/script>\n<!-- \/ Yoast SEO plugin. -->","yoast_head_json":{"title":"Newcomer gesucht - STADE Marketing und Tourismus","description":"Habt ihr Lust, mit eurer Band beim Stader Altstadtfest aufzutreten? Wir suchen eine junge, frische Band aus Stade und Umgebung.","robots":{"index":"index","follow":"follow","max-snippet":"max-snippet:-1","max-image-preview":"max-image-preview:large","max-video-preview":"max-video-preview:-1"},"canonical":"https:\/\/stade-tourismus.de\/de\/newcomer-gesucht\/","og_locale":"de_DE","og_type":"article","og_title":"Newcomer gesucht - STADE Marketing und Tourismus","og_description":"Habt ihr Lust, mit eurer Band beim Stader Altstadtfest aufzutreten? Wir suchen eine junge, frische Band aus Stade und Umgebung.","og_url":"https:\/\/stade-tourismus.de\/de\/newcomer-gesucht\/","og_site_name":"STADE Marketing und Tourismus","article_publisher":"https:\/\/www.facebook.com\/stade.tourismus","article_published_time":"2024-03-16T10:18:00+00:00","article_modified_time":"2024-03-17T21:14:11+00:00","og_image":[{"width":1200,"height":1200,"url":"https:\/\/stade-tourismus.de\/wp-content\/uploads\/2024\/03\/schnack-band-gesucht-altstadtfest.jpeg","type":"image\/jpeg"}],"author":"bellmann","twitter_card":"summary_large_image","schema":{"@context":"https:\/\/schema.org","@graph":[{"@type":"Article","@id":"https:\/\/stade-tourismus.de\/de\/newcomer-gesucht\/#article","isPartOf":{"@id":"https:\/\/stade-tourismus.de\/de\/newcomer-gesucht\/"},"author":{"name":"bellmann","@id":"https:\/\/stade-tourismus.de\/de\/#\/schema\/person\/e231f47b8e7acb612b388f505b6144ef"},"headline":"Newcomer gesucht","datePublished":"2024-03-16T10:18:00+00:00","dateModified":"2024-03-17T21:14:11+00:00","mainEntityOfPage":{"@id":"https:\/\/stade-tourismus.de\/de\/newcomer-gesucht\/"},"wordCount":120,"publisher":{"@id":"https:\/\/stade-tourismus.de\/de\/#organization"},"image":{"@id":"https:\/\/stade-tourismus.de\/de\/newcomer-gesucht\/#primaryimage"},"thumbnailUrl":"https:\/\/stade-tourismus.de\/wp-content\/uploads\/2024\/03\/schnack-band-gesucht-altstadtfest.jpeg","keywords":["2024","Altstadtfest","Auftritt","Band gesucht","Bands","Musiker","Musikerinnen","Stade"],"articleSection":["Stade-Schnack"],"inLanguage":"de"},{"@type":"WebPage","@id":"https:\/\/stade-tourismus.de\/de\/newcomer-gesucht\/","url":"https:\/\/stade-tourismus.de\/de\/newcomer-gesucht\/","name":"Newcomer gesucht - STADE Marketing und Tourismus","isPartOf":{"@id":"https:\/\/stade-tourismus.de\/de\/#website"},"primaryImageOfPage":{"@id":"https:\/\/stade-tourismus.de\/de\/newcomer-gesucht\/#primaryimage"},"image":{"@id":"https:\/\/stade-tourismus.de\/de\/newcomer-gesucht\/#primaryimage"},"thumbnailUrl":"https:\/\/stade-tourismus.de\/wp-content\/uploads\/2024\/03\/schnack-band-gesucht-altstadtfest.jpeg","datePublished":"2024-03-16T10:18:00+00:00","dateModified":"2024-03-17T21:14:11+00:00","description":"Habt ihr Lust, mit eurer Band beim Stader Altstadtfest aufzutreten? Wir suchen eine junge, frische Band aus Stade und Umgebung.","breadcrumb":{"@id":"https:\/\/stade-tourismus.de\/de\/newcomer-gesucht\/#breadcrumb"},"inLanguage":"de","potentialAction":[{"@type":"ReadAction","target":["https:\/\/stade-tourismus.de\/de\/newcomer-gesucht\/"]}]},{"@type":"ImageObject","inLanguage":"de","@id":"https:\/\/stade-tourismus.de\/de\/newcomer-gesucht\/#primaryimage","url":"https:\/\/stade-tourismus.de\/wp-content\/uploads\/2024\/03\/schnack-band-gesucht-altstadtfest.jpeg","contentUrl":"https:\/\/stade-tourismus.de\/wp-content\/uploads\/2024\/03\/schnack-band-gesucht-altstadtfest.jpeg","width":1200,"height":1200},{"@type":"BreadcrumbList","@id":"https:\/\/stade-tourismus.de\/de\/newcomer-gesucht\/#breadcrumb","itemListElement":[{"@type":"ListItem","position":1,"name":"Startseite","item":"https:\/\/stade-tourismus.de\/de\/"},{"@type":"ListItem","position":2,"name":"Newcomer gesucht"}]},{"@type":"WebSite","@id":"https:\/\/stade-tourismus.de\/de\/#website","url":"https:\/\/stade-tourismus.de\/de\/","name":"STADE Marketing und Tourismus","description":"","publisher":{"@id":"https:\/\/stade-tourismus.de\/de\/#organization"},"potentialAction":[{"@type":"SearchAction","target":{"@type":"EntryPoint","urlTemplate":"https:\/\/stade-tourismus.de\/de\/?s={search_term_string}"},"query-input":{"@type":"PropertyValueSpecification","valueRequired":true,"valueName":"search_term_string"}}],"inLanguage":"de"},{"@type":"Organization","@id":"https:\/\/stade-tourismus.de\/de\/#organization","name":"STADE Marketing und Tourismus GmbH","url":"https:\/\/stade-tourismus.de\/de\/","logo":{"@type":"ImageObject","inLanguage":"de","@id":"https:\/\/stade-tourismus.de\/de\/#\/schema\/logo\/image\/","url":"http:\/\/stadetouri.webhost.city-map.com\/wp-content\/uploads\/2021\/03\/logo-300b.png","contentUrl":"http:\/\/stadetouri.webhost.city-map.com\/wp-content\/uploads\/2021\/03\/logo-300b.png","width":300,"height":42,"caption":"STADE Marketing und Tourismus GmbH"},"image":{"@id":"https:\/\/stade-tourismus.de\/de\/#\/schema\/logo\/image\/"},"sameAs":["https:\/\/www.facebook.com\/stade.tourismus","https:\/\/www.instagram.com\/stade_frischer_wind\/","https:\/\/www.youtube.com\/results?search_query=stade tourismus"]},{"@type":"Person","@id":"https:\/\/stade-tourismus.de\/de\/#\/schema\/person\/e231f47b8e7acb612b388f505b6144ef","name":"bellmann"}]}},"_links":{"self":[{"href":"https:\/\/stade-tourismus.de\/de\/wp-json\/wp\/v2\/posts\/35341","targetHints":{"allow":["GET"]}}],"collection":[{"href":"https:\/\/stade-tourismus.de\/de\/wp-json\/wp\/v2\/posts"}],"about":[{"href":"https:\/\/stade-tourismus.de\/de\/wp-json\/wp\/v2\/types\/post"}],"author":[{"embeddable":true,"href":"https:\/\/stade-tourismus.de\/de\/wp-json\/wp\/v2\/users\/12"}],"replies":[{"embeddable":true,"href":"https:\/\/stade-tourismus.de\/de\/wp-json\/wp\/v2\/comments?post=35341"}],"version-history":[{"count":0,"href":"https:\/\/stade-tourismus.de\/de\/wp-json\/wp\/v2\/posts\/35341\/revisions"}],"wp:featuredmedia":[{"embeddable":true,"href":"https:\/\/stade-tourismus.de\/de\/wp-json\/wp\/v2\/media\/35338"}],"wp:attachment":[{"href":"https:\/\/stade-tourismus.de\/de\/wp-json\/wp\/v2\/media?parent=35341"}],"wp:term":[{"taxonomy":"category","embeddable":true,"href":"https:\/\/stade-tourismus.de\/de\/wp-json\/wp\/v2\/categories?post=35341"},{"taxonomy":"post_tag","embeddable":true,"href":"https:\/\/stade-tourismus.de\/de\/wp-json\/wp\/v2\/tags?post=35341"}],"curies":[{"name":"wp","href":"https:\/\/api.w.org\/{rel}","templated":true}]}}