{"id":35399,"date":"2024-03-20T10:05:00","date_gmt":"2024-03-20T09:05:00","guid":{"rendered":"https:\/\/stade-tourismus.de\/?p=35399"},"modified":"2024-03-21T20:16:50","modified_gmt":"2024-03-21T19:16:50","slug":"farbenfrohe-seelentroester","status":"publish","type":"post","link":"https:\/\/stade-tourismus.de\/de\/farbenfrohe-seelentroester\/","title":{"rendered":"Farbenfrohe Seelentr\u00f6ster"},"content":{"rendered":"\n<p>Aufgepasst: Die neue Ausstellung im Foyer des Neuen Rathauses hei\u00dft \u201eFarbenfrohe Seelentr\u00f6ster\u201c.<\/p>\n\n\n\n<p>Hier k\u00f6nnt ihr eintauchen in die wunderbare Welt der Farben und der Emotionen! Ab dem 21. M\u00e4rz ist die talentierte K\u00fcnstlerin und Kunsttherapeutin Claudia Hennings mit ihren farbenfrohen Bildern zu Gast im Foyer des Neuen Rathauses Stade.<\/p>\n\n\n\n<p>Mit einem Hintergrund in Grafikdesign aus Hamburg und einem Kunsttherapie-Studium in Bayern vor rund 15 Jahren, bringt die K\u00fcnstlerin eine F\u00fclle von Erfahrungen mit. Von der Arbeit mit Lebenshilfe bis hin zu Inklusionsprojekten an Schulen hat sie diverse Felder der Kunsttherapie erkundet.<br>Das Malen ist f\u00fcr sie nicht nur ein Hobby, sondern eine tiefgr\u00fcndige Form der Selbstexpression. Hier werden Probleme verarbeitet, Erinnerungen festgehalten und Gef\u00fchle sichtbar gemacht.<\/p>\n\n\n\n<p>Erlebt einen bunten Querschnitt ihrer Werke vom 22. M\u00e4rz bis zum 19. April im Foyer des Neuen Rathauses Stade. Lasst euch von Farben verzaubern und findet vielleicht sogar euren eigenen Seelentr\u00f6ster.<\/p>\n","protected":false},"excerpt":{"rendered":"<p>Aufgepasst: Die neue Ausstellung im Foyer des Neuen Rathauses hei\u00dft \u201eFarbenfrohe Seelentr\u00f6ster\u201c. Hier k\u00f6nnt ihr eintauchen in die wunderbare Welt der Farben und der Emotionen! Ab dem 21. M\u00e4rz ist die talentierte K\u00fcnstlerin und Kunsttherapeutin Claudia Hennings mit ihren farbenfrohen Bildern zu Gast im Foyer des Neuen Rathauses Stade. Mit einem Hintergrund in Grafikdesign aus [&hellip;]<\/p>\n","protected":false},"author":12,"featured_media":35401,"comment_status":"closed","ping_status":"closed","sticky":false,"template":"","format":"standard","meta":{"footnotes":""},"categories":[4],"tags":[201,204,251,248,250,76],"class_list":["post-35399","post","type-post","status-publish","format-standard","has-post-thumbnail","hentry","category-stade-schnack","tag-201","tag-ausstellung","tag-claudia-hennings","tag-rathaus","tag-seelentroester","tag-stade"],"yoast_head":"<!-- This site is optimized with the Yoast SEO plugin v27.3 - https:\/\/yoast.com\/product\/yoast-seo-wordpress\/ -->\n<title>Farbenfrohe Seelentr\u00f6ster - STADE Marketing und Tourismus<\/title>\n<meta name=\"description\" content=\"Ab dem 21. M\u00e4rz ist die talentierte K\u00fcnstlerin Claudia Hennings mit ihren farbenfrohen Bildern zu Gast im Foyer des Neuen Rathauses Stade.\" \/>\n<meta name=\"robots\" content=\"index, follow, max-snippet:-1, max-image-preview:large, max-video-preview:-1\" \/>\n<link rel=\"canonical\" href=\"https:\/\/stade-tourismus.de\/de\/farbenfrohe-seelentroester\/\" \/>\n<meta property=\"og:locale\" content=\"de_DE\" \/>\n<meta property=\"og:type\" content=\"article\" \/>\n<meta property=\"og:title\" content=\"Farbenfrohe Seelentr\u00f6ster - STADE Marketing und Tourismus\" \/>\n<meta property=\"og:description\" content=\"Ab dem 21. M\u00e4rz ist die talentierte K\u00fcnstlerin Claudia Hennings mit ihren farbenfrohen Bildern zu Gast im Foyer des Neuen Rathauses Stade.\" \/>\n<meta property=\"og:url\" content=\"https:\/\/stade-tourismus.de\/de\/farbenfrohe-seelentroester\/\" \/>\n<meta property=\"og:site_name\" content=\"STADE Marketing und Tourismus\" \/>\n<meta property=\"article:publisher\" content=\"https:\/\/www.facebook.com\/stade.tourismus\" \/>\n<meta property=\"article:published_time\" content=\"2024-03-20T09:05:00+00:00\" \/>\n<meta property=\"article:modified_time\" content=\"2024-03-21T19:16:50+00:00\" \/>\n<meta property=\"og:image\" content=\"https:\/\/stade-tourismus.de\/wp-content\/uploads\/2024\/03\/schnacj-ausstellung-rathaus-farbenfrohe-seelentroester.jpeg\" \/>\n\t<meta property=\"og:image:width\" content=\"586\" \/>\n\t<meta property=\"og:image:height\" content=\"558\" \/>\n\t<meta property=\"og:image:type\" content=\"image\/jpeg\" \/>\n<meta name=\"author\" content=\"bellmann\" \/>\n<meta name=\"twitter:card\" content=\"summary_large_image\" \/>\n<script type=\"application\/ld+json\" class=\"yoast-schema-graph\">{\"@context\":\"https:\\\/\\\/schema.org\",\"@graph\":[{\"@type\":\"Article\",\"@id\":\"https:\\\/\\\/stade-tourismus.de\\\/de\\\/farbenfrohe-seelentroester\\\/#article\",\"isPartOf\":{\"@id\":\"https:\\\/\\\/stade-tourismus.de\\\/de\\\/farbenfrohe-seelentroester\\\/\"},\"author\":{\"name\":\"bellmann\",\"@id\":\"https:\\\/\\\/stade-tourismus.de\\\/de\\\/#\\\/schema\\\/person\\\/e231f47b8e7acb612b388f505b6144ef\"},\"headline\":\"Farbenfrohe Seelentr\u00f6ster\",\"datePublished\":\"2024-03-20T09:05:00+00:00\",\"dateModified\":\"2024-03-21T19:16:50+00:00\",\"mainEntityOfPage\":{\"@id\":\"https:\\\/\\\/stade-tourismus.de\\\/de\\\/farbenfrohe-seelentroester\\\/\"},\"wordCount\":158,\"publisher\":{\"@id\":\"https:\\\/\\\/stade-tourismus.de\\\/de\\\/#organization\"},\"image\":{\"@id\":\"https:\\\/\\\/stade-tourismus.de\\\/de\\\/farbenfrohe-seelentroester\\\/#primaryimage\"},\"thumbnailUrl\":\"https:\\\/\\\/stade-tourismus.de\\\/wp-content\\\/uploads\\\/2024\\\/03\\\/schnacj-ausstellung-rathaus-farbenfrohe-seelentroester.jpeg\",\"keywords\":[\"2024\",\"Ausstellung\",\"Claudia Hennings\",\"Rathaus\",\"Seelentr\u00f6ster\",\"Stade\"],\"articleSection\":[\"Stade-Schnack\"],\"inLanguage\":\"de\"},{\"@type\":\"WebPage\",\"@id\":\"https:\\\/\\\/stade-tourismus.de\\\/de\\\/farbenfrohe-seelentroester\\\/\",\"url\":\"https:\\\/\\\/stade-tourismus.de\\\/de\\\/farbenfrohe-seelentroester\\\/\",\"name\":\"Farbenfrohe Seelentr\u00f6ster - STADE Marketing und Tourismus\",\"isPartOf\":{\"@id\":\"https:\\\/\\\/stade-tourismus.de\\\/de\\\/#website\"},\"primaryImageOfPage\":{\"@id\":\"https:\\\/\\\/stade-tourismus.de\\\/de\\\/farbenfrohe-seelentroester\\\/#primaryimage\"},\"image\":{\"@id\":\"https:\\\/\\\/stade-tourismus.de\\\/de\\\/farbenfrohe-seelentroester\\\/#primaryimage\"},\"thumbnailUrl\":\"https:\\\/\\\/stade-tourismus.de\\\/wp-content\\\/uploads\\\/2024\\\/03\\\/schnacj-ausstellung-rathaus-farbenfrohe-seelentroester.jpeg\",\"datePublished\":\"2024-03-20T09:05:00+00:00\",\"dateModified\":\"2024-03-21T19:16:50+00:00\",\"description\":\"Ab dem 21. M\u00e4rz ist die talentierte K\u00fcnstlerin Claudia Hennings mit ihren farbenfrohen Bildern zu Gast im Foyer des Neuen Rathauses Stade.\",\"breadcrumb\":{\"@id\":\"https:\\\/\\\/stade-tourismus.de\\\/de\\\/farbenfrohe-seelentroester\\\/#breadcrumb\"},\"inLanguage\":\"de\",\"potentialAction\":[{\"@type\":\"ReadAction\",\"target\":[\"https:\\\/\\\/stade-tourismus.de\\\/de\\\/farbenfrohe-seelentroester\\\/\"]}]},{\"@type\":\"ImageObject\",\"inLanguage\":\"de\",\"@id\":\"https:\\\/\\\/stade-tourismus.de\\\/de\\\/farbenfrohe-seelentroester\\\/#primaryimage\",\"url\":\"https:\\\/\\\/stade-tourismus.de\\\/wp-content\\\/uploads\\\/2024\\\/03\\\/schnacj-ausstellung-rathaus-farbenfrohe-seelentroester.jpeg\",\"contentUrl\":\"https:\\\/\\\/stade-tourismus.de\\\/wp-content\\\/uploads\\\/2024\\\/03\\\/schnacj-ausstellung-rathaus-farbenfrohe-seelentroester.jpeg\",\"width\":586,\"height\":558},{\"@type\":\"BreadcrumbList\",\"@id\":\"https:\\\/\\\/stade-tourismus.de\\\/de\\\/farbenfrohe-seelentroester\\\/#breadcrumb\",\"itemListElement\":[{\"@type\":\"ListItem\",\"position\":1,\"name\":\"Startseite\",\"item\":\"https:\\\/\\\/stade-tourismus.de\\\/de\\\/\"},{\"@type\":\"ListItem\",\"position\":2,\"name\":\"Farbenfrohe Seelentr\u00f6ster\"}]},{\"@type\":\"WebSite\",\"@id\":\"https:\\\/\\\/stade-tourismus.de\\\/de\\\/#website\",\"url\":\"https:\\\/\\\/stade-tourismus.de\\\/de\\\/\",\"name\":\"STADE Marketing und Tourismus\",\"description\":\"\",\"publisher\":{\"@id\":\"https:\\\/\\\/stade-tourismus.de\\\/de\\\/#organization\"},\"potentialAction\":[{\"@type\":\"SearchAction\",\"target\":{\"@type\":\"EntryPoint\",\"urlTemplate\":\"https:\\\/\\\/stade-tourismus.de\\\/de\\\/?s={search_term_string}\"},\"query-input\":{\"@type\":\"PropertyValueSpecification\",\"valueRequired\":true,\"valueName\":\"search_term_string\"}}],\"inLanguage\":\"de\"},{\"@type\":\"Organization\",\"@id\":\"https:\\\/\\\/stade-tourismus.de\\\/de\\\/#organization\",\"name\":\"STADE Marketing und Tourismus GmbH\",\"url\":\"https:\\\/\\\/stade-tourismus.de\\\/de\\\/\",\"logo\":{\"@type\":\"ImageObject\",\"inLanguage\":\"de\",\"@id\":\"https:\\\/\\\/stade-tourismus.de\\\/de\\\/#\\\/schema\\\/logo\\\/image\\\/\",\"url\":\"http:\\\/\\\/stadetouri.webhost.city-map.com\\\/wp-content\\\/uploads\\\/2021\\\/03\\\/logo-300b.png\",\"contentUrl\":\"http:\\\/\\\/stadetouri.webhost.city-map.com\\\/wp-content\\\/uploads\\\/2021\\\/03\\\/logo-300b.png\",\"width\":300,\"height\":42,\"caption\":\"STADE Marketing und Tourismus GmbH\"},\"image\":{\"@id\":\"https:\\\/\\\/stade-tourismus.de\\\/de\\\/#\\\/schema\\\/logo\\\/image\\\/\"},\"sameAs\":[\"https:\\\/\\\/www.facebook.com\\\/stade.tourismus\",\"https:\\\/\\\/www.instagram.com\\\/stade_frischer_wind\\\/\",\"https:\\\/\\\/www.youtube.com\\\/results?search_query=stade tourismus\"]},{\"@type\":\"Person\",\"@id\":\"https:\\\/\\\/stade-tourismus.de\\\/de\\\/#\\\/schema\\\/person\\\/e231f47b8e7acb612b388f505b6144ef\",\"name\":\"bellmann\"}]}<\/script>\n<!-- \/ Yoast SEO plugin. -->","yoast_head_json":{"title":"Farbenfrohe Seelentr\u00f6ster - STADE Marketing und Tourismus","description":"Ab dem 21. M\u00e4rz ist die talentierte K\u00fcnstlerin Claudia Hennings mit ihren farbenfrohen Bildern zu Gast im Foyer des Neuen Rathauses Stade.","robots":{"index":"index","follow":"follow","max-snippet":"max-snippet:-1","max-image-preview":"max-image-preview:large","max-video-preview":"max-video-preview:-1"},"canonical":"https:\/\/stade-tourismus.de\/de\/farbenfrohe-seelentroester\/","og_locale":"de_DE","og_type":"article","og_title":"Farbenfrohe Seelentr\u00f6ster - STADE Marketing und Tourismus","og_description":"Ab dem 21. M\u00e4rz ist die talentierte K\u00fcnstlerin Claudia Hennings mit ihren farbenfrohen Bildern zu Gast im Foyer des Neuen Rathauses Stade.","og_url":"https:\/\/stade-tourismus.de\/de\/farbenfrohe-seelentroester\/","og_site_name":"STADE Marketing und Tourismus","article_publisher":"https:\/\/www.facebook.com\/stade.tourismus","article_published_time":"2024-03-20T09:05:00+00:00","article_modified_time":"2024-03-21T19:16:50+00:00","og_image":[{"width":586,"height":558,"url":"https:\/\/stade-tourismus.de\/wp-content\/uploads\/2024\/03\/schnacj-ausstellung-rathaus-farbenfrohe-seelentroester.jpeg","type":"image\/jpeg"}],"author":"bellmann","twitter_card":"summary_large_image","schema":{"@context":"https:\/\/schema.org","@graph":[{"@type":"Article","@id":"https:\/\/stade-tourismus.de\/de\/farbenfrohe-seelentroester\/#article","isPartOf":{"@id":"https:\/\/stade-tourismus.de\/de\/farbenfrohe-seelentroester\/"},"author":{"name":"bellmann","@id":"https:\/\/stade-tourismus.de\/de\/#\/schema\/person\/e231f47b8e7acb612b388f505b6144ef"},"headline":"Farbenfrohe Seelentr\u00f6ster","datePublished":"2024-03-20T09:05:00+00:00","dateModified":"2024-03-21T19:16:50+00:00","mainEntityOfPage":{"@id":"https:\/\/stade-tourismus.de\/de\/farbenfrohe-seelentroester\/"},"wordCount":158,"publisher":{"@id":"https:\/\/stade-tourismus.de\/de\/#organization"},"image":{"@id":"https:\/\/stade-tourismus.de\/de\/farbenfrohe-seelentroester\/#primaryimage"},"thumbnailUrl":"https:\/\/stade-tourismus.de\/wp-content\/uploads\/2024\/03\/schnacj-ausstellung-rathaus-farbenfrohe-seelentroester.jpeg","keywords":["2024","Ausstellung","Claudia Hennings","Rathaus","Seelentr\u00f6ster","Stade"],"articleSection":["Stade-Schnack"],"inLanguage":"de"},{"@type":"WebPage","@id":"https:\/\/stade-tourismus.de\/de\/farbenfrohe-seelentroester\/","url":"https:\/\/stade-tourismus.de\/de\/farbenfrohe-seelentroester\/","name":"Farbenfrohe Seelentr\u00f6ster - STADE Marketing und Tourismus","isPartOf":{"@id":"https:\/\/stade-tourismus.de\/de\/#website"},"primaryImageOfPage":{"@id":"https:\/\/stade-tourismus.de\/de\/farbenfrohe-seelentroester\/#primaryimage"},"image":{"@id":"https:\/\/stade-tourismus.de\/de\/farbenfrohe-seelentroester\/#primaryimage"},"thumbnailUrl":"https:\/\/stade-tourismus.de\/wp-content\/uploads\/2024\/03\/schnacj-ausstellung-rathaus-farbenfrohe-seelentroester.jpeg","datePublished":"2024-03-20T09:05:00+00:00","dateModified":"2024-03-21T19:16:50+00:00","description":"Ab dem 21. M\u00e4rz ist die talentierte K\u00fcnstlerin Claudia Hennings mit ihren farbenfrohen Bildern zu Gast im Foyer des Neuen Rathauses Stade.","breadcrumb":{"@id":"https:\/\/stade-tourismus.de\/de\/farbenfrohe-seelentroester\/#breadcrumb"},"inLanguage":"de","potentialAction":[{"@type":"ReadAction","target":["https:\/\/stade-tourismus.de\/de\/farbenfrohe-seelentroester\/"]}]},{"@type":"ImageObject","inLanguage":"de","@id":"https:\/\/stade-tourismus.de\/de\/farbenfrohe-seelentroester\/#primaryimage","url":"https:\/\/stade-tourismus.de\/wp-content\/uploads\/2024\/03\/schnacj-ausstellung-rathaus-farbenfrohe-seelentroester.jpeg","contentUrl":"https:\/\/stade-tourismus.de\/wp-content\/uploads\/2024\/03\/schnacj-ausstellung-rathaus-farbenfrohe-seelentroester.jpeg","width":586,"height":558},{"@type":"BreadcrumbList","@id":"https:\/\/stade-tourismus.de\/de\/farbenfrohe-seelentroester\/#breadcrumb","itemListElement":[{"@type":"ListItem","position":1,"name":"Startseite","item":"https:\/\/stade-tourismus.de\/de\/"},{"@type":"ListItem","position":2,"name":"Farbenfrohe Seelentr\u00f6ster"}]},{"@type":"WebSite","@id":"https:\/\/stade-tourismus.de\/de\/#website","url":"https:\/\/stade-tourismus.de\/de\/","name":"STADE Marketing und Tourismus","description":"","publisher":{"@id":"https:\/\/stade-tourismus.de\/de\/#organization"},"potentialAction":[{"@type":"SearchAction","target":{"@type":"EntryPoint","urlTemplate":"https:\/\/stade-tourismus.de\/de\/?s={search_term_string}"},"query-input":{"@type":"PropertyValueSpecification","valueRequired":true,"valueName":"search_term_string"}}],"inLanguage":"de"},{"@type":"Organization","@id":"https:\/\/stade-tourismus.de\/de\/#organization","name":"STADE Marketing und Tourismus GmbH","url":"https:\/\/stade-tourismus.de\/de\/","logo":{"@type":"ImageObject","inLanguage":"de","@id":"https:\/\/stade-tourismus.de\/de\/#\/schema\/logo\/image\/","url":"http:\/\/stadetouri.webhost.city-map.com\/wp-content\/uploads\/2021\/03\/logo-300b.png","contentUrl":"http:\/\/stadetouri.webhost.city-map.com\/wp-content\/uploads\/2021\/03\/logo-300b.png","width":300,"height":42,"caption":"STADE Marketing und Tourismus GmbH"},"image":{"@id":"https:\/\/stade-tourismus.de\/de\/#\/schema\/logo\/image\/"},"sameAs":["https:\/\/www.facebook.com\/stade.tourismus","https:\/\/www.instagram.com\/stade_frischer_wind\/","https:\/\/www.youtube.com\/results?search_query=stade tourismus"]},{"@type":"Person","@id":"https:\/\/stade-tourismus.de\/de\/#\/schema\/person\/e231f47b8e7acb612b388f505b6144ef","name":"bellmann"}]}},"_links":{"self":[{"href":"https:\/\/stade-tourismus.de\/de\/wp-json\/wp\/v2\/posts\/35399","targetHints":{"allow":["GET"]}}],"collection":[{"href":"https:\/\/stade-tourismus.de\/de\/wp-json\/wp\/v2\/posts"}],"about":[{"href":"https:\/\/stade-tourismus.de\/de\/wp-json\/wp\/v2\/types\/post"}],"author":[{"embeddable":true,"href":"https:\/\/stade-tourismus.de\/de\/wp-json\/wp\/v2\/users\/12"}],"replies":[{"embeddable":true,"href":"https:\/\/stade-tourismus.de\/de\/wp-json\/wp\/v2\/comments?post=35399"}],"version-history":[{"count":0,"href":"https:\/\/stade-tourismus.de\/de\/wp-json\/wp\/v2\/posts\/35399\/revisions"}],"wp:featuredmedia":[{"embeddable":true,"href":"https:\/\/stade-tourismus.de\/de\/wp-json\/wp\/v2\/media\/35401"}],"wp:attachment":[{"href":"https:\/\/stade-tourismus.de\/de\/wp-json\/wp\/v2\/media?parent=35399"}],"wp:term":[{"taxonomy":"category","embeddable":true,"href":"https:\/\/stade-tourismus.de\/de\/wp-json\/wp\/v2\/categories?post=35399"},{"taxonomy":"post_tag","embeddable":true,"href":"https:\/\/stade-tourismus.de\/de\/wp-json\/wp\/v2\/tags?post=35399"}],"curies":[{"name":"wp","href":"https:\/\/api.w.org\/{rel}","templated":true}]}}