{"id":35489,"date":"2024-03-28T14:42:18","date_gmt":"2024-03-28T13:42:18","guid":{"rendered":"https:\/\/stade-tourismus.de\/?p=35489"},"modified":"2024-03-28T14:42:20","modified_gmt":"2024-03-28T13:42:20","slug":"saisoneroeffnung-in-der-festung-grauerort","status":"publish","type":"post","link":"https:\/\/stade-tourismus.de\/de\/saisoneroeffnung-in-der-festung-grauerort\/","title":{"rendered":"Saisoner\u00f6ffnung in der Festung Grauerort"},"content":{"rendered":"\n<p>Willkommen zur\u00fcck auf dem eindrucksvollen Artilleriefort Grauerort, nordwestlich von Stade nahe Abbenfleth. Errichtet von Preu\u00dfen zwischen 1869 und 1879 zum Schutz vor feindlichen Schiffen auf der Elbe, hat diese Festung nie das Schlachtfeld betreten. Heute jedoch erstrahlt sie als beliebter Austragungsort f\u00fcr Kulturveranstaltungen!<br>Dank des unerm\u00fcdlichen Engagements des ehrenamtlichen Vereins ist Grauerort zu einem wahren Besuchermagneten geworden. Faszinierende Ausstellungen und k\u00f6stliche Kuchen im Festungscaf\u00e9 sorgen f\u00fcr Begeisterung bei Besucherinnen und Besuchern.<\/p>\n\n\n\n<p>Wohnmobilreisende richten sich auf dem gem\u00fctlichen Stellplatz im Seitenhof der Festung, der 2020 mit Abenteuercharakter gestaltet wurde, ein.<\/p>\n\n\n\n<p>Die Festungs-Saison startet offiziell am 28. M\u00e4rz, ab dem 29. M\u00e4rz \u00f6ffnet das Festungs-Caf\u00e9 wieder seine R\u00e4umlichkeiten.<\/p>\n\n\n\n<p>Am 1. April steht Ostern im Mittelpunkt! Die Kids k\u00f6nnen sich auf eine gro\u00dfartige Ostereiersuche mit der Band \u201eDrachenflug\u201c freuen.<\/p>\n\n\n\n<p>Botaniker aufgepasst: Am 14. April findet der Staudenmarkt statt, ein wahres Paradies f\u00fcr Pflanzenliebhaber.<\/p>\n\n\n\n<p>Weitere Termine und Infos zum Freitag-Abendlichen D\u00e4mmerschoppen findet ihr <a href=\"https:\/\/stade-tourismus.de\/de\/hansestadt-stade\/museen-kunst-und-kultur\/museen\/festung-grauerort\/\">hier<\/a> oder auf der Seite des Festung-Vereins <a href=\"http:\/\/www.grauerort.com\/?fbclid=IwAR2RX9DlV_8bNmqoKT_RrVOPeYDdwZ2EtSfGI1-MOlHzE9-J66-a1AfVVrA_aem_AUIKjqNveF7H5fTwvFa6_1BulsQB4TYcz2UUDJ-ASXXjqiig1wxOHnMGdyG9vcz9by5VGfqpTvqU7DiVRh5d0xWL\" target=\"_blank\" rel=\"noreferrer noopener\">www.grauerort.com.<\/a><\/p>\n","protected":false},"excerpt":{"rendered":"<p>Willkommen zur\u00fcck auf dem eindrucksvollen Artilleriefort Grauerort, nordwestlich von Stade nahe Abbenfleth. Errichtet von Preu\u00dfen zwischen 1869 und 1879 zum Schutz vor feindlichen Schiffen auf der Elbe, hat diese Festung nie das Schlachtfeld betreten. Heute jedoch erstrahlt sie als beliebter Austragungsort f\u00fcr Kulturveranstaltungen!Dank des unerm\u00fcdlichen Engagements des ehrenamtlichen Vereins ist Grauerort zu einem wahren Besuchermagneten [&hellip;]<\/p>\n","protected":false},"author":2,"featured_media":35490,"comment_status":"closed","ping_status":"closed","sticky":false,"template":"","format":"standard","meta":{"footnotes":""},"categories":[4],"tags":[255,154,254,253,76],"class_list":["post-35489","post","type-post","status-publish","format-standard","has-post-thumbnail","hentry","category-stade-schnack","tag-cafe","tag-festung-grauerort","tag-historische-festung","tag-saisoneroeffnung","tag-stade"],"yoast_head":"<!-- This site is optimized with the Yoast SEO plugin v27.3 - https:\/\/yoast.com\/product\/yoast-seo-wordpress\/ -->\n<title>Saisoner\u00f6ffnung in der Festung Grauerort - STADE Marketing und Tourismus<\/title>\n<meta name=\"robots\" content=\"index, follow, max-snippet:-1, max-image-preview:large, max-video-preview:-1\" \/>\n<link rel=\"canonical\" href=\"https:\/\/stade-tourismus.de\/de\/saisoneroeffnung-in-der-festung-grauerort\/\" \/>\n<meta property=\"og:locale\" content=\"de_DE\" \/>\n<meta property=\"og:type\" content=\"article\" \/>\n<meta property=\"og:title\" content=\"Saisoner\u00f6ffnung in der Festung Grauerort - STADE Marketing und Tourismus\" \/>\n<meta property=\"og:description\" content=\"Willkommen zur\u00fcck auf dem eindrucksvollen Artilleriefort Grauerort, nordwestlich von Stade nahe Abbenfleth. Errichtet von Preu\u00dfen zwischen 1869 und 1879 zum Schutz vor feindlichen Schiffen auf der Elbe, hat diese Festung nie das Schlachtfeld betreten. Heute jedoch erstrahlt sie als beliebter Austragungsort f\u00fcr Kulturveranstaltungen!Dank des unerm\u00fcdlichen Engagements des ehrenamtlichen Vereins ist Grauerort zu einem wahren Besuchermagneten [&hellip;]\" \/>\n<meta property=\"og:url\" content=\"https:\/\/stade-tourismus.de\/de\/saisoneroeffnung-in-der-festung-grauerort\/\" \/>\n<meta property=\"og:site_name\" content=\"STADE Marketing und Tourismus\" \/>\n<meta property=\"article:publisher\" content=\"https:\/\/www.facebook.com\/stade.tourismus\" \/>\n<meta property=\"article:published_time\" content=\"2024-03-28T13:42:18+00:00\" \/>\n<meta property=\"article:modified_time\" content=\"2024-03-28T13:42:20+00:00\" \/>\n<meta property=\"og:image\" content=\"https:\/\/stade-tourismus.de\/wp-content\/uploads\/2024\/03\/Tor-Grauerort.jpg\" \/>\n\t<meta property=\"og:image:width\" content=\"526\" \/>\n\t<meta property=\"og:image:height\" content=\"526\" \/>\n\t<meta property=\"og:image:type\" content=\"image\/jpeg\" \/>\n<meta name=\"author\" content=\"Carina Meyer\" \/>\n<meta name=\"twitter:card\" content=\"summary_large_image\" \/>\n<script type=\"application\/ld+json\" class=\"yoast-schema-graph\">{\"@context\":\"https:\\\/\\\/schema.org\",\"@graph\":[{\"@type\":\"Article\",\"@id\":\"https:\\\/\\\/stade-tourismus.de\\\/de\\\/saisoneroeffnung-in-der-festung-grauerort\\\/#article\",\"isPartOf\":{\"@id\":\"https:\\\/\\\/stade-tourismus.de\\\/de\\\/saisoneroeffnung-in-der-festung-grauerort\\\/\"},\"author\":{\"name\":\"Carina Meyer\",\"@id\":\"https:\\\/\\\/stade-tourismus.de\\\/de\\\/#\\\/schema\\\/person\\\/a851adc47fb682725cc5ea78f12ad794\"},\"headline\":\"Saisoner\u00f6ffnung in der Festung Grauerort\",\"datePublished\":\"2024-03-28T13:42:18+00:00\",\"dateModified\":\"2024-03-28T13:42:20+00:00\",\"mainEntityOfPage\":{\"@id\":\"https:\\\/\\\/stade-tourismus.de\\\/de\\\/saisoneroeffnung-in-der-festung-grauerort\\\/\"},\"wordCount\":172,\"publisher\":{\"@id\":\"https:\\\/\\\/stade-tourismus.de\\\/de\\\/#organization\"},\"image\":{\"@id\":\"https:\\\/\\\/stade-tourismus.de\\\/de\\\/saisoneroeffnung-in-der-festung-grauerort\\\/#primaryimage\"},\"thumbnailUrl\":\"https:\\\/\\\/stade-tourismus.de\\\/wp-content\\\/uploads\\\/2024\\\/03\\\/Tor-Grauerort.jpg\",\"keywords\":[\"Caf\u00e9\",\"Festung Grauerort\",\"historische Festung\",\"Saisoner\u00f6ffnung\",\"Stade\"],\"articleSection\":[\"Stade-Schnack\"],\"inLanguage\":\"de\"},{\"@type\":\"WebPage\",\"@id\":\"https:\\\/\\\/stade-tourismus.de\\\/de\\\/saisoneroeffnung-in-der-festung-grauerort\\\/\",\"url\":\"https:\\\/\\\/stade-tourismus.de\\\/de\\\/saisoneroeffnung-in-der-festung-grauerort\\\/\",\"name\":\"Saisoner\u00f6ffnung in der Festung Grauerort - STADE Marketing und Tourismus\",\"isPartOf\":{\"@id\":\"https:\\\/\\\/stade-tourismus.de\\\/de\\\/#website\"},\"primaryImageOfPage\":{\"@id\":\"https:\\\/\\\/stade-tourismus.de\\\/de\\\/saisoneroeffnung-in-der-festung-grauerort\\\/#primaryimage\"},\"image\":{\"@id\":\"https:\\\/\\\/stade-tourismus.de\\\/de\\\/saisoneroeffnung-in-der-festung-grauerort\\\/#primaryimage\"},\"thumbnailUrl\":\"https:\\\/\\\/stade-tourismus.de\\\/wp-content\\\/uploads\\\/2024\\\/03\\\/Tor-Grauerort.jpg\",\"datePublished\":\"2024-03-28T13:42:18+00:00\",\"dateModified\":\"2024-03-28T13:42:20+00:00\",\"breadcrumb\":{\"@id\":\"https:\\\/\\\/stade-tourismus.de\\\/de\\\/saisoneroeffnung-in-der-festung-grauerort\\\/#breadcrumb\"},\"inLanguage\":\"de\",\"potentialAction\":[{\"@type\":\"ReadAction\",\"target\":[\"https:\\\/\\\/stade-tourismus.de\\\/de\\\/saisoneroeffnung-in-der-festung-grauerort\\\/\"]}]},{\"@type\":\"ImageObject\",\"inLanguage\":\"de\",\"@id\":\"https:\\\/\\\/stade-tourismus.de\\\/de\\\/saisoneroeffnung-in-der-festung-grauerort\\\/#primaryimage\",\"url\":\"https:\\\/\\\/stade-tourismus.de\\\/wp-content\\\/uploads\\\/2024\\\/03\\\/Tor-Grauerort.jpg\",\"contentUrl\":\"https:\\\/\\\/stade-tourismus.de\\\/wp-content\\\/uploads\\\/2024\\\/03\\\/Tor-Grauerort.jpg\",\"width\":526,\"height\":526},{\"@type\":\"BreadcrumbList\",\"@id\":\"https:\\\/\\\/stade-tourismus.de\\\/de\\\/saisoneroeffnung-in-der-festung-grauerort\\\/#breadcrumb\",\"itemListElement\":[{\"@type\":\"ListItem\",\"position\":1,\"name\":\"Startseite\",\"item\":\"https:\\\/\\\/stade-tourismus.de\\\/de\\\/\"},{\"@type\":\"ListItem\",\"position\":2,\"name\":\"Saisoner\u00f6ffnung in der Festung Grauerort\"}]},{\"@type\":\"WebSite\",\"@id\":\"https:\\\/\\\/stade-tourismus.de\\\/de\\\/#website\",\"url\":\"https:\\\/\\\/stade-tourismus.de\\\/de\\\/\",\"name\":\"STADE Marketing und Tourismus\",\"description\":\"\",\"publisher\":{\"@id\":\"https:\\\/\\\/stade-tourismus.de\\\/de\\\/#organization\"},\"potentialAction\":[{\"@type\":\"SearchAction\",\"target\":{\"@type\":\"EntryPoint\",\"urlTemplate\":\"https:\\\/\\\/stade-tourismus.de\\\/de\\\/?s={search_term_string}\"},\"query-input\":{\"@type\":\"PropertyValueSpecification\",\"valueRequired\":true,\"valueName\":\"search_term_string\"}}],\"inLanguage\":\"de\"},{\"@type\":\"Organization\",\"@id\":\"https:\\\/\\\/stade-tourismus.de\\\/de\\\/#organization\",\"name\":\"STADE Marketing und Tourismus GmbH\",\"url\":\"https:\\\/\\\/stade-tourismus.de\\\/de\\\/\",\"logo\":{\"@type\":\"ImageObject\",\"inLanguage\":\"de\",\"@id\":\"https:\\\/\\\/stade-tourismus.de\\\/de\\\/#\\\/schema\\\/logo\\\/image\\\/\",\"url\":\"http:\\\/\\\/stadetouri.webhost.city-map.com\\\/wp-content\\\/uploads\\\/2021\\\/03\\\/logo-300b.png\",\"contentUrl\":\"http:\\\/\\\/stadetouri.webhost.city-map.com\\\/wp-content\\\/uploads\\\/2021\\\/03\\\/logo-300b.png\",\"width\":300,\"height\":42,\"caption\":\"STADE Marketing und Tourismus GmbH\"},\"image\":{\"@id\":\"https:\\\/\\\/stade-tourismus.de\\\/de\\\/#\\\/schema\\\/logo\\\/image\\\/\"},\"sameAs\":[\"https:\\\/\\\/www.facebook.com\\\/stade.tourismus\",\"https:\\\/\\\/www.instagram.com\\\/stade_frischer_wind\\\/\",\"https:\\\/\\\/www.youtube.com\\\/results?search_query=stade tourismus\"]},{\"@type\":\"Person\",\"@id\":\"https:\\\/\\\/stade-tourismus.de\\\/de\\\/#\\\/schema\\\/person\\\/a851adc47fb682725cc5ea78f12ad794\",\"name\":\"Carina Meyer\"}]}<\/script>\n<!-- \/ Yoast SEO plugin. -->","yoast_head_json":{"title":"Saisoner\u00f6ffnung in der Festung Grauerort - STADE Marketing und Tourismus","robots":{"index":"index","follow":"follow","max-snippet":"max-snippet:-1","max-image-preview":"max-image-preview:large","max-video-preview":"max-video-preview:-1"},"canonical":"https:\/\/stade-tourismus.de\/de\/saisoneroeffnung-in-der-festung-grauerort\/","og_locale":"de_DE","og_type":"article","og_title":"Saisoner\u00f6ffnung in der Festung Grauerort - STADE Marketing und Tourismus","og_description":"Willkommen zur\u00fcck auf dem eindrucksvollen Artilleriefort Grauerort, nordwestlich von Stade nahe Abbenfleth. Errichtet von Preu\u00dfen zwischen 1869 und 1879 zum Schutz vor feindlichen Schiffen auf der Elbe, hat diese Festung nie das Schlachtfeld betreten. Heute jedoch erstrahlt sie als beliebter Austragungsort f\u00fcr Kulturveranstaltungen!Dank des unerm\u00fcdlichen Engagements des ehrenamtlichen Vereins ist Grauerort zu einem wahren Besuchermagneten [&hellip;]","og_url":"https:\/\/stade-tourismus.de\/de\/saisoneroeffnung-in-der-festung-grauerort\/","og_site_name":"STADE Marketing und Tourismus","article_publisher":"https:\/\/www.facebook.com\/stade.tourismus","article_published_time":"2024-03-28T13:42:18+00:00","article_modified_time":"2024-03-28T13:42:20+00:00","og_image":[{"width":526,"height":526,"url":"https:\/\/stade-tourismus.de\/wp-content\/uploads\/2024\/03\/Tor-Grauerort.jpg","type":"image\/jpeg"}],"author":"Carina Meyer","twitter_card":"summary_large_image","schema":{"@context":"https:\/\/schema.org","@graph":[{"@type":"Article","@id":"https:\/\/stade-tourismus.de\/de\/saisoneroeffnung-in-der-festung-grauerort\/#article","isPartOf":{"@id":"https:\/\/stade-tourismus.de\/de\/saisoneroeffnung-in-der-festung-grauerort\/"},"author":{"name":"Carina Meyer","@id":"https:\/\/stade-tourismus.de\/de\/#\/schema\/person\/a851adc47fb682725cc5ea78f12ad794"},"headline":"Saisoner\u00f6ffnung in der Festung Grauerort","datePublished":"2024-03-28T13:42:18+00:00","dateModified":"2024-03-28T13:42:20+00:00","mainEntityOfPage":{"@id":"https:\/\/stade-tourismus.de\/de\/saisoneroeffnung-in-der-festung-grauerort\/"},"wordCount":172,"publisher":{"@id":"https:\/\/stade-tourismus.de\/de\/#organization"},"image":{"@id":"https:\/\/stade-tourismus.de\/de\/saisoneroeffnung-in-der-festung-grauerort\/#primaryimage"},"thumbnailUrl":"https:\/\/stade-tourismus.de\/wp-content\/uploads\/2024\/03\/Tor-Grauerort.jpg","keywords":["Caf\u00e9","Festung Grauerort","historische Festung","Saisoner\u00f6ffnung","Stade"],"articleSection":["Stade-Schnack"],"inLanguage":"de"},{"@type":"WebPage","@id":"https:\/\/stade-tourismus.de\/de\/saisoneroeffnung-in-der-festung-grauerort\/","url":"https:\/\/stade-tourismus.de\/de\/saisoneroeffnung-in-der-festung-grauerort\/","name":"Saisoner\u00f6ffnung in der Festung Grauerort - STADE Marketing und Tourismus","isPartOf":{"@id":"https:\/\/stade-tourismus.de\/de\/#website"},"primaryImageOfPage":{"@id":"https:\/\/stade-tourismus.de\/de\/saisoneroeffnung-in-der-festung-grauerort\/#primaryimage"},"image":{"@id":"https:\/\/stade-tourismus.de\/de\/saisoneroeffnung-in-der-festung-grauerort\/#primaryimage"},"thumbnailUrl":"https:\/\/stade-tourismus.de\/wp-content\/uploads\/2024\/03\/Tor-Grauerort.jpg","datePublished":"2024-03-28T13:42:18+00:00","dateModified":"2024-03-28T13:42:20+00:00","breadcrumb":{"@id":"https:\/\/stade-tourismus.de\/de\/saisoneroeffnung-in-der-festung-grauerort\/#breadcrumb"},"inLanguage":"de","potentialAction":[{"@type":"ReadAction","target":["https:\/\/stade-tourismus.de\/de\/saisoneroeffnung-in-der-festung-grauerort\/"]}]},{"@type":"ImageObject","inLanguage":"de","@id":"https:\/\/stade-tourismus.de\/de\/saisoneroeffnung-in-der-festung-grauerort\/#primaryimage","url":"https:\/\/stade-tourismus.de\/wp-content\/uploads\/2024\/03\/Tor-Grauerort.jpg","contentUrl":"https:\/\/stade-tourismus.de\/wp-content\/uploads\/2024\/03\/Tor-Grauerort.jpg","width":526,"height":526},{"@type":"BreadcrumbList","@id":"https:\/\/stade-tourismus.de\/de\/saisoneroeffnung-in-der-festung-grauerort\/#breadcrumb","itemListElement":[{"@type":"ListItem","position":1,"name":"Startseite","item":"https:\/\/stade-tourismus.de\/de\/"},{"@type":"ListItem","position":2,"name":"Saisoner\u00f6ffnung in der Festung Grauerort"}]},{"@type":"WebSite","@id":"https:\/\/stade-tourismus.de\/de\/#website","url":"https:\/\/stade-tourismus.de\/de\/","name":"STADE Marketing und Tourismus","description":"","publisher":{"@id":"https:\/\/stade-tourismus.de\/de\/#organization"},"potentialAction":[{"@type":"SearchAction","target":{"@type":"EntryPoint","urlTemplate":"https:\/\/stade-tourismus.de\/de\/?s={search_term_string}"},"query-input":{"@type":"PropertyValueSpecification","valueRequired":true,"valueName":"search_term_string"}}],"inLanguage":"de"},{"@type":"Organization","@id":"https:\/\/stade-tourismus.de\/de\/#organization","name":"STADE Marketing und Tourismus GmbH","url":"https:\/\/stade-tourismus.de\/de\/","logo":{"@type":"ImageObject","inLanguage":"de","@id":"https:\/\/stade-tourismus.de\/de\/#\/schema\/logo\/image\/","url":"http:\/\/stadetouri.webhost.city-map.com\/wp-content\/uploads\/2021\/03\/logo-300b.png","contentUrl":"http:\/\/stadetouri.webhost.city-map.com\/wp-content\/uploads\/2021\/03\/logo-300b.png","width":300,"height":42,"caption":"STADE Marketing und Tourismus GmbH"},"image":{"@id":"https:\/\/stade-tourismus.de\/de\/#\/schema\/logo\/image\/"},"sameAs":["https:\/\/www.facebook.com\/stade.tourismus","https:\/\/www.instagram.com\/stade_frischer_wind\/","https:\/\/www.youtube.com\/results?search_query=stade tourismus"]},{"@type":"Person","@id":"https:\/\/stade-tourismus.de\/de\/#\/schema\/person\/a851adc47fb682725cc5ea78f12ad794","name":"Carina Meyer"}]}},"_links":{"self":[{"href":"https:\/\/stade-tourismus.de\/de\/wp-json\/wp\/v2\/posts\/35489","targetHints":{"allow":["GET"]}}],"collection":[{"href":"https:\/\/stade-tourismus.de\/de\/wp-json\/wp\/v2\/posts"}],"about":[{"href":"https:\/\/stade-tourismus.de\/de\/wp-json\/wp\/v2\/types\/post"}],"author":[{"embeddable":true,"href":"https:\/\/stade-tourismus.de\/de\/wp-json\/wp\/v2\/users\/2"}],"replies":[{"embeddable":true,"href":"https:\/\/stade-tourismus.de\/de\/wp-json\/wp\/v2\/comments?post=35489"}],"version-history":[{"count":0,"href":"https:\/\/stade-tourismus.de\/de\/wp-json\/wp\/v2\/posts\/35489\/revisions"}],"wp:featuredmedia":[{"embeddable":true,"href":"https:\/\/stade-tourismus.de\/de\/wp-json\/wp\/v2\/media\/35490"}],"wp:attachment":[{"href":"https:\/\/stade-tourismus.de\/de\/wp-json\/wp\/v2\/media?parent=35489"}],"wp:term":[{"taxonomy":"category","embeddable":true,"href":"https:\/\/stade-tourismus.de\/de\/wp-json\/wp\/v2\/categories?post=35489"},{"taxonomy":"post_tag","embeddable":true,"href":"https:\/\/stade-tourismus.de\/de\/wp-json\/wp\/v2\/tags?post=35489"}],"curies":[{"name":"wp","href":"https:\/\/api.w.org\/{rel}","templated":true}]}}