{"id":35492,"date":"2024-03-28T14:53:46","date_gmt":"2024-03-28T13:53:46","guid":{"rendered":"https:\/\/stade-tourismus.de\/?p=35492"},"modified":"2024-03-28T14:53:48","modified_gmt":"2024-03-28T13:53:48","slug":"stellplatz-des-jahres-2024","status":"publish","type":"post","link":"https:\/\/stade-tourismus.de\/de\/stellplatz-des-jahres-2024\/","title":{"rendered":"Stellplatz des Jahres 2024"},"content":{"rendered":"\n<p>Wir sind gl\u00fccklich verk\u00fcnden zu d\u00fcrfen, dass unser Wohnmobilstellplatz am Schiffertor erneut zum beliebtesten Wohnmobilstellplatz Deutschlands gek\u00fcrt wurde. <br>Bei den Stellpl\u00e4tzen in der Gr\u00f6\u00dfenkategorie f\u00fcr 51 bis 80 Wohnmobile hat der Platz die Leser von promobil erneut \u00fcberzeugt. Zum bereits dritten Mal in Folge durfte der Stader Stellplatz das Siegertreppchen erklimmen. In den \u00fcber 15 Jahren unseres Bestehens wurden wir in der Leserwahl immer unter den TOP 5 gew\u00e4hlt.<\/p>\n\n\n\n<p>Mit den Osterfeiertagen \u00f6ffnet auf unserem Ganzjahresplatz auch wieder die Schifferlounge mit neuen Betreibern die Tore, und zwar jeweils von Donnerstag bis Samstag von 17 bis 22 Uhr.<\/p>\n\n\n\n<p>Und auch der beliebte Br\u00f6tchenservice f\u00fcr die Wohnmobilg\u00e4ste wird ab sofort wieder angeboten.<\/p>\n\n\n\n<p><a href=\"https:\/\/stade-tourismus.de\/de\/planen-und-buchen\/uebernachten\/mit-dem-wohnmobil-in-stade\/wohnmobilstellplatz-am-schiffertor\/\">Zur Seite&#8230;<\/a><\/p>\n","protected":false},"excerpt":{"rendered":"<p>Wir sind gl\u00fccklich verk\u00fcnden zu d\u00fcrfen, dass unser Wohnmobilstellplatz am Schiffertor erneut zum beliebtesten Wohnmobilstellplatz Deutschlands gek\u00fcrt wurde. Bei den Stellpl\u00e4tzen in der Gr\u00f6\u00dfenkategorie f\u00fcr 51 bis 80 Wohnmobile hat der Platz die Leser von promobil erneut \u00fcberzeugt. Zum bereits dritten Mal in Folge durfte der Stader Stellplatz das Siegertreppchen erklimmen. In den \u00fcber 15 [&hellip;]<\/p>\n","protected":false},"author":2,"featured_media":35493,"comment_status":"closed","ping_status":"closed","sticky":false,"template":"","format":"standard","meta":{"footnotes":""},"categories":[4],"tags":[258,259,76,256],"class_list":["post-35492","post","type-post","status-publish","format-standard","has-post-thumbnail","hentry","category-stade-schnack","tag-auszeichnung","tag-promobil-leserwahl","tag-stade","tag-stellplatz-des-jahres"],"yoast_head":"<!-- This site is optimized with the Yoast SEO plugin v27.3 - https:\/\/yoast.com\/product\/yoast-seo-wordpress\/ -->\n<title>Stellplatz des Jahres 2024 - STADE Marketing und Tourismus<\/title>\n<meta name=\"robots\" content=\"index, follow, max-snippet:-1, max-image-preview:large, max-video-preview:-1\" \/>\n<link rel=\"canonical\" href=\"https:\/\/stade-tourismus.de\/de\/stellplatz-des-jahres-2024\/\" \/>\n<meta property=\"og:locale\" content=\"de_DE\" \/>\n<meta property=\"og:type\" content=\"article\" \/>\n<meta property=\"og:title\" content=\"Stellplatz des Jahres 2024 - STADE Marketing und Tourismus\" \/>\n<meta property=\"og:description\" content=\"Wir sind gl\u00fccklich verk\u00fcnden zu d\u00fcrfen, dass unser Wohnmobilstellplatz am Schiffertor erneut zum beliebtesten Wohnmobilstellplatz Deutschlands gek\u00fcrt wurde. Bei den Stellpl\u00e4tzen in der Gr\u00f6\u00dfenkategorie f\u00fcr 51 bis 80 Wohnmobile hat der Platz die Leser von promobil erneut \u00fcberzeugt. Zum bereits dritten Mal in Folge durfte der Stader Stellplatz das Siegertreppchen erklimmen. In den \u00fcber 15 [&hellip;]\" \/>\n<meta property=\"og:url\" content=\"https:\/\/stade-tourismus.de\/de\/stellplatz-des-jahres-2024\/\" \/>\n<meta property=\"og:site_name\" content=\"STADE Marketing und Tourismus\" \/>\n<meta property=\"article:publisher\" content=\"https:\/\/www.facebook.com\/stade.tourismus\" \/>\n<meta property=\"article:published_time\" content=\"2024-03-28T13:53:46+00:00\" \/>\n<meta property=\"article:modified_time\" content=\"2024-03-28T13:53:48+00:00\" \/>\n<meta property=\"og:image\" content=\"https:\/\/stade-tourismus.de\/wp-content\/uploads\/2024\/03\/Stellplatz-des-Jahres-2024.jpg\" \/>\n\t<meta property=\"og:image:width\" content=\"2046\" \/>\n\t<meta property=\"og:image:height\" content=\"2048\" \/>\n\t<meta property=\"og:image:type\" content=\"image\/jpeg\" \/>\n<meta name=\"author\" content=\"Carina Meyer\" \/>\n<meta name=\"twitter:card\" content=\"summary_large_image\" \/>\n<script type=\"application\/ld+json\" class=\"yoast-schema-graph\">{\"@context\":\"https:\\\/\\\/schema.org\",\"@graph\":[{\"@type\":\"Article\",\"@id\":\"https:\\\/\\\/stade-tourismus.de\\\/de\\\/stellplatz-des-jahres-2024\\\/#article\",\"isPartOf\":{\"@id\":\"https:\\\/\\\/stade-tourismus.de\\\/de\\\/stellplatz-des-jahres-2024\\\/\"},\"author\":{\"name\":\"Carina Meyer\",\"@id\":\"https:\\\/\\\/stade-tourismus.de\\\/de\\\/#\\\/schema\\\/person\\\/a851adc47fb682725cc5ea78f12ad794\"},\"headline\":\"Stellplatz des Jahres 2024\",\"datePublished\":\"2024-03-28T13:53:46+00:00\",\"dateModified\":\"2024-03-28T13:53:48+00:00\",\"mainEntityOfPage\":{\"@id\":\"https:\\\/\\\/stade-tourismus.de\\\/de\\\/stellplatz-des-jahres-2024\\\/\"},\"wordCount\":120,\"publisher\":{\"@id\":\"https:\\\/\\\/stade-tourismus.de\\\/de\\\/#organization\"},\"image\":{\"@id\":\"https:\\\/\\\/stade-tourismus.de\\\/de\\\/stellplatz-des-jahres-2024\\\/#primaryimage\"},\"thumbnailUrl\":\"https:\\\/\\\/stade-tourismus.de\\\/wp-content\\\/uploads\\\/2024\\\/03\\\/Stellplatz-des-Jahres-2024.jpg\",\"keywords\":[\"Auszeichnung\",\"promobil-Leserwahl\",\"Stade\",\"Stellplatz des Jahres\"],\"articleSection\":[\"Stade-Schnack\"],\"inLanguage\":\"de\"},{\"@type\":\"WebPage\",\"@id\":\"https:\\\/\\\/stade-tourismus.de\\\/de\\\/stellplatz-des-jahres-2024\\\/\",\"url\":\"https:\\\/\\\/stade-tourismus.de\\\/de\\\/stellplatz-des-jahres-2024\\\/\",\"name\":\"Stellplatz des Jahres 2024 - STADE Marketing und Tourismus\",\"isPartOf\":{\"@id\":\"https:\\\/\\\/stade-tourismus.de\\\/de\\\/#website\"},\"primaryImageOfPage\":{\"@id\":\"https:\\\/\\\/stade-tourismus.de\\\/de\\\/stellplatz-des-jahres-2024\\\/#primaryimage\"},\"image\":{\"@id\":\"https:\\\/\\\/stade-tourismus.de\\\/de\\\/stellplatz-des-jahres-2024\\\/#primaryimage\"},\"thumbnailUrl\":\"https:\\\/\\\/stade-tourismus.de\\\/wp-content\\\/uploads\\\/2024\\\/03\\\/Stellplatz-des-Jahres-2024.jpg\",\"datePublished\":\"2024-03-28T13:53:46+00:00\",\"dateModified\":\"2024-03-28T13:53:48+00:00\",\"breadcrumb\":{\"@id\":\"https:\\\/\\\/stade-tourismus.de\\\/de\\\/stellplatz-des-jahres-2024\\\/#breadcrumb\"},\"inLanguage\":\"de\",\"potentialAction\":[{\"@type\":\"ReadAction\",\"target\":[\"https:\\\/\\\/stade-tourismus.de\\\/de\\\/stellplatz-des-jahres-2024\\\/\"]}]},{\"@type\":\"ImageObject\",\"inLanguage\":\"de\",\"@id\":\"https:\\\/\\\/stade-tourismus.de\\\/de\\\/stellplatz-des-jahres-2024\\\/#primaryimage\",\"url\":\"https:\\\/\\\/stade-tourismus.de\\\/wp-content\\\/uploads\\\/2024\\\/03\\\/Stellplatz-des-Jahres-2024.jpg\",\"contentUrl\":\"https:\\\/\\\/stade-tourismus.de\\\/wp-content\\\/uploads\\\/2024\\\/03\\\/Stellplatz-des-Jahres-2024.jpg\",\"width\":2046,\"height\":2048},{\"@type\":\"BreadcrumbList\",\"@id\":\"https:\\\/\\\/stade-tourismus.de\\\/de\\\/stellplatz-des-jahres-2024\\\/#breadcrumb\",\"itemListElement\":[{\"@type\":\"ListItem\",\"position\":1,\"name\":\"Startseite\",\"item\":\"https:\\\/\\\/stade-tourismus.de\\\/de\\\/\"},{\"@type\":\"ListItem\",\"position\":2,\"name\":\"Stellplatz des Jahres 2024\"}]},{\"@type\":\"WebSite\",\"@id\":\"https:\\\/\\\/stade-tourismus.de\\\/de\\\/#website\",\"url\":\"https:\\\/\\\/stade-tourismus.de\\\/de\\\/\",\"name\":\"STADE Marketing und Tourismus\",\"description\":\"\",\"publisher\":{\"@id\":\"https:\\\/\\\/stade-tourismus.de\\\/de\\\/#organization\"},\"potentialAction\":[{\"@type\":\"SearchAction\",\"target\":{\"@type\":\"EntryPoint\",\"urlTemplate\":\"https:\\\/\\\/stade-tourismus.de\\\/de\\\/?s={search_term_string}\"},\"query-input\":{\"@type\":\"PropertyValueSpecification\",\"valueRequired\":true,\"valueName\":\"search_term_string\"}}],\"inLanguage\":\"de\"},{\"@type\":\"Organization\",\"@id\":\"https:\\\/\\\/stade-tourismus.de\\\/de\\\/#organization\",\"name\":\"STADE Marketing und Tourismus GmbH\",\"url\":\"https:\\\/\\\/stade-tourismus.de\\\/de\\\/\",\"logo\":{\"@type\":\"ImageObject\",\"inLanguage\":\"de\",\"@id\":\"https:\\\/\\\/stade-tourismus.de\\\/de\\\/#\\\/schema\\\/logo\\\/image\\\/\",\"url\":\"http:\\\/\\\/stadetouri.webhost.city-map.com\\\/wp-content\\\/uploads\\\/2021\\\/03\\\/logo-300b.png\",\"contentUrl\":\"http:\\\/\\\/stadetouri.webhost.city-map.com\\\/wp-content\\\/uploads\\\/2021\\\/03\\\/logo-300b.png\",\"width\":300,\"height\":42,\"caption\":\"STADE Marketing und Tourismus GmbH\"},\"image\":{\"@id\":\"https:\\\/\\\/stade-tourismus.de\\\/de\\\/#\\\/schema\\\/logo\\\/image\\\/\"},\"sameAs\":[\"https:\\\/\\\/www.facebook.com\\\/stade.tourismus\",\"https:\\\/\\\/www.instagram.com\\\/stade_frischer_wind\\\/\",\"https:\\\/\\\/www.youtube.com\\\/results?search_query=stade tourismus\"]},{\"@type\":\"Person\",\"@id\":\"https:\\\/\\\/stade-tourismus.de\\\/de\\\/#\\\/schema\\\/person\\\/a851adc47fb682725cc5ea78f12ad794\",\"name\":\"Carina Meyer\"}]}<\/script>\n<!-- \/ Yoast SEO plugin. -->","yoast_head_json":{"title":"Stellplatz des Jahres 2024 - STADE Marketing und Tourismus","robots":{"index":"index","follow":"follow","max-snippet":"max-snippet:-1","max-image-preview":"max-image-preview:large","max-video-preview":"max-video-preview:-1"},"canonical":"https:\/\/stade-tourismus.de\/de\/stellplatz-des-jahres-2024\/","og_locale":"de_DE","og_type":"article","og_title":"Stellplatz des Jahres 2024 - STADE Marketing und Tourismus","og_description":"Wir sind gl\u00fccklich verk\u00fcnden zu d\u00fcrfen, dass unser Wohnmobilstellplatz am Schiffertor erneut zum beliebtesten Wohnmobilstellplatz Deutschlands gek\u00fcrt wurde. Bei den Stellpl\u00e4tzen in der Gr\u00f6\u00dfenkategorie f\u00fcr 51 bis 80 Wohnmobile hat der Platz die Leser von promobil erneut \u00fcberzeugt. Zum bereits dritten Mal in Folge durfte der Stader Stellplatz das Siegertreppchen erklimmen. In den \u00fcber 15 [&hellip;]","og_url":"https:\/\/stade-tourismus.de\/de\/stellplatz-des-jahres-2024\/","og_site_name":"STADE Marketing und Tourismus","article_publisher":"https:\/\/www.facebook.com\/stade.tourismus","article_published_time":"2024-03-28T13:53:46+00:00","article_modified_time":"2024-03-28T13:53:48+00:00","og_image":[{"width":2046,"height":2048,"url":"https:\/\/stade-tourismus.de\/wp-content\/uploads\/2024\/03\/Stellplatz-des-Jahres-2024.jpg","type":"image\/jpeg"}],"author":"Carina Meyer","twitter_card":"summary_large_image","schema":{"@context":"https:\/\/schema.org","@graph":[{"@type":"Article","@id":"https:\/\/stade-tourismus.de\/de\/stellplatz-des-jahres-2024\/#article","isPartOf":{"@id":"https:\/\/stade-tourismus.de\/de\/stellplatz-des-jahres-2024\/"},"author":{"name":"Carina Meyer","@id":"https:\/\/stade-tourismus.de\/de\/#\/schema\/person\/a851adc47fb682725cc5ea78f12ad794"},"headline":"Stellplatz des Jahres 2024","datePublished":"2024-03-28T13:53:46+00:00","dateModified":"2024-03-28T13:53:48+00:00","mainEntityOfPage":{"@id":"https:\/\/stade-tourismus.de\/de\/stellplatz-des-jahres-2024\/"},"wordCount":120,"publisher":{"@id":"https:\/\/stade-tourismus.de\/de\/#organization"},"image":{"@id":"https:\/\/stade-tourismus.de\/de\/stellplatz-des-jahres-2024\/#primaryimage"},"thumbnailUrl":"https:\/\/stade-tourismus.de\/wp-content\/uploads\/2024\/03\/Stellplatz-des-Jahres-2024.jpg","keywords":["Auszeichnung","promobil-Leserwahl","Stade","Stellplatz des Jahres"],"articleSection":["Stade-Schnack"],"inLanguage":"de"},{"@type":"WebPage","@id":"https:\/\/stade-tourismus.de\/de\/stellplatz-des-jahres-2024\/","url":"https:\/\/stade-tourismus.de\/de\/stellplatz-des-jahres-2024\/","name":"Stellplatz des Jahres 2024 - STADE Marketing und Tourismus","isPartOf":{"@id":"https:\/\/stade-tourismus.de\/de\/#website"},"primaryImageOfPage":{"@id":"https:\/\/stade-tourismus.de\/de\/stellplatz-des-jahres-2024\/#primaryimage"},"image":{"@id":"https:\/\/stade-tourismus.de\/de\/stellplatz-des-jahres-2024\/#primaryimage"},"thumbnailUrl":"https:\/\/stade-tourismus.de\/wp-content\/uploads\/2024\/03\/Stellplatz-des-Jahres-2024.jpg","datePublished":"2024-03-28T13:53:46+00:00","dateModified":"2024-03-28T13:53:48+00:00","breadcrumb":{"@id":"https:\/\/stade-tourismus.de\/de\/stellplatz-des-jahres-2024\/#breadcrumb"},"inLanguage":"de","potentialAction":[{"@type":"ReadAction","target":["https:\/\/stade-tourismus.de\/de\/stellplatz-des-jahres-2024\/"]}]},{"@type":"ImageObject","inLanguage":"de","@id":"https:\/\/stade-tourismus.de\/de\/stellplatz-des-jahres-2024\/#primaryimage","url":"https:\/\/stade-tourismus.de\/wp-content\/uploads\/2024\/03\/Stellplatz-des-Jahres-2024.jpg","contentUrl":"https:\/\/stade-tourismus.de\/wp-content\/uploads\/2024\/03\/Stellplatz-des-Jahres-2024.jpg","width":2046,"height":2048},{"@type":"BreadcrumbList","@id":"https:\/\/stade-tourismus.de\/de\/stellplatz-des-jahres-2024\/#breadcrumb","itemListElement":[{"@type":"ListItem","position":1,"name":"Startseite","item":"https:\/\/stade-tourismus.de\/de\/"},{"@type":"ListItem","position":2,"name":"Stellplatz des Jahres 2024"}]},{"@type":"WebSite","@id":"https:\/\/stade-tourismus.de\/de\/#website","url":"https:\/\/stade-tourismus.de\/de\/","name":"STADE Marketing und Tourismus","description":"","publisher":{"@id":"https:\/\/stade-tourismus.de\/de\/#organization"},"potentialAction":[{"@type":"SearchAction","target":{"@type":"EntryPoint","urlTemplate":"https:\/\/stade-tourismus.de\/de\/?s={search_term_string}"},"query-input":{"@type":"PropertyValueSpecification","valueRequired":true,"valueName":"search_term_string"}}],"inLanguage":"de"},{"@type":"Organization","@id":"https:\/\/stade-tourismus.de\/de\/#organization","name":"STADE Marketing und Tourismus GmbH","url":"https:\/\/stade-tourismus.de\/de\/","logo":{"@type":"ImageObject","inLanguage":"de","@id":"https:\/\/stade-tourismus.de\/de\/#\/schema\/logo\/image\/","url":"http:\/\/stadetouri.webhost.city-map.com\/wp-content\/uploads\/2021\/03\/logo-300b.png","contentUrl":"http:\/\/stadetouri.webhost.city-map.com\/wp-content\/uploads\/2021\/03\/logo-300b.png","width":300,"height":42,"caption":"STADE Marketing und Tourismus GmbH"},"image":{"@id":"https:\/\/stade-tourismus.de\/de\/#\/schema\/logo\/image\/"},"sameAs":["https:\/\/www.facebook.com\/stade.tourismus","https:\/\/www.instagram.com\/stade_frischer_wind\/","https:\/\/www.youtube.com\/results?search_query=stade tourismus"]},{"@type":"Person","@id":"https:\/\/stade-tourismus.de\/de\/#\/schema\/person\/a851adc47fb682725cc5ea78f12ad794","name":"Carina Meyer"}]}},"_links":{"self":[{"href":"https:\/\/stade-tourismus.de\/de\/wp-json\/wp\/v2\/posts\/35492","targetHints":{"allow":["GET"]}}],"collection":[{"href":"https:\/\/stade-tourismus.de\/de\/wp-json\/wp\/v2\/posts"}],"about":[{"href":"https:\/\/stade-tourismus.de\/de\/wp-json\/wp\/v2\/types\/post"}],"author":[{"embeddable":true,"href":"https:\/\/stade-tourismus.de\/de\/wp-json\/wp\/v2\/users\/2"}],"replies":[{"embeddable":true,"href":"https:\/\/stade-tourismus.de\/de\/wp-json\/wp\/v2\/comments?post=35492"}],"version-history":[{"count":0,"href":"https:\/\/stade-tourismus.de\/de\/wp-json\/wp\/v2\/posts\/35492\/revisions"}],"wp:featuredmedia":[{"embeddable":true,"href":"https:\/\/stade-tourismus.de\/de\/wp-json\/wp\/v2\/media\/35493"}],"wp:attachment":[{"href":"https:\/\/stade-tourismus.de\/de\/wp-json\/wp\/v2\/media?parent=35492"}],"wp:term":[{"taxonomy":"category","embeddable":true,"href":"https:\/\/stade-tourismus.de\/de\/wp-json\/wp\/v2\/categories?post=35492"},{"taxonomy":"post_tag","embeddable":true,"href":"https:\/\/stade-tourismus.de\/de\/wp-json\/wp\/v2\/tags?post=35492"}],"curies":[{"name":"wp","href":"https:\/\/api.w.org\/{rel}","templated":true}]}}