{"id":35556,"date":"2024-03-29T12:16:43","date_gmt":"2024-03-29T11:16:43","guid":{"rendered":"https:\/\/stade-tourismus.de\/?p=35556"},"modified":"2024-04-11T15:58:17","modified_gmt":"2024-04-11T13:58:17","slug":"stader-fruehjahrsmarkt","status":"publish","type":"post","link":"https:\/\/stade-tourismus.de\/de\/stader-fruehjahrsmarkt\/","title":{"rendered":"Stader Fr\u00fchjahrsmarkt"},"content":{"rendered":"\n<p>Mit dem Fr\u00fchling h\u00e4lt auch endlich der Stader Fr\u00fchjahrsmarkt wieder Einzug in der Innenstadt. Vom 11. bis 15. April wird Stade wieder bunt und lebendig. <\/p>\n\n\n\n<p>Mit Imbissbuden, Zuckerb\u00e4ckern, Karussells und vielen anderen Fahrgesch\u00e4ften, die den Pferdemarkt, die Holzstra\u00dfe und den Platz Am Sande beleben. Die Er\u00f6ffnung am Donnerstag wird vom Chor der Pestalozzi Grundschule begleitet!<\/p>\n\n\n\n<p>Von Donnerstag bis Samstag k\u00f6nnt ihr von 11 bis 23 Uhr jede Menge Spa\u00df auf dem Platz am Sande haben. Am Sonntag und Montag ist der Jahrmarkt von 11 bis 22 Uhr ge\u00f6ffnet. <\/p>\n\n\n\n<p>Die Highlights sind der Autoscooter und der Musikexpress. Imbiss- und Verkaufsst\u00e4nde findet ihr in der Breiten Stra\u00dfe, Holzstra\u00dfe und am Pferdemarkt. Dort steht auch wieder der beliebte Jumper! Zus\u00e4tzlich gibt es zwei Kinderkarussells.<\/p>\n\n\n\n<p>Ein besonderes Highlight f\u00fcr die Kleinen am Sonntag, den 14. April: Das Kasperletheater auf dem Pferdemarkt! Um 13, 15 und 17 Uhr k\u00f6nnt ihr Kasperl, Seppel und ihre Freunde in aufregenden Abenteuern erleben. Der Eintritt ist dank der gro\u00dfz\u00fcgigen Unterst\u00fctzung der Schausteller frei! Kasperletheater mit Harry Hoppe: Lustige Geschichten f\u00fcr Kinder ab 3 Jahren und die ganze Familie! Traditionelles Puppenspiel und modernes Theater auf einer sch\u00f6nen B\u00fchne. Ein Spa\u00df f\u00fcr Jung und Alt!<\/p>\n\n\n\n<p>Am Montag, den 15. April, ist Familientag mit erm\u00e4\u00dfigten Preisen f\u00fcr Gro\u00df und Klein!<\/p>\n\n\n\n<p>Bitte beachtet: Der Wochenmarkt am Samstag, den 13. April, findet auf dem Busplatz\/Pferdemarkt statt.<\/p>\n\n\n\n<p>Kommt vorbei und erlebt mit uns den Fr\u00fchjahrsmarkt in Stade!<\/p>\n\n\n\n<p>Mehr Infos findet ihr <strong><a href=\"https:\/\/stade-tourismus.de\/de\/veranstaltungen-stade\/maerkte-in-stade\/stader-jahrmarkt\/\">hier<\/a><\/strong>.<\/p>\n","protected":false},"excerpt":{"rendered":"<p>Mit dem Fr\u00fchling h\u00e4lt auch endlich der Stader Fr\u00fchjahrsmarkt wieder Einzug in der Innenstadt. Vom 11. bis 15. April wird Stade wieder bunt und lebendig. Mit Imbissbuden, Zuckerb\u00e4ckern, Karussells und vielen anderen Fahrgesch\u00e4ften, die den Pferdemarkt, die Holzstra\u00dfe und den Platz Am Sande beleben. Die Er\u00f6ffnung am Donnerstag wird vom Chor der Pestalozzi Grundschule begleitet! [&hellip;]<\/p>\n","protected":false},"author":12,"featured_media":4404,"comment_status":"closed","ping_status":"closed","sticky":false,"template":"","format":"standard","meta":{"footnotes":""},"categories":[4],"tags":[201,108,109,76],"class_list":["post-35556","post","type-post","status-publish","format-standard","has-post-thumbnail","hentry","category-stade-schnack","tag-201","tag-fruehjahrsmarkt","tag-jahrmarkt","tag-stade"],"yoast_head":"<!-- This site is optimized with the Yoast SEO plugin v27.3 - https:\/\/yoast.com\/product\/yoast-seo-wordpress\/ -->\n<title>Stader Fr\u00fchjahrsmarkt - STADE Marketing und Tourismus<\/title>\n<meta name=\"description\" content=\"Mit dem Fr\u00fchling h\u00e4lt auch endlich der Fr\u00fchjahrsmarkt wieder Einzug in Stades Innenstadt. Vom 11. bis 15. April wird Stade wieder bunt.\" \/>\n<meta name=\"robots\" content=\"index, follow, max-snippet:-1, max-image-preview:large, max-video-preview:-1\" \/>\n<link rel=\"canonical\" href=\"https:\/\/stade-tourismus.de\/de\/stader-fruehjahrsmarkt\/\" \/>\n<meta property=\"og:locale\" content=\"de_DE\" \/>\n<meta property=\"og:type\" content=\"article\" \/>\n<meta property=\"og:title\" content=\"Stader Fr\u00fchjahrsmarkt - STADE Marketing und Tourismus\" \/>\n<meta property=\"og:description\" content=\"Mit dem Fr\u00fchling h\u00e4lt auch endlich der Fr\u00fchjahrsmarkt wieder Einzug in Stades Innenstadt. Vom 11. bis 15. April wird Stade wieder bunt.\" \/>\n<meta property=\"og:url\" content=\"https:\/\/stade-tourismus.de\/de\/stader-fruehjahrsmarkt\/\" \/>\n<meta property=\"og:site_name\" content=\"STADE Marketing und Tourismus\" \/>\n<meta property=\"article:publisher\" content=\"https:\/\/www.facebook.com\/stade.tourismus\" \/>\n<meta property=\"article:published_time\" content=\"2024-03-29T11:16:43+00:00\" \/>\n<meta property=\"article:modified_time\" content=\"2024-04-11T13:58:17+00:00\" \/>\n<meta property=\"og:image\" content=\"https:\/\/stade-tourismus.de\/wp-content\/uploads\/2021\/11\/Herbstmarkt_21_dm-35-scaled.jpg\" \/>\n\t<meta property=\"og:image:width\" content=\"2560\" \/>\n\t<meta property=\"og:image:height\" content=\"1707\" \/>\n\t<meta property=\"og:image:type\" content=\"image\/jpeg\" \/>\n<meta name=\"author\" content=\"bellmann\" \/>\n<meta name=\"twitter:card\" content=\"summary_large_image\" \/>\n<script type=\"application\/ld+json\" class=\"yoast-schema-graph\">{\"@context\":\"https:\\\/\\\/schema.org\",\"@graph\":[{\"@type\":\"Article\",\"@id\":\"https:\\\/\\\/stade-tourismus.de\\\/de\\\/stader-fruehjahrsmarkt\\\/#article\",\"isPartOf\":{\"@id\":\"https:\\\/\\\/stade-tourismus.de\\\/de\\\/stader-fruehjahrsmarkt\\\/\"},\"author\":{\"name\":\"bellmann\",\"@id\":\"https:\\\/\\\/stade-tourismus.de\\\/de\\\/#\\\/schema\\\/person\\\/e231f47b8e7acb612b388f505b6144ef\"},\"headline\":\"Stader Fr\u00fchjahrsmarkt\",\"datePublished\":\"2024-03-29T11:16:43+00:00\",\"dateModified\":\"2024-04-11T13:58:17+00:00\",\"mainEntityOfPage\":{\"@id\":\"https:\\\/\\\/stade-tourismus.de\\\/de\\\/stader-fruehjahrsmarkt\\\/\"},\"wordCount\":253,\"publisher\":{\"@id\":\"https:\\\/\\\/stade-tourismus.de\\\/de\\\/#organization\"},\"image\":{\"@id\":\"https:\\\/\\\/stade-tourismus.de\\\/de\\\/stader-fruehjahrsmarkt\\\/#primaryimage\"},\"thumbnailUrl\":\"https:\\\/\\\/stade-tourismus.de\\\/wp-content\\\/uploads\\\/2021\\\/11\\\/Herbstmarkt_21_dm-35-scaled.jpg\",\"keywords\":[\"2024\",\"Fr\u00fchjahrsmarkt\",\"Jahrmarkt\",\"Stade\"],\"articleSection\":[\"Stade-Schnack\"],\"inLanguage\":\"de\"},{\"@type\":\"WebPage\",\"@id\":\"https:\\\/\\\/stade-tourismus.de\\\/de\\\/stader-fruehjahrsmarkt\\\/\",\"url\":\"https:\\\/\\\/stade-tourismus.de\\\/de\\\/stader-fruehjahrsmarkt\\\/\",\"name\":\"Stader Fr\u00fchjahrsmarkt - STADE Marketing und Tourismus\",\"isPartOf\":{\"@id\":\"https:\\\/\\\/stade-tourismus.de\\\/de\\\/#website\"},\"primaryImageOfPage\":{\"@id\":\"https:\\\/\\\/stade-tourismus.de\\\/de\\\/stader-fruehjahrsmarkt\\\/#primaryimage\"},\"image\":{\"@id\":\"https:\\\/\\\/stade-tourismus.de\\\/de\\\/stader-fruehjahrsmarkt\\\/#primaryimage\"},\"thumbnailUrl\":\"https:\\\/\\\/stade-tourismus.de\\\/wp-content\\\/uploads\\\/2021\\\/11\\\/Herbstmarkt_21_dm-35-scaled.jpg\",\"datePublished\":\"2024-03-29T11:16:43+00:00\",\"dateModified\":\"2024-04-11T13:58:17+00:00\",\"description\":\"Mit dem Fr\u00fchling h\u00e4lt auch endlich der Fr\u00fchjahrsmarkt wieder Einzug in Stades Innenstadt. Vom 11. bis 15. April wird Stade wieder bunt.\",\"breadcrumb\":{\"@id\":\"https:\\\/\\\/stade-tourismus.de\\\/de\\\/stader-fruehjahrsmarkt\\\/#breadcrumb\"},\"inLanguage\":\"de\",\"potentialAction\":[{\"@type\":\"ReadAction\",\"target\":[\"https:\\\/\\\/stade-tourismus.de\\\/de\\\/stader-fruehjahrsmarkt\\\/\"]}]},{\"@type\":\"ImageObject\",\"inLanguage\":\"de\",\"@id\":\"https:\\\/\\\/stade-tourismus.de\\\/de\\\/stader-fruehjahrsmarkt\\\/#primaryimage\",\"url\":\"https:\\\/\\\/stade-tourismus.de\\\/wp-content\\\/uploads\\\/2021\\\/11\\\/Herbstmarkt_21_dm-35-scaled.jpg\",\"contentUrl\":\"https:\\\/\\\/stade-tourismus.de\\\/wp-content\\\/uploads\\\/2021\\\/11\\\/Herbstmarkt_21_dm-35-scaled.jpg\",\"width\":2560,\"height\":1707,\"caption\":\"Stader Jahrmarkt\"},{\"@type\":\"BreadcrumbList\",\"@id\":\"https:\\\/\\\/stade-tourismus.de\\\/de\\\/stader-fruehjahrsmarkt\\\/#breadcrumb\",\"itemListElement\":[{\"@type\":\"ListItem\",\"position\":1,\"name\":\"Startseite\",\"item\":\"https:\\\/\\\/stade-tourismus.de\\\/de\\\/\"},{\"@type\":\"ListItem\",\"position\":2,\"name\":\"Stader Fr\u00fchjahrsmarkt\"}]},{\"@type\":\"WebSite\",\"@id\":\"https:\\\/\\\/stade-tourismus.de\\\/de\\\/#website\",\"url\":\"https:\\\/\\\/stade-tourismus.de\\\/de\\\/\",\"name\":\"STADE Marketing und Tourismus\",\"description\":\"\",\"publisher\":{\"@id\":\"https:\\\/\\\/stade-tourismus.de\\\/de\\\/#organization\"},\"potentialAction\":[{\"@type\":\"SearchAction\",\"target\":{\"@type\":\"EntryPoint\",\"urlTemplate\":\"https:\\\/\\\/stade-tourismus.de\\\/de\\\/?s={search_term_string}\"},\"query-input\":{\"@type\":\"PropertyValueSpecification\",\"valueRequired\":true,\"valueName\":\"search_term_string\"}}],\"inLanguage\":\"de\"},{\"@type\":\"Organization\",\"@id\":\"https:\\\/\\\/stade-tourismus.de\\\/de\\\/#organization\",\"name\":\"STADE Marketing und Tourismus GmbH\",\"url\":\"https:\\\/\\\/stade-tourismus.de\\\/de\\\/\",\"logo\":{\"@type\":\"ImageObject\",\"inLanguage\":\"de\",\"@id\":\"https:\\\/\\\/stade-tourismus.de\\\/de\\\/#\\\/schema\\\/logo\\\/image\\\/\",\"url\":\"http:\\\/\\\/stadetouri.webhost.city-map.com\\\/wp-content\\\/uploads\\\/2021\\\/03\\\/logo-300b.png\",\"contentUrl\":\"http:\\\/\\\/stadetouri.webhost.city-map.com\\\/wp-content\\\/uploads\\\/2021\\\/03\\\/logo-300b.png\",\"width\":300,\"height\":42,\"caption\":\"STADE Marketing und Tourismus GmbH\"},\"image\":{\"@id\":\"https:\\\/\\\/stade-tourismus.de\\\/de\\\/#\\\/schema\\\/logo\\\/image\\\/\"},\"sameAs\":[\"https:\\\/\\\/www.facebook.com\\\/stade.tourismus\",\"https:\\\/\\\/www.instagram.com\\\/stade_frischer_wind\\\/\",\"https:\\\/\\\/www.youtube.com\\\/results?search_query=stade tourismus\"]},{\"@type\":\"Person\",\"@id\":\"https:\\\/\\\/stade-tourismus.de\\\/de\\\/#\\\/schema\\\/person\\\/e231f47b8e7acb612b388f505b6144ef\",\"name\":\"bellmann\"}]}<\/script>\n<!-- \/ Yoast SEO plugin. -->","yoast_head_json":{"title":"Stader Fr\u00fchjahrsmarkt - STADE Marketing und Tourismus","description":"Mit dem Fr\u00fchling h\u00e4lt auch endlich der Fr\u00fchjahrsmarkt wieder Einzug in Stades Innenstadt. Vom 11. bis 15. April wird Stade wieder bunt.","robots":{"index":"index","follow":"follow","max-snippet":"max-snippet:-1","max-image-preview":"max-image-preview:large","max-video-preview":"max-video-preview:-1"},"canonical":"https:\/\/stade-tourismus.de\/de\/stader-fruehjahrsmarkt\/","og_locale":"de_DE","og_type":"article","og_title":"Stader Fr\u00fchjahrsmarkt - STADE Marketing und Tourismus","og_description":"Mit dem Fr\u00fchling h\u00e4lt auch endlich der Fr\u00fchjahrsmarkt wieder Einzug in Stades Innenstadt. Vom 11. bis 15. April wird Stade wieder bunt.","og_url":"https:\/\/stade-tourismus.de\/de\/stader-fruehjahrsmarkt\/","og_site_name":"STADE Marketing und Tourismus","article_publisher":"https:\/\/www.facebook.com\/stade.tourismus","article_published_time":"2024-03-29T11:16:43+00:00","article_modified_time":"2024-04-11T13:58:17+00:00","og_image":[{"width":2560,"height":1707,"url":"https:\/\/stade-tourismus.de\/wp-content\/uploads\/2021\/11\/Herbstmarkt_21_dm-35-scaled.jpg","type":"image\/jpeg"}],"author":"bellmann","twitter_card":"summary_large_image","schema":{"@context":"https:\/\/schema.org","@graph":[{"@type":"Article","@id":"https:\/\/stade-tourismus.de\/de\/stader-fruehjahrsmarkt\/#article","isPartOf":{"@id":"https:\/\/stade-tourismus.de\/de\/stader-fruehjahrsmarkt\/"},"author":{"name":"bellmann","@id":"https:\/\/stade-tourismus.de\/de\/#\/schema\/person\/e231f47b8e7acb612b388f505b6144ef"},"headline":"Stader Fr\u00fchjahrsmarkt","datePublished":"2024-03-29T11:16:43+00:00","dateModified":"2024-04-11T13:58:17+00:00","mainEntityOfPage":{"@id":"https:\/\/stade-tourismus.de\/de\/stader-fruehjahrsmarkt\/"},"wordCount":253,"publisher":{"@id":"https:\/\/stade-tourismus.de\/de\/#organization"},"image":{"@id":"https:\/\/stade-tourismus.de\/de\/stader-fruehjahrsmarkt\/#primaryimage"},"thumbnailUrl":"https:\/\/stade-tourismus.de\/wp-content\/uploads\/2021\/11\/Herbstmarkt_21_dm-35-scaled.jpg","keywords":["2024","Fr\u00fchjahrsmarkt","Jahrmarkt","Stade"],"articleSection":["Stade-Schnack"],"inLanguage":"de"},{"@type":"WebPage","@id":"https:\/\/stade-tourismus.de\/de\/stader-fruehjahrsmarkt\/","url":"https:\/\/stade-tourismus.de\/de\/stader-fruehjahrsmarkt\/","name":"Stader Fr\u00fchjahrsmarkt - STADE Marketing und Tourismus","isPartOf":{"@id":"https:\/\/stade-tourismus.de\/de\/#website"},"primaryImageOfPage":{"@id":"https:\/\/stade-tourismus.de\/de\/stader-fruehjahrsmarkt\/#primaryimage"},"image":{"@id":"https:\/\/stade-tourismus.de\/de\/stader-fruehjahrsmarkt\/#primaryimage"},"thumbnailUrl":"https:\/\/stade-tourismus.de\/wp-content\/uploads\/2021\/11\/Herbstmarkt_21_dm-35-scaled.jpg","datePublished":"2024-03-29T11:16:43+00:00","dateModified":"2024-04-11T13:58:17+00:00","description":"Mit dem Fr\u00fchling h\u00e4lt auch endlich der Fr\u00fchjahrsmarkt wieder Einzug in Stades Innenstadt. Vom 11. bis 15. April wird Stade wieder bunt.","breadcrumb":{"@id":"https:\/\/stade-tourismus.de\/de\/stader-fruehjahrsmarkt\/#breadcrumb"},"inLanguage":"de","potentialAction":[{"@type":"ReadAction","target":["https:\/\/stade-tourismus.de\/de\/stader-fruehjahrsmarkt\/"]}]},{"@type":"ImageObject","inLanguage":"de","@id":"https:\/\/stade-tourismus.de\/de\/stader-fruehjahrsmarkt\/#primaryimage","url":"https:\/\/stade-tourismus.de\/wp-content\/uploads\/2021\/11\/Herbstmarkt_21_dm-35-scaled.jpg","contentUrl":"https:\/\/stade-tourismus.de\/wp-content\/uploads\/2021\/11\/Herbstmarkt_21_dm-35-scaled.jpg","width":2560,"height":1707,"caption":"Stader Jahrmarkt"},{"@type":"BreadcrumbList","@id":"https:\/\/stade-tourismus.de\/de\/stader-fruehjahrsmarkt\/#breadcrumb","itemListElement":[{"@type":"ListItem","position":1,"name":"Startseite","item":"https:\/\/stade-tourismus.de\/de\/"},{"@type":"ListItem","position":2,"name":"Stader Fr\u00fchjahrsmarkt"}]},{"@type":"WebSite","@id":"https:\/\/stade-tourismus.de\/de\/#website","url":"https:\/\/stade-tourismus.de\/de\/","name":"STADE Marketing und Tourismus","description":"","publisher":{"@id":"https:\/\/stade-tourismus.de\/de\/#organization"},"potentialAction":[{"@type":"SearchAction","target":{"@type":"EntryPoint","urlTemplate":"https:\/\/stade-tourismus.de\/de\/?s={search_term_string}"},"query-input":{"@type":"PropertyValueSpecification","valueRequired":true,"valueName":"search_term_string"}}],"inLanguage":"de"},{"@type":"Organization","@id":"https:\/\/stade-tourismus.de\/de\/#organization","name":"STADE Marketing und Tourismus GmbH","url":"https:\/\/stade-tourismus.de\/de\/","logo":{"@type":"ImageObject","inLanguage":"de","@id":"https:\/\/stade-tourismus.de\/de\/#\/schema\/logo\/image\/","url":"http:\/\/stadetouri.webhost.city-map.com\/wp-content\/uploads\/2021\/03\/logo-300b.png","contentUrl":"http:\/\/stadetouri.webhost.city-map.com\/wp-content\/uploads\/2021\/03\/logo-300b.png","width":300,"height":42,"caption":"STADE Marketing und Tourismus GmbH"},"image":{"@id":"https:\/\/stade-tourismus.de\/de\/#\/schema\/logo\/image\/"},"sameAs":["https:\/\/www.facebook.com\/stade.tourismus","https:\/\/www.instagram.com\/stade_frischer_wind\/","https:\/\/www.youtube.com\/results?search_query=stade tourismus"]},{"@type":"Person","@id":"https:\/\/stade-tourismus.de\/de\/#\/schema\/person\/e231f47b8e7acb612b388f505b6144ef","name":"bellmann"}]}},"_links":{"self":[{"href":"https:\/\/stade-tourismus.de\/de\/wp-json\/wp\/v2\/posts\/35556","targetHints":{"allow":["GET"]}}],"collection":[{"href":"https:\/\/stade-tourismus.de\/de\/wp-json\/wp\/v2\/posts"}],"about":[{"href":"https:\/\/stade-tourismus.de\/de\/wp-json\/wp\/v2\/types\/post"}],"author":[{"embeddable":true,"href":"https:\/\/stade-tourismus.de\/de\/wp-json\/wp\/v2\/users\/12"}],"replies":[{"embeddable":true,"href":"https:\/\/stade-tourismus.de\/de\/wp-json\/wp\/v2\/comments?post=35556"}],"version-history":[{"count":0,"href":"https:\/\/stade-tourismus.de\/de\/wp-json\/wp\/v2\/posts\/35556\/revisions"}],"wp:featuredmedia":[{"embeddable":true,"href":"https:\/\/stade-tourismus.de\/de\/wp-json\/wp\/v2\/media\/4404"}],"wp:attachment":[{"href":"https:\/\/stade-tourismus.de\/de\/wp-json\/wp\/v2\/media?parent=35556"}],"wp:term":[{"taxonomy":"category","embeddable":true,"href":"https:\/\/stade-tourismus.de\/de\/wp-json\/wp\/v2\/categories?post=35556"},{"taxonomy":"post_tag","embeddable":true,"href":"https:\/\/stade-tourismus.de\/de\/wp-json\/wp\/v2\/tags?post=35556"}],"curies":[{"name":"wp","href":"https:\/\/api.w.org\/{rel}","templated":true}]}}