{"id":35905,"date":"2024-04-22T15:15:22","date_gmt":"2024-04-22T13:15:22","guid":{"rendered":"https:\/\/stade-tourismus.de\/?p=35905"},"modified":"2024-04-22T15:17:53","modified_gmt":"2024-04-22T13:17:53","slug":"sonderfahrten-mit-der-frieda-zum-freiburger-hafenfest","status":"publish","type":"post","link":"https:\/\/stade-tourismus.de\/de\/sonderfahrten-mit-der-frieda-zum-freiburger-hafenfest\/","title":{"rendered":"Sonderfahrten mit der Frieda zum Freiburger Hafenfest"},"content":{"rendered":"\n<p>Am Wochenende von Freitag, 24. Mai, bis Sonntag, 26. Mai, feiert Freiburg an der Elbe sein Hafenfest mit vielen Traditionsschiffen, verschiedenen Attraktionen und abendlicher Live-Musik am Hafen. Der Giekewer Frieda nimmt auf seiner Hin- und R\u00fccktour zum Hafenfest ab und bis Stader Stadthafen G\u00e4ste mit an Bord.<br>Die Hintour startet am Samstag, 25. Mai, um 8 Uhr vom Stader Stadthafen. Die Frieda wird bei dieser Tour zum Hafenfest verholt und bleibt in Freiburg. Die Ankunft im Freiburger Hafen wird nach einem siebenst\u00fcndigen T\u00f6rn um 15 Uhr erwartet. Auf einem traditionellen Schiff lautlos um die Inseln segeln und die Natur auf sich wirken lassen &#8211; eine beeindruckende Erfahrung. Kaffee und Tee gibt es an Bord, Verpflegung kann gern mitgebracht werden. F\u00fcr den R\u00fcckweg von Freiburg aus nach Stade besteht beispielsweise die M\u00f6glichkeit, den Elbe-Radwanderbus zu nutzen. Tickets sind f\u00fcr 55 Euro f\u00fcr Erwachsene und 29,50 Euro f\u00fcr Kinder (6 \u2013 15 Jahre) erh\u00e4ltlich.<br>Vom Freiburger Hafenfest startet die Frieda am Sonntag, 26. Mai, um 15 Uhr in Freiburg. Der viertst\u00fcndige T\u00f6rn endet um ungef\u00e4hr 19 Uhr im Stader Stadthafen. Auch hier gibt es Kaffee und Tee an Bord, Verpflegung darf mitgebracht werden. Tickets sind f\u00fcr 44 Euro f\u00fcr Erwachsene und 24,50 Euro f\u00fcr Kinder (6-15 Jahre) erh\u00e4ltlich.<br>Weitere Informationen sowie Preise auch zu weiteren Fahrten der Frieda gibt es bei der Tourist-Information am Hafen, Hansestra\u00dfe 16, telefonisch unter 04141-776980 und online auf www.stade-tourismus.de.<\/p>\n\n\n\n<div data-wp-interactive=\"core\/file\" class=\"wp-block-file\"><object data-wp-bind--hidden=\"!state.hasPdfPreview\" hidden class=\"wp-block-file__embed\" data=\"https:\/\/stade-tourismus.de\/wp-content\/uploads\/2024\/04\/Sonderfahrten-Giekewer-Frieda-Freiburger-Hafenfest.pdf\" type=\"application\/pdf\" style=\"width:100%;height:600px\" aria-label=\"Einbettung von Sonderfahrten-Giekewer-Frieda-Freiburger-Hafenfest.\"><\/object><a id=\"wp-block-file--media-1d728086-8617-4b8b-b0bf-ffc21295cc0e\" href=\"https:\/\/stade-tourismus.de\/wp-content\/uploads\/2024\/04\/Sonderfahrten-Giekewer-Frieda-Freiburger-Hafenfest.pdf\">Sonderfahrten-Giekewer-Frieda-Freiburger-Hafenfest<\/a><a href=\"https:\/\/stade-tourismus.de\/wp-content\/uploads\/2024\/04\/Sonderfahrten-Giekewer-Frieda-Freiburger-Hafenfest.pdf\" class=\"wp-block-file__button wp-element-button\" download aria-describedby=\"wp-block-file--media-1d728086-8617-4b8b-b0bf-ffc21295cc0e\">Herunterladen<\/a><\/div>\n","protected":false},"excerpt":{"rendered":"<p>Am Wochenende von Freitag, 24. Mai, bis Sonntag, 26. Mai, feiert Freiburg an der Elbe sein Hafenfest mit vielen Traditionsschiffen, verschiedenen Attraktionen und abendlicher Live-Musik am Hafen. Der Giekewer Frieda nimmt auf seiner Hin- und R\u00fccktour zum Hafenfest ab und bis Stader Stadthafen G\u00e4ste mit an Bord.Die Hintour startet am Samstag, 25. Mai, um 8 [&hellip;]<\/p>\n","protected":false},"author":2,"featured_media":0,"comment_status":"closed","ping_status":"closed","sticky":false,"template":"","format":"standard","meta":{"footnotes":""},"categories":[42],"tags":[],"class_list":["post-35905","post","type-post","status-publish","format-standard","hentry","category-pressemitteilungen"],"yoast_head":"<!-- This site is optimized with the Yoast SEO plugin v27.3 - https:\/\/yoast.com\/product\/yoast-seo-wordpress\/ -->\n<title>Sonderfahrten mit der Frieda zum Freiburger Hafenfest - STADE Marketing und Tourismus<\/title>\n<meta name=\"robots\" content=\"index, follow, max-snippet:-1, max-image-preview:large, max-video-preview:-1\" \/>\n<link rel=\"canonical\" href=\"https:\/\/stade-tourismus.de\/de\/sonderfahrten-mit-der-frieda-zum-freiburger-hafenfest\/\" \/>\n<meta property=\"og:locale\" content=\"de_DE\" \/>\n<meta property=\"og:type\" content=\"article\" \/>\n<meta property=\"og:title\" content=\"Sonderfahrten mit der Frieda zum Freiburger Hafenfest - STADE Marketing und Tourismus\" \/>\n<meta property=\"og:description\" content=\"Am Wochenende von Freitag, 24. Mai, bis Sonntag, 26. Mai, feiert Freiburg an der Elbe sein Hafenfest mit vielen Traditionsschiffen, verschiedenen Attraktionen und abendlicher Live-Musik am Hafen. Der Giekewer Frieda nimmt auf seiner Hin- und R\u00fccktour zum Hafenfest ab und bis Stader Stadthafen G\u00e4ste mit an Bord.Die Hintour startet am Samstag, 25. Mai, um 8 [&hellip;]\" \/>\n<meta property=\"og:url\" content=\"https:\/\/stade-tourismus.de\/de\/sonderfahrten-mit-der-frieda-zum-freiburger-hafenfest\/\" \/>\n<meta property=\"og:site_name\" content=\"STADE Marketing und Tourismus\" \/>\n<meta property=\"article:publisher\" content=\"https:\/\/www.facebook.com\/stade.tourismus\" \/>\n<meta property=\"article:published_time\" content=\"2024-04-22T13:15:22+00:00\" \/>\n<meta property=\"article:modified_time\" content=\"2024-04-22T13:17:53+00:00\" \/>\n<meta property=\"og:image\" content=\"https:\/\/stade-tourismus.de\/wp-content\/uploads\/2021\/03\/logo-300b.png\" \/>\n\t<meta property=\"og:image:width\" content=\"300\" \/>\n\t<meta property=\"og:image:height\" content=\"42\" \/>\n\t<meta property=\"og:image:type\" content=\"image\/png\" \/>\n<meta name=\"author\" content=\"Carina Meyer\" \/>\n<meta name=\"twitter:card\" content=\"summary_large_image\" \/>\n<script type=\"application\/ld+json\" class=\"yoast-schema-graph\">{\"@context\":\"https:\\\/\\\/schema.org\",\"@graph\":[{\"@type\":\"Article\",\"@id\":\"https:\\\/\\\/stade-tourismus.de\\\/de\\\/sonderfahrten-mit-der-frieda-zum-freiburger-hafenfest\\\/#article\",\"isPartOf\":{\"@id\":\"https:\\\/\\\/stade-tourismus.de\\\/de\\\/sonderfahrten-mit-der-frieda-zum-freiburger-hafenfest\\\/\"},\"author\":{\"name\":\"Carina Meyer\",\"@id\":\"https:\\\/\\\/stade-tourismus.de\\\/de\\\/#\\\/schema\\\/person\\\/a851adc47fb682725cc5ea78f12ad794\"},\"headline\":\"Sonderfahrten mit der Frieda zum Freiburger Hafenfest\",\"datePublished\":\"2024-04-22T13:15:22+00:00\",\"dateModified\":\"2024-04-22T13:17:53+00:00\",\"mainEntityOfPage\":{\"@id\":\"https:\\\/\\\/stade-tourismus.de\\\/de\\\/sonderfahrten-mit-der-frieda-zum-freiburger-hafenfest\\\/\"},\"wordCount\":246,\"publisher\":{\"@id\":\"https:\\\/\\\/stade-tourismus.de\\\/de\\\/#organization\"},\"articleSection\":[\"Pressemitteilungen\"],\"inLanguage\":\"de\"},{\"@type\":\"WebPage\",\"@id\":\"https:\\\/\\\/stade-tourismus.de\\\/de\\\/sonderfahrten-mit-der-frieda-zum-freiburger-hafenfest\\\/\",\"url\":\"https:\\\/\\\/stade-tourismus.de\\\/de\\\/sonderfahrten-mit-der-frieda-zum-freiburger-hafenfest\\\/\",\"name\":\"Sonderfahrten mit der Frieda zum Freiburger Hafenfest - STADE Marketing und Tourismus\",\"isPartOf\":{\"@id\":\"https:\\\/\\\/stade-tourismus.de\\\/de\\\/#website\"},\"datePublished\":\"2024-04-22T13:15:22+00:00\",\"dateModified\":\"2024-04-22T13:17:53+00:00\",\"breadcrumb\":{\"@id\":\"https:\\\/\\\/stade-tourismus.de\\\/de\\\/sonderfahrten-mit-der-frieda-zum-freiburger-hafenfest\\\/#breadcrumb\"},\"inLanguage\":\"de\",\"potentialAction\":[{\"@type\":\"ReadAction\",\"target\":[\"https:\\\/\\\/stade-tourismus.de\\\/de\\\/sonderfahrten-mit-der-frieda-zum-freiburger-hafenfest\\\/\"]}]},{\"@type\":\"BreadcrumbList\",\"@id\":\"https:\\\/\\\/stade-tourismus.de\\\/de\\\/sonderfahrten-mit-der-frieda-zum-freiburger-hafenfest\\\/#breadcrumb\",\"itemListElement\":[{\"@type\":\"ListItem\",\"position\":1,\"name\":\"Startseite\",\"item\":\"https:\\\/\\\/stade-tourismus.de\\\/de\\\/\"},{\"@type\":\"ListItem\",\"position\":2,\"name\":\"Sonderfahrten mit der Frieda zum Freiburger Hafenfest\"}]},{\"@type\":\"WebSite\",\"@id\":\"https:\\\/\\\/stade-tourismus.de\\\/de\\\/#website\",\"url\":\"https:\\\/\\\/stade-tourismus.de\\\/de\\\/\",\"name\":\"STADE Marketing und Tourismus\",\"description\":\"\",\"publisher\":{\"@id\":\"https:\\\/\\\/stade-tourismus.de\\\/de\\\/#organization\"},\"potentialAction\":[{\"@type\":\"SearchAction\",\"target\":{\"@type\":\"EntryPoint\",\"urlTemplate\":\"https:\\\/\\\/stade-tourismus.de\\\/de\\\/?s={search_term_string}\"},\"query-input\":{\"@type\":\"PropertyValueSpecification\",\"valueRequired\":true,\"valueName\":\"search_term_string\"}}],\"inLanguage\":\"de\"},{\"@type\":\"Organization\",\"@id\":\"https:\\\/\\\/stade-tourismus.de\\\/de\\\/#organization\",\"name\":\"STADE Marketing und Tourismus GmbH\",\"url\":\"https:\\\/\\\/stade-tourismus.de\\\/de\\\/\",\"logo\":{\"@type\":\"ImageObject\",\"inLanguage\":\"de\",\"@id\":\"https:\\\/\\\/stade-tourismus.de\\\/de\\\/#\\\/schema\\\/logo\\\/image\\\/\",\"url\":\"http:\\\/\\\/stadetouri.webhost.city-map.com\\\/wp-content\\\/uploads\\\/2021\\\/03\\\/logo-300b.png\",\"contentUrl\":\"http:\\\/\\\/stadetouri.webhost.city-map.com\\\/wp-content\\\/uploads\\\/2021\\\/03\\\/logo-300b.png\",\"width\":300,\"height\":42,\"caption\":\"STADE Marketing und Tourismus GmbH\"},\"image\":{\"@id\":\"https:\\\/\\\/stade-tourismus.de\\\/de\\\/#\\\/schema\\\/logo\\\/image\\\/\"},\"sameAs\":[\"https:\\\/\\\/www.facebook.com\\\/stade.tourismus\",\"https:\\\/\\\/www.instagram.com\\\/stade_frischer_wind\\\/\",\"https:\\\/\\\/www.youtube.com\\\/results?search_query=stade tourismus\"]},{\"@type\":\"Person\",\"@id\":\"https:\\\/\\\/stade-tourismus.de\\\/de\\\/#\\\/schema\\\/person\\\/a851adc47fb682725cc5ea78f12ad794\",\"name\":\"Carina Meyer\"}]}<\/script>\n<!-- \/ Yoast SEO plugin. -->","yoast_head_json":{"title":"Sonderfahrten mit der Frieda zum Freiburger Hafenfest - STADE Marketing und Tourismus","robots":{"index":"index","follow":"follow","max-snippet":"max-snippet:-1","max-image-preview":"max-image-preview:large","max-video-preview":"max-video-preview:-1"},"canonical":"https:\/\/stade-tourismus.de\/de\/sonderfahrten-mit-der-frieda-zum-freiburger-hafenfest\/","og_locale":"de_DE","og_type":"article","og_title":"Sonderfahrten mit der Frieda zum Freiburger Hafenfest - STADE Marketing und Tourismus","og_description":"Am Wochenende von Freitag, 24. Mai, bis Sonntag, 26. Mai, feiert Freiburg an der Elbe sein Hafenfest mit vielen Traditionsschiffen, verschiedenen Attraktionen und abendlicher Live-Musik am Hafen. Der Giekewer Frieda nimmt auf seiner Hin- und R\u00fccktour zum Hafenfest ab und bis Stader Stadthafen G\u00e4ste mit an Bord.Die Hintour startet am Samstag, 25. Mai, um 8 [&hellip;]","og_url":"https:\/\/stade-tourismus.de\/de\/sonderfahrten-mit-der-frieda-zum-freiburger-hafenfest\/","og_site_name":"STADE Marketing und Tourismus","article_publisher":"https:\/\/www.facebook.com\/stade.tourismus","article_published_time":"2024-04-22T13:15:22+00:00","article_modified_time":"2024-04-22T13:17:53+00:00","og_image":[{"width":300,"height":42,"url":"https:\/\/stade-tourismus.de\/wp-content\/uploads\/2021\/03\/logo-300b.png","type":"image\/png"}],"author":"Carina Meyer","twitter_card":"summary_large_image","schema":{"@context":"https:\/\/schema.org","@graph":[{"@type":"Article","@id":"https:\/\/stade-tourismus.de\/de\/sonderfahrten-mit-der-frieda-zum-freiburger-hafenfest\/#article","isPartOf":{"@id":"https:\/\/stade-tourismus.de\/de\/sonderfahrten-mit-der-frieda-zum-freiburger-hafenfest\/"},"author":{"name":"Carina Meyer","@id":"https:\/\/stade-tourismus.de\/de\/#\/schema\/person\/a851adc47fb682725cc5ea78f12ad794"},"headline":"Sonderfahrten mit der Frieda zum Freiburger Hafenfest","datePublished":"2024-04-22T13:15:22+00:00","dateModified":"2024-04-22T13:17:53+00:00","mainEntityOfPage":{"@id":"https:\/\/stade-tourismus.de\/de\/sonderfahrten-mit-der-frieda-zum-freiburger-hafenfest\/"},"wordCount":246,"publisher":{"@id":"https:\/\/stade-tourismus.de\/de\/#organization"},"articleSection":["Pressemitteilungen"],"inLanguage":"de"},{"@type":"WebPage","@id":"https:\/\/stade-tourismus.de\/de\/sonderfahrten-mit-der-frieda-zum-freiburger-hafenfest\/","url":"https:\/\/stade-tourismus.de\/de\/sonderfahrten-mit-der-frieda-zum-freiburger-hafenfest\/","name":"Sonderfahrten mit der Frieda zum Freiburger Hafenfest - STADE Marketing und Tourismus","isPartOf":{"@id":"https:\/\/stade-tourismus.de\/de\/#website"},"datePublished":"2024-04-22T13:15:22+00:00","dateModified":"2024-04-22T13:17:53+00:00","breadcrumb":{"@id":"https:\/\/stade-tourismus.de\/de\/sonderfahrten-mit-der-frieda-zum-freiburger-hafenfest\/#breadcrumb"},"inLanguage":"de","potentialAction":[{"@type":"ReadAction","target":["https:\/\/stade-tourismus.de\/de\/sonderfahrten-mit-der-frieda-zum-freiburger-hafenfest\/"]}]},{"@type":"BreadcrumbList","@id":"https:\/\/stade-tourismus.de\/de\/sonderfahrten-mit-der-frieda-zum-freiburger-hafenfest\/#breadcrumb","itemListElement":[{"@type":"ListItem","position":1,"name":"Startseite","item":"https:\/\/stade-tourismus.de\/de\/"},{"@type":"ListItem","position":2,"name":"Sonderfahrten mit der Frieda zum Freiburger Hafenfest"}]},{"@type":"WebSite","@id":"https:\/\/stade-tourismus.de\/de\/#website","url":"https:\/\/stade-tourismus.de\/de\/","name":"STADE Marketing und Tourismus","description":"","publisher":{"@id":"https:\/\/stade-tourismus.de\/de\/#organization"},"potentialAction":[{"@type":"SearchAction","target":{"@type":"EntryPoint","urlTemplate":"https:\/\/stade-tourismus.de\/de\/?s={search_term_string}"},"query-input":{"@type":"PropertyValueSpecification","valueRequired":true,"valueName":"search_term_string"}}],"inLanguage":"de"},{"@type":"Organization","@id":"https:\/\/stade-tourismus.de\/de\/#organization","name":"STADE Marketing und Tourismus GmbH","url":"https:\/\/stade-tourismus.de\/de\/","logo":{"@type":"ImageObject","inLanguage":"de","@id":"https:\/\/stade-tourismus.de\/de\/#\/schema\/logo\/image\/","url":"http:\/\/stadetouri.webhost.city-map.com\/wp-content\/uploads\/2021\/03\/logo-300b.png","contentUrl":"http:\/\/stadetouri.webhost.city-map.com\/wp-content\/uploads\/2021\/03\/logo-300b.png","width":300,"height":42,"caption":"STADE Marketing und Tourismus GmbH"},"image":{"@id":"https:\/\/stade-tourismus.de\/de\/#\/schema\/logo\/image\/"},"sameAs":["https:\/\/www.facebook.com\/stade.tourismus","https:\/\/www.instagram.com\/stade_frischer_wind\/","https:\/\/www.youtube.com\/results?search_query=stade tourismus"]},{"@type":"Person","@id":"https:\/\/stade-tourismus.de\/de\/#\/schema\/person\/a851adc47fb682725cc5ea78f12ad794","name":"Carina Meyer"}]}},"_links":{"self":[{"href":"https:\/\/stade-tourismus.de\/de\/wp-json\/wp\/v2\/posts\/35905","targetHints":{"allow":["GET"]}}],"collection":[{"href":"https:\/\/stade-tourismus.de\/de\/wp-json\/wp\/v2\/posts"}],"about":[{"href":"https:\/\/stade-tourismus.de\/de\/wp-json\/wp\/v2\/types\/post"}],"author":[{"embeddable":true,"href":"https:\/\/stade-tourismus.de\/de\/wp-json\/wp\/v2\/users\/2"}],"replies":[{"embeddable":true,"href":"https:\/\/stade-tourismus.de\/de\/wp-json\/wp\/v2\/comments?post=35905"}],"version-history":[{"count":0,"href":"https:\/\/stade-tourismus.de\/de\/wp-json\/wp\/v2\/posts\/35905\/revisions"}],"wp:attachment":[{"href":"https:\/\/stade-tourismus.de\/de\/wp-json\/wp\/v2\/media?parent=35905"}],"wp:term":[{"taxonomy":"category","embeddable":true,"href":"https:\/\/stade-tourismus.de\/de\/wp-json\/wp\/v2\/categories?post=35905"},{"taxonomy":"post_tag","embeddable":true,"href":"https:\/\/stade-tourismus.de\/de\/wp-json\/wp\/v2\/tags?post=35905"}],"curies":[{"name":"wp","href":"https:\/\/api.w.org\/{rel}","templated":true}]}}