{"id":35908,"date":"2024-04-19T15:18:05","date_gmt":"2024-04-19T13:18:05","guid":{"rendered":"https:\/\/stade-tourismus.de\/?p=35908"},"modified":"2024-04-22T15:20:24","modified_gmt":"2024-04-22T13:20:24","slug":"greundiek-sonderfahrt-von-hamburg-nach-stade","status":"publish","type":"post","link":"https:\/\/stade-tourismus.de\/de\/greundiek-sonderfahrt-von-hamburg-nach-stade\/","title":{"rendered":"Greundiek Sonderfahrt von Hamburg nach Stade"},"content":{"rendered":"\n<p>Stades maritime Botschafterin, das Traditionsschiff \u201eMS Greundiek\u201c, startet am Montag, 29. April, einmalig in umgekehrter Richtung und legt nachmittags von den Hamburger Landungsbr\u00fccken gen Stade ab. Eine besondere Gelegenheit, um als Hamburger auf diesem Wege gen Stade zu fahren oder als Stader nach einem Tag in der Metropole auf ganze besondere Weise \u00fcber die Elbe gen Stade zu schippern.<br>Das Traditionsschiff Greundiek legt um 16 Uhr an den Hamburger Landungsbr\u00fccken (Br\u00fccke 10) ab zu einer authentischen und gem\u00fctlichen Fahrt elbabw\u00e4rts nach Stade. Unterwegs besteht die M\u00f6glichkeit, das Schiff intensiver kennenzulernen, es gibt fundierte Erl\u00e4uterungen seitens der Schiffsf\u00fchrung. Sogar eine Br\u00fcckenbesichtigung ist inklusive. Ungef\u00e4hr um 19:30 Uhr wird die Greundiek im Stader Stadthafen anlegen. Auch Getr\u00e4nke gibt es an Bord, so kann der Tag entspannt ausklingen. Wer an diesem Tag zu-r\u00fcck nach Hamburg m\u00f6chte, kann die S Bahn in Stade in wenigen Minuten fu\u00dfl\u00e4ufig erreichen, au\u00dferdem bietet Stade vielf\u00e4ltige \u00dcbernachtungsm\u00f6glichkeiten.<br>Die Sonderfahrt ist zum Vorzugspreis von 25 Euro f\u00fcr Erwachsene und 12,50 Euro f\u00fcr Kinder (6-12 Jahre) erh\u00e4ltlich. Tickets, alle Termine und weitere Informationen zu den \u00f6ffentlichen Fahrten gibt es bei der Tourist-Information am Hafen, Hansestra\u00dfe 16, telefonisch unter 04141-776980 oder online auf www.stade-tourismus.de.<\/p>\n\n\n\n<div data-wp-interactive=\"core\/file\" class=\"wp-block-file\"><object data-wp-bind--hidden=\"!state.hasPdfPreview\" hidden class=\"wp-block-file__embed\" data=\"https:\/\/stade-tourismus.de\/wp-content\/uploads\/2024\/04\/Greundiek-Sonderfahrt-von-Hamburg-nach-Stade.pdf\" type=\"application\/pdf\" style=\"width:100%;height:600px\" aria-label=\"Einbettung von Greundiek-Sonderfahrt-von-Hamburg-nach-Stade.\"><\/object><a id=\"wp-block-file--media-1d728086-8617-4b8b-b0bf-ffc21295cc0e\" href=\"https:\/\/stade-tourismus.de\/wp-content\/uploads\/2024\/04\/Greundiek-Sonderfahrt-von-Hamburg-nach-Stade.pdf\">Greundiek-Sonderfahrt-von-Hamburg-nach-Stade<\/a><a href=\"https:\/\/stade-tourismus.de\/wp-content\/uploads\/2024\/04\/Greundiek-Sonderfahrt-von-Hamburg-nach-Stade.pdf\" class=\"wp-block-file__button wp-element-button\" download aria-describedby=\"wp-block-file--media-1d728086-8617-4b8b-b0bf-ffc21295cc0e\">Herunterladen<\/a><\/div>\n","protected":false},"excerpt":{"rendered":"<p>Stades maritime Botschafterin, das Traditionsschiff \u201eMS Greundiek\u201c, startet am Montag, 29. April, einmalig in umgekehrter Richtung und legt nachmittags von den Hamburger Landungsbr\u00fccken gen Stade ab. Eine besondere Gelegenheit, um als Hamburger auf diesem Wege gen Stade zu fahren oder als Stader nach einem Tag in der Metropole auf ganze besondere Weise \u00fcber die Elbe [&hellip;]<\/p>\n","protected":false},"author":2,"featured_media":0,"comment_status":"closed","ping_status":"closed","sticky":false,"template":"","format":"standard","meta":{"footnotes":""},"categories":[42],"tags":[],"class_list":["post-35908","post","type-post","status-publish","format-standard","hentry","category-pressemitteilungen"],"yoast_head":"<!-- This site is optimized with the Yoast SEO plugin v27.3 - https:\/\/yoast.com\/product\/yoast-seo-wordpress\/ -->\n<title>Greundiek Sonderfahrt von Hamburg nach Stade - STADE Marketing und Tourismus<\/title>\n<meta name=\"robots\" content=\"index, follow, max-snippet:-1, max-image-preview:large, max-video-preview:-1\" \/>\n<link rel=\"canonical\" href=\"https:\/\/stade-tourismus.de\/de\/greundiek-sonderfahrt-von-hamburg-nach-stade\/\" \/>\n<meta property=\"og:locale\" content=\"de_DE\" \/>\n<meta property=\"og:type\" content=\"article\" \/>\n<meta property=\"og:title\" content=\"Greundiek Sonderfahrt von Hamburg nach Stade - STADE Marketing und Tourismus\" \/>\n<meta property=\"og:description\" content=\"Stades maritime Botschafterin, das Traditionsschiff \u201eMS Greundiek\u201c, startet am Montag, 29. April, einmalig in umgekehrter Richtung und legt nachmittags von den Hamburger Landungsbr\u00fccken gen Stade ab. Eine besondere Gelegenheit, um als Hamburger auf diesem Wege gen Stade zu fahren oder als Stader nach einem Tag in der Metropole auf ganze besondere Weise \u00fcber die Elbe [&hellip;]\" \/>\n<meta property=\"og:url\" content=\"https:\/\/stade-tourismus.de\/de\/greundiek-sonderfahrt-von-hamburg-nach-stade\/\" \/>\n<meta property=\"og:site_name\" content=\"STADE Marketing und Tourismus\" \/>\n<meta property=\"article:publisher\" content=\"https:\/\/www.facebook.com\/stade.tourismus\" \/>\n<meta property=\"article:published_time\" content=\"2024-04-19T13:18:05+00:00\" \/>\n<meta property=\"article:modified_time\" content=\"2024-04-22T13:20:24+00:00\" \/>\n<meta property=\"og:image\" content=\"https:\/\/stade-tourismus.de\/wp-content\/uploads\/2021\/03\/logo-300b.png\" \/>\n\t<meta property=\"og:image:width\" content=\"300\" \/>\n\t<meta property=\"og:image:height\" content=\"42\" \/>\n\t<meta property=\"og:image:type\" content=\"image\/png\" \/>\n<meta name=\"author\" content=\"Carina Meyer\" \/>\n<meta name=\"twitter:card\" content=\"summary_large_image\" \/>\n<script type=\"application\/ld+json\" class=\"yoast-schema-graph\">{\"@context\":\"https:\\\/\\\/schema.org\",\"@graph\":[{\"@type\":\"Article\",\"@id\":\"https:\\\/\\\/stade-tourismus.de\\\/de\\\/greundiek-sonderfahrt-von-hamburg-nach-stade\\\/#article\",\"isPartOf\":{\"@id\":\"https:\\\/\\\/stade-tourismus.de\\\/de\\\/greundiek-sonderfahrt-von-hamburg-nach-stade\\\/\"},\"author\":{\"name\":\"Carina Meyer\",\"@id\":\"https:\\\/\\\/stade-tourismus.de\\\/de\\\/#\\\/schema\\\/person\\\/a851adc47fb682725cc5ea78f12ad794\"},\"headline\":\"Greundiek Sonderfahrt von Hamburg nach Stade\",\"datePublished\":\"2024-04-19T13:18:05+00:00\",\"dateModified\":\"2024-04-22T13:20:24+00:00\",\"mainEntityOfPage\":{\"@id\":\"https:\\\/\\\/stade-tourismus.de\\\/de\\\/greundiek-sonderfahrt-von-hamburg-nach-stade\\\/\"},\"wordCount\":218,\"publisher\":{\"@id\":\"https:\\\/\\\/stade-tourismus.de\\\/de\\\/#organization\"},\"articleSection\":[\"Pressemitteilungen\"],\"inLanguage\":\"de\"},{\"@type\":\"WebPage\",\"@id\":\"https:\\\/\\\/stade-tourismus.de\\\/de\\\/greundiek-sonderfahrt-von-hamburg-nach-stade\\\/\",\"url\":\"https:\\\/\\\/stade-tourismus.de\\\/de\\\/greundiek-sonderfahrt-von-hamburg-nach-stade\\\/\",\"name\":\"Greundiek Sonderfahrt von Hamburg nach Stade - STADE Marketing und Tourismus\",\"isPartOf\":{\"@id\":\"https:\\\/\\\/stade-tourismus.de\\\/de\\\/#website\"},\"datePublished\":\"2024-04-19T13:18:05+00:00\",\"dateModified\":\"2024-04-22T13:20:24+00:00\",\"breadcrumb\":{\"@id\":\"https:\\\/\\\/stade-tourismus.de\\\/de\\\/greundiek-sonderfahrt-von-hamburg-nach-stade\\\/#breadcrumb\"},\"inLanguage\":\"de\",\"potentialAction\":[{\"@type\":\"ReadAction\",\"target\":[\"https:\\\/\\\/stade-tourismus.de\\\/de\\\/greundiek-sonderfahrt-von-hamburg-nach-stade\\\/\"]}]},{\"@type\":\"BreadcrumbList\",\"@id\":\"https:\\\/\\\/stade-tourismus.de\\\/de\\\/greundiek-sonderfahrt-von-hamburg-nach-stade\\\/#breadcrumb\",\"itemListElement\":[{\"@type\":\"ListItem\",\"position\":1,\"name\":\"Startseite\",\"item\":\"https:\\\/\\\/stade-tourismus.de\\\/de\\\/\"},{\"@type\":\"ListItem\",\"position\":2,\"name\":\"Greundiek Sonderfahrt von Hamburg nach Stade\"}]},{\"@type\":\"WebSite\",\"@id\":\"https:\\\/\\\/stade-tourismus.de\\\/de\\\/#website\",\"url\":\"https:\\\/\\\/stade-tourismus.de\\\/de\\\/\",\"name\":\"STADE Marketing und Tourismus\",\"description\":\"\",\"publisher\":{\"@id\":\"https:\\\/\\\/stade-tourismus.de\\\/de\\\/#organization\"},\"potentialAction\":[{\"@type\":\"SearchAction\",\"target\":{\"@type\":\"EntryPoint\",\"urlTemplate\":\"https:\\\/\\\/stade-tourismus.de\\\/de\\\/?s={search_term_string}\"},\"query-input\":{\"@type\":\"PropertyValueSpecification\",\"valueRequired\":true,\"valueName\":\"search_term_string\"}}],\"inLanguage\":\"de\"},{\"@type\":\"Organization\",\"@id\":\"https:\\\/\\\/stade-tourismus.de\\\/de\\\/#organization\",\"name\":\"STADE Marketing und Tourismus GmbH\",\"url\":\"https:\\\/\\\/stade-tourismus.de\\\/de\\\/\",\"logo\":{\"@type\":\"ImageObject\",\"inLanguage\":\"de\",\"@id\":\"https:\\\/\\\/stade-tourismus.de\\\/de\\\/#\\\/schema\\\/logo\\\/image\\\/\",\"url\":\"http:\\\/\\\/stadetouri.webhost.city-map.com\\\/wp-content\\\/uploads\\\/2021\\\/03\\\/logo-300b.png\",\"contentUrl\":\"http:\\\/\\\/stadetouri.webhost.city-map.com\\\/wp-content\\\/uploads\\\/2021\\\/03\\\/logo-300b.png\",\"width\":300,\"height\":42,\"caption\":\"STADE Marketing und Tourismus GmbH\"},\"image\":{\"@id\":\"https:\\\/\\\/stade-tourismus.de\\\/de\\\/#\\\/schema\\\/logo\\\/image\\\/\"},\"sameAs\":[\"https:\\\/\\\/www.facebook.com\\\/stade.tourismus\",\"https:\\\/\\\/www.instagram.com\\\/stade_frischer_wind\\\/\",\"https:\\\/\\\/www.youtube.com\\\/results?search_query=stade tourismus\"]},{\"@type\":\"Person\",\"@id\":\"https:\\\/\\\/stade-tourismus.de\\\/de\\\/#\\\/schema\\\/person\\\/a851adc47fb682725cc5ea78f12ad794\",\"name\":\"Carina Meyer\"}]}<\/script>\n<!-- \/ Yoast SEO plugin. -->","yoast_head_json":{"title":"Greundiek Sonderfahrt von Hamburg nach Stade - STADE Marketing und Tourismus","robots":{"index":"index","follow":"follow","max-snippet":"max-snippet:-1","max-image-preview":"max-image-preview:large","max-video-preview":"max-video-preview:-1"},"canonical":"https:\/\/stade-tourismus.de\/de\/greundiek-sonderfahrt-von-hamburg-nach-stade\/","og_locale":"de_DE","og_type":"article","og_title":"Greundiek Sonderfahrt von Hamburg nach Stade - STADE Marketing und Tourismus","og_description":"Stades maritime Botschafterin, das Traditionsschiff \u201eMS Greundiek\u201c, startet am Montag, 29. April, einmalig in umgekehrter Richtung und legt nachmittags von den Hamburger Landungsbr\u00fccken gen Stade ab. Eine besondere Gelegenheit, um als Hamburger auf diesem Wege gen Stade zu fahren oder als Stader nach einem Tag in der Metropole auf ganze besondere Weise \u00fcber die Elbe [&hellip;]","og_url":"https:\/\/stade-tourismus.de\/de\/greundiek-sonderfahrt-von-hamburg-nach-stade\/","og_site_name":"STADE Marketing und Tourismus","article_publisher":"https:\/\/www.facebook.com\/stade.tourismus","article_published_time":"2024-04-19T13:18:05+00:00","article_modified_time":"2024-04-22T13:20:24+00:00","og_image":[{"width":300,"height":42,"url":"https:\/\/stade-tourismus.de\/wp-content\/uploads\/2021\/03\/logo-300b.png","type":"image\/png"}],"author":"Carina Meyer","twitter_card":"summary_large_image","schema":{"@context":"https:\/\/schema.org","@graph":[{"@type":"Article","@id":"https:\/\/stade-tourismus.de\/de\/greundiek-sonderfahrt-von-hamburg-nach-stade\/#article","isPartOf":{"@id":"https:\/\/stade-tourismus.de\/de\/greundiek-sonderfahrt-von-hamburg-nach-stade\/"},"author":{"name":"Carina Meyer","@id":"https:\/\/stade-tourismus.de\/de\/#\/schema\/person\/a851adc47fb682725cc5ea78f12ad794"},"headline":"Greundiek Sonderfahrt von Hamburg nach Stade","datePublished":"2024-04-19T13:18:05+00:00","dateModified":"2024-04-22T13:20:24+00:00","mainEntityOfPage":{"@id":"https:\/\/stade-tourismus.de\/de\/greundiek-sonderfahrt-von-hamburg-nach-stade\/"},"wordCount":218,"publisher":{"@id":"https:\/\/stade-tourismus.de\/de\/#organization"},"articleSection":["Pressemitteilungen"],"inLanguage":"de"},{"@type":"WebPage","@id":"https:\/\/stade-tourismus.de\/de\/greundiek-sonderfahrt-von-hamburg-nach-stade\/","url":"https:\/\/stade-tourismus.de\/de\/greundiek-sonderfahrt-von-hamburg-nach-stade\/","name":"Greundiek Sonderfahrt von Hamburg nach Stade - STADE Marketing und Tourismus","isPartOf":{"@id":"https:\/\/stade-tourismus.de\/de\/#website"},"datePublished":"2024-04-19T13:18:05+00:00","dateModified":"2024-04-22T13:20:24+00:00","breadcrumb":{"@id":"https:\/\/stade-tourismus.de\/de\/greundiek-sonderfahrt-von-hamburg-nach-stade\/#breadcrumb"},"inLanguage":"de","potentialAction":[{"@type":"ReadAction","target":["https:\/\/stade-tourismus.de\/de\/greundiek-sonderfahrt-von-hamburg-nach-stade\/"]}]},{"@type":"BreadcrumbList","@id":"https:\/\/stade-tourismus.de\/de\/greundiek-sonderfahrt-von-hamburg-nach-stade\/#breadcrumb","itemListElement":[{"@type":"ListItem","position":1,"name":"Startseite","item":"https:\/\/stade-tourismus.de\/de\/"},{"@type":"ListItem","position":2,"name":"Greundiek Sonderfahrt von Hamburg nach Stade"}]},{"@type":"WebSite","@id":"https:\/\/stade-tourismus.de\/de\/#website","url":"https:\/\/stade-tourismus.de\/de\/","name":"STADE Marketing und Tourismus","description":"","publisher":{"@id":"https:\/\/stade-tourismus.de\/de\/#organization"},"potentialAction":[{"@type":"SearchAction","target":{"@type":"EntryPoint","urlTemplate":"https:\/\/stade-tourismus.de\/de\/?s={search_term_string}"},"query-input":{"@type":"PropertyValueSpecification","valueRequired":true,"valueName":"search_term_string"}}],"inLanguage":"de"},{"@type":"Organization","@id":"https:\/\/stade-tourismus.de\/de\/#organization","name":"STADE Marketing und Tourismus GmbH","url":"https:\/\/stade-tourismus.de\/de\/","logo":{"@type":"ImageObject","inLanguage":"de","@id":"https:\/\/stade-tourismus.de\/de\/#\/schema\/logo\/image\/","url":"http:\/\/stadetouri.webhost.city-map.com\/wp-content\/uploads\/2021\/03\/logo-300b.png","contentUrl":"http:\/\/stadetouri.webhost.city-map.com\/wp-content\/uploads\/2021\/03\/logo-300b.png","width":300,"height":42,"caption":"STADE Marketing und Tourismus GmbH"},"image":{"@id":"https:\/\/stade-tourismus.de\/de\/#\/schema\/logo\/image\/"},"sameAs":["https:\/\/www.facebook.com\/stade.tourismus","https:\/\/www.instagram.com\/stade_frischer_wind\/","https:\/\/www.youtube.com\/results?search_query=stade tourismus"]},{"@type":"Person","@id":"https:\/\/stade-tourismus.de\/de\/#\/schema\/person\/a851adc47fb682725cc5ea78f12ad794","name":"Carina Meyer"}]}},"_links":{"self":[{"href":"https:\/\/stade-tourismus.de\/de\/wp-json\/wp\/v2\/posts\/35908","targetHints":{"allow":["GET"]}}],"collection":[{"href":"https:\/\/stade-tourismus.de\/de\/wp-json\/wp\/v2\/posts"}],"about":[{"href":"https:\/\/stade-tourismus.de\/de\/wp-json\/wp\/v2\/types\/post"}],"author":[{"embeddable":true,"href":"https:\/\/stade-tourismus.de\/de\/wp-json\/wp\/v2\/users\/2"}],"replies":[{"embeddable":true,"href":"https:\/\/stade-tourismus.de\/de\/wp-json\/wp\/v2\/comments?post=35908"}],"version-history":[{"count":0,"href":"https:\/\/stade-tourismus.de\/de\/wp-json\/wp\/v2\/posts\/35908\/revisions"}],"wp:attachment":[{"href":"https:\/\/stade-tourismus.de\/de\/wp-json\/wp\/v2\/media?parent=35908"}],"wp:term":[{"taxonomy":"category","embeddable":true,"href":"https:\/\/stade-tourismus.de\/de\/wp-json\/wp\/v2\/categories?post=35908"},{"taxonomy":"post_tag","embeddable":true,"href":"https:\/\/stade-tourismus.de\/de\/wp-json\/wp\/v2\/tags?post=35908"}],"curies":[{"name":"wp","href":"https:\/\/api.w.org\/{rel}","templated":true}]}}