{"id":36286,"date":"2024-05-17T16:00:00","date_gmt":"2024-05-17T14:00:00","guid":{"rendered":"https:\/\/stade-tourismus.de\/?p=36286"},"modified":"2024-05-15T13:43:50","modified_gmt":"2024-05-15T11:43:50","slug":"der-willi-geht-in-die-werft","status":"publish","type":"post","link":"https:\/\/stade-tourismus.de\/de\/der-willi-geht-in-die-werft\/","title":{"rendered":"Der Willi geht in die Werft!"},"content":{"rendered":"\n<p>Bereits vor Monaten startete er seine Reise aus dem Hansehafen, schwebend \u00fcber die Br\u00fccke der Hansestra\u00dfe, in den Stadthafen. Nun ist es Zeit, ihn im neuen Glanz erstrahlen zu lassen, damit er bald wieder als stolzes \u201eDenkmal\u201c im Hansehafen liegen kann.<\/p>\n\n\n\n<p>Seit 1999 bereichert der bald 100-j\u00e4hrige Ewer unseren alten Hansehafen und erfreut sich gro\u00dfer Beliebtheit.<\/p>\n\n\n\n<p>Entdeckt in Gauensiek und von 13 Sponsoren finanziert, ist er ein wahres Wahrzeichen unserer Stadt.<\/p>\n\n\n\n<p>Urspr\u00fcnglich 1926 in Moorege gebaut, wurde er mehrfach renoviert und erhielt 1988 sogar einen Preis f\u00fcr seine gelungene Renovierung.<\/p>\n\n\n\n<p>Wir k\u00f6nnen es kaum erwarten, ihn wieder im Hansehafen willkommen zu hei\u00dfen!<\/p>\n","protected":false},"excerpt":{"rendered":"<p>Bereits vor Monaten startete er seine Reise aus dem Hansehafen, schwebend \u00fcber die Br\u00fccke der Hansestra\u00dfe, in den Stadthafen. Nun ist es Zeit, ihn im neuen Glanz erstrahlen zu lassen, damit er bald wieder als stolzes \u201eDenkmal\u201c im Hansehafen liegen kann. Seit 1999 bereichert der bald 100-j\u00e4hrige Ewer unseren alten Hansehafen und erfreut sich gro\u00dfer [&hellip;]<\/p>\n","protected":false},"author":10,"featured_media":36287,"comment_status":"closed","ping_status":"closed","sticky":false,"template":"","format":"standard","meta":{"footnotes":""},"categories":[4],"tags":[],"class_list":["post-36286","post","type-post","status-publish","format-standard","has-post-thumbnail","hentry","category-stade-schnack"],"yoast_head":"<!-- This site is optimized with the Yoast SEO plugin v27.3 - https:\/\/yoast.com\/product\/yoast-seo-wordpress\/ -->\n<title>Der Willi geht in die Werft! - STADE Marketing und Tourismus<\/title>\n<meta name=\"robots\" content=\"index, follow, max-snippet:-1, max-image-preview:large, max-video-preview:-1\" \/>\n<link rel=\"canonical\" href=\"https:\/\/stade-tourismus.de\/de\/der-willi-geht-in-die-werft\/\" \/>\n<meta property=\"og:locale\" content=\"de_DE\" \/>\n<meta property=\"og:type\" content=\"article\" \/>\n<meta property=\"og:title\" content=\"Der Willi geht in die Werft! - STADE Marketing und Tourismus\" \/>\n<meta property=\"og:description\" content=\"Bereits vor Monaten startete er seine Reise aus dem Hansehafen, schwebend \u00fcber die Br\u00fccke der Hansestra\u00dfe, in den Stadthafen. Nun ist es Zeit, ihn im neuen Glanz erstrahlen zu lassen, damit er bald wieder als stolzes \u201eDenkmal\u201c im Hansehafen liegen kann. Seit 1999 bereichert der bald 100-j\u00e4hrige Ewer unseren alten Hansehafen und erfreut sich gro\u00dfer [&hellip;]\" \/>\n<meta property=\"og:url\" content=\"https:\/\/stade-tourismus.de\/de\/der-willi-geht-in-die-werft\/\" \/>\n<meta property=\"og:site_name\" content=\"STADE Marketing und Tourismus\" \/>\n<meta property=\"article:publisher\" content=\"https:\/\/www.facebook.com\/stade.tourismus\" \/>\n<meta property=\"article:published_time\" content=\"2024-05-17T14:00:00+00:00\" \/>\n<meta property=\"og:image\" content=\"https:\/\/stade-tourismus.de\/wp-content\/uploads\/2024\/05\/441074441_980326184093384_9107121673031403140_n.jpg\" \/>\n\t<meta property=\"og:image:width\" content=\"526\" \/>\n\t<meta property=\"og:image:height\" content=\"526\" \/>\n\t<meta property=\"og:image:type\" content=\"image\/jpeg\" \/>\n<meta name=\"author\" content=\"Lisanna Wagner\" \/>\n<meta name=\"twitter:card\" content=\"summary_large_image\" \/>\n<script type=\"application\/ld+json\" class=\"yoast-schema-graph\">{\"@context\":\"https:\\\/\\\/schema.org\",\"@graph\":[{\"@type\":\"Article\",\"@id\":\"https:\\\/\\\/stade-tourismus.de\\\/de\\\/der-willi-geht-in-die-werft\\\/#article\",\"isPartOf\":{\"@id\":\"https:\\\/\\\/stade-tourismus.de\\\/de\\\/der-willi-geht-in-die-werft\\\/\"},\"author\":{\"name\":\"Lisanna Wagner\",\"@id\":\"https:\\\/\\\/stade-tourismus.de\\\/de\\\/#\\\/schema\\\/person\\\/e022283d5f5bdf8a178852f624996b75\"},\"headline\":\"Der Willi geht in die Werft!\",\"datePublished\":\"2024-05-17T14:00:00+00:00\",\"mainEntityOfPage\":{\"@id\":\"https:\\\/\\\/stade-tourismus.de\\\/de\\\/der-willi-geht-in-die-werft\\\/\"},\"wordCount\":112,\"publisher\":{\"@id\":\"https:\\\/\\\/stade-tourismus.de\\\/de\\\/#organization\"},\"image\":{\"@id\":\"https:\\\/\\\/stade-tourismus.de\\\/de\\\/der-willi-geht-in-die-werft\\\/#primaryimage\"},\"thumbnailUrl\":\"https:\\\/\\\/stade-tourismus.de\\\/wp-content\\\/uploads\\\/2024\\\/05\\\/441074441_980326184093384_9107121673031403140_n.jpg\",\"articleSection\":[\"Stade-Schnack\"],\"inLanguage\":\"de\"},{\"@type\":\"WebPage\",\"@id\":\"https:\\\/\\\/stade-tourismus.de\\\/de\\\/der-willi-geht-in-die-werft\\\/\",\"url\":\"https:\\\/\\\/stade-tourismus.de\\\/de\\\/der-willi-geht-in-die-werft\\\/\",\"name\":\"Der Willi geht in die Werft! - STADE Marketing und Tourismus\",\"isPartOf\":{\"@id\":\"https:\\\/\\\/stade-tourismus.de\\\/de\\\/#website\"},\"primaryImageOfPage\":{\"@id\":\"https:\\\/\\\/stade-tourismus.de\\\/de\\\/der-willi-geht-in-die-werft\\\/#primaryimage\"},\"image\":{\"@id\":\"https:\\\/\\\/stade-tourismus.de\\\/de\\\/der-willi-geht-in-die-werft\\\/#primaryimage\"},\"thumbnailUrl\":\"https:\\\/\\\/stade-tourismus.de\\\/wp-content\\\/uploads\\\/2024\\\/05\\\/441074441_980326184093384_9107121673031403140_n.jpg\",\"datePublished\":\"2024-05-17T14:00:00+00:00\",\"breadcrumb\":{\"@id\":\"https:\\\/\\\/stade-tourismus.de\\\/de\\\/der-willi-geht-in-die-werft\\\/#breadcrumb\"},\"inLanguage\":\"de\",\"potentialAction\":[{\"@type\":\"ReadAction\",\"target\":[\"https:\\\/\\\/stade-tourismus.de\\\/de\\\/der-willi-geht-in-die-werft\\\/\"]}]},{\"@type\":\"ImageObject\",\"inLanguage\":\"de\",\"@id\":\"https:\\\/\\\/stade-tourismus.de\\\/de\\\/der-willi-geht-in-die-werft\\\/#primaryimage\",\"url\":\"https:\\\/\\\/stade-tourismus.de\\\/wp-content\\\/uploads\\\/2024\\\/05\\\/441074441_980326184093384_9107121673031403140_n.jpg\",\"contentUrl\":\"https:\\\/\\\/stade-tourismus.de\\\/wp-content\\\/uploads\\\/2024\\\/05\\\/441074441_980326184093384_9107121673031403140_n.jpg\",\"width\":526,\"height\":526},{\"@type\":\"BreadcrumbList\",\"@id\":\"https:\\\/\\\/stade-tourismus.de\\\/de\\\/der-willi-geht-in-die-werft\\\/#breadcrumb\",\"itemListElement\":[{\"@type\":\"ListItem\",\"position\":1,\"name\":\"Startseite\",\"item\":\"https:\\\/\\\/stade-tourismus.de\\\/de\\\/\"},{\"@type\":\"ListItem\",\"position\":2,\"name\":\"Der Willi geht in die Werft!\"}]},{\"@type\":\"WebSite\",\"@id\":\"https:\\\/\\\/stade-tourismus.de\\\/de\\\/#website\",\"url\":\"https:\\\/\\\/stade-tourismus.de\\\/de\\\/\",\"name\":\"STADE Marketing und Tourismus\",\"description\":\"\",\"publisher\":{\"@id\":\"https:\\\/\\\/stade-tourismus.de\\\/de\\\/#organization\"},\"potentialAction\":[{\"@type\":\"SearchAction\",\"target\":{\"@type\":\"EntryPoint\",\"urlTemplate\":\"https:\\\/\\\/stade-tourismus.de\\\/de\\\/?s={search_term_string}\"},\"query-input\":{\"@type\":\"PropertyValueSpecification\",\"valueRequired\":true,\"valueName\":\"search_term_string\"}}],\"inLanguage\":\"de\"},{\"@type\":\"Organization\",\"@id\":\"https:\\\/\\\/stade-tourismus.de\\\/de\\\/#organization\",\"name\":\"STADE Marketing und Tourismus GmbH\",\"url\":\"https:\\\/\\\/stade-tourismus.de\\\/de\\\/\",\"logo\":{\"@type\":\"ImageObject\",\"inLanguage\":\"de\",\"@id\":\"https:\\\/\\\/stade-tourismus.de\\\/de\\\/#\\\/schema\\\/logo\\\/image\\\/\",\"url\":\"http:\\\/\\\/stadetouri.webhost.city-map.com\\\/wp-content\\\/uploads\\\/2021\\\/03\\\/logo-300b.png\",\"contentUrl\":\"http:\\\/\\\/stadetouri.webhost.city-map.com\\\/wp-content\\\/uploads\\\/2021\\\/03\\\/logo-300b.png\",\"width\":300,\"height\":42,\"caption\":\"STADE Marketing und Tourismus GmbH\"},\"image\":{\"@id\":\"https:\\\/\\\/stade-tourismus.de\\\/de\\\/#\\\/schema\\\/logo\\\/image\\\/\"},\"sameAs\":[\"https:\\\/\\\/www.facebook.com\\\/stade.tourismus\",\"https:\\\/\\\/www.instagram.com\\\/stade_frischer_wind\\\/\",\"https:\\\/\\\/www.youtube.com\\\/results?search_query=stade tourismus\"]},{\"@type\":\"Person\",\"@id\":\"https:\\\/\\\/stade-tourismus.de\\\/de\\\/#\\\/schema\\\/person\\\/e022283d5f5bdf8a178852f624996b75\",\"name\":\"Lisanna Wagner\"}]}<\/script>\n<!-- \/ Yoast SEO plugin. -->","yoast_head_json":{"title":"Der Willi geht in die Werft! - STADE Marketing und Tourismus","robots":{"index":"index","follow":"follow","max-snippet":"max-snippet:-1","max-image-preview":"max-image-preview:large","max-video-preview":"max-video-preview:-1"},"canonical":"https:\/\/stade-tourismus.de\/de\/der-willi-geht-in-die-werft\/","og_locale":"de_DE","og_type":"article","og_title":"Der Willi geht in die Werft! - STADE Marketing und Tourismus","og_description":"Bereits vor Monaten startete er seine Reise aus dem Hansehafen, schwebend \u00fcber die Br\u00fccke der Hansestra\u00dfe, in den Stadthafen. Nun ist es Zeit, ihn im neuen Glanz erstrahlen zu lassen, damit er bald wieder als stolzes \u201eDenkmal\u201c im Hansehafen liegen kann. Seit 1999 bereichert der bald 100-j\u00e4hrige Ewer unseren alten Hansehafen und erfreut sich gro\u00dfer [&hellip;]","og_url":"https:\/\/stade-tourismus.de\/de\/der-willi-geht-in-die-werft\/","og_site_name":"STADE Marketing und Tourismus","article_publisher":"https:\/\/www.facebook.com\/stade.tourismus","article_published_time":"2024-05-17T14:00:00+00:00","og_image":[{"width":526,"height":526,"url":"https:\/\/stade-tourismus.de\/wp-content\/uploads\/2024\/05\/441074441_980326184093384_9107121673031403140_n.jpg","type":"image\/jpeg"}],"author":"Lisanna Wagner","twitter_card":"summary_large_image","schema":{"@context":"https:\/\/schema.org","@graph":[{"@type":"Article","@id":"https:\/\/stade-tourismus.de\/de\/der-willi-geht-in-die-werft\/#article","isPartOf":{"@id":"https:\/\/stade-tourismus.de\/de\/der-willi-geht-in-die-werft\/"},"author":{"name":"Lisanna Wagner","@id":"https:\/\/stade-tourismus.de\/de\/#\/schema\/person\/e022283d5f5bdf8a178852f624996b75"},"headline":"Der Willi geht in die Werft!","datePublished":"2024-05-17T14:00:00+00:00","mainEntityOfPage":{"@id":"https:\/\/stade-tourismus.de\/de\/der-willi-geht-in-die-werft\/"},"wordCount":112,"publisher":{"@id":"https:\/\/stade-tourismus.de\/de\/#organization"},"image":{"@id":"https:\/\/stade-tourismus.de\/de\/der-willi-geht-in-die-werft\/#primaryimage"},"thumbnailUrl":"https:\/\/stade-tourismus.de\/wp-content\/uploads\/2024\/05\/441074441_980326184093384_9107121673031403140_n.jpg","articleSection":["Stade-Schnack"],"inLanguage":"de"},{"@type":"WebPage","@id":"https:\/\/stade-tourismus.de\/de\/der-willi-geht-in-die-werft\/","url":"https:\/\/stade-tourismus.de\/de\/der-willi-geht-in-die-werft\/","name":"Der Willi geht in die Werft! - STADE Marketing und Tourismus","isPartOf":{"@id":"https:\/\/stade-tourismus.de\/de\/#website"},"primaryImageOfPage":{"@id":"https:\/\/stade-tourismus.de\/de\/der-willi-geht-in-die-werft\/#primaryimage"},"image":{"@id":"https:\/\/stade-tourismus.de\/de\/der-willi-geht-in-die-werft\/#primaryimage"},"thumbnailUrl":"https:\/\/stade-tourismus.de\/wp-content\/uploads\/2024\/05\/441074441_980326184093384_9107121673031403140_n.jpg","datePublished":"2024-05-17T14:00:00+00:00","breadcrumb":{"@id":"https:\/\/stade-tourismus.de\/de\/der-willi-geht-in-die-werft\/#breadcrumb"},"inLanguage":"de","potentialAction":[{"@type":"ReadAction","target":["https:\/\/stade-tourismus.de\/de\/der-willi-geht-in-die-werft\/"]}]},{"@type":"ImageObject","inLanguage":"de","@id":"https:\/\/stade-tourismus.de\/de\/der-willi-geht-in-die-werft\/#primaryimage","url":"https:\/\/stade-tourismus.de\/wp-content\/uploads\/2024\/05\/441074441_980326184093384_9107121673031403140_n.jpg","contentUrl":"https:\/\/stade-tourismus.de\/wp-content\/uploads\/2024\/05\/441074441_980326184093384_9107121673031403140_n.jpg","width":526,"height":526},{"@type":"BreadcrumbList","@id":"https:\/\/stade-tourismus.de\/de\/der-willi-geht-in-die-werft\/#breadcrumb","itemListElement":[{"@type":"ListItem","position":1,"name":"Startseite","item":"https:\/\/stade-tourismus.de\/de\/"},{"@type":"ListItem","position":2,"name":"Der Willi geht in die Werft!"}]},{"@type":"WebSite","@id":"https:\/\/stade-tourismus.de\/de\/#website","url":"https:\/\/stade-tourismus.de\/de\/","name":"STADE Marketing und Tourismus","description":"","publisher":{"@id":"https:\/\/stade-tourismus.de\/de\/#organization"},"potentialAction":[{"@type":"SearchAction","target":{"@type":"EntryPoint","urlTemplate":"https:\/\/stade-tourismus.de\/de\/?s={search_term_string}"},"query-input":{"@type":"PropertyValueSpecification","valueRequired":true,"valueName":"search_term_string"}}],"inLanguage":"de"},{"@type":"Organization","@id":"https:\/\/stade-tourismus.de\/de\/#organization","name":"STADE Marketing und Tourismus GmbH","url":"https:\/\/stade-tourismus.de\/de\/","logo":{"@type":"ImageObject","inLanguage":"de","@id":"https:\/\/stade-tourismus.de\/de\/#\/schema\/logo\/image\/","url":"http:\/\/stadetouri.webhost.city-map.com\/wp-content\/uploads\/2021\/03\/logo-300b.png","contentUrl":"http:\/\/stadetouri.webhost.city-map.com\/wp-content\/uploads\/2021\/03\/logo-300b.png","width":300,"height":42,"caption":"STADE Marketing und Tourismus GmbH"},"image":{"@id":"https:\/\/stade-tourismus.de\/de\/#\/schema\/logo\/image\/"},"sameAs":["https:\/\/www.facebook.com\/stade.tourismus","https:\/\/www.instagram.com\/stade_frischer_wind\/","https:\/\/www.youtube.com\/results?search_query=stade tourismus"]},{"@type":"Person","@id":"https:\/\/stade-tourismus.de\/de\/#\/schema\/person\/e022283d5f5bdf8a178852f624996b75","name":"Lisanna Wagner"}]}},"_links":{"self":[{"href":"https:\/\/stade-tourismus.de\/de\/wp-json\/wp\/v2\/posts\/36286","targetHints":{"allow":["GET"]}}],"collection":[{"href":"https:\/\/stade-tourismus.de\/de\/wp-json\/wp\/v2\/posts"}],"about":[{"href":"https:\/\/stade-tourismus.de\/de\/wp-json\/wp\/v2\/types\/post"}],"author":[{"embeddable":true,"href":"https:\/\/stade-tourismus.de\/de\/wp-json\/wp\/v2\/users\/10"}],"replies":[{"embeddable":true,"href":"https:\/\/stade-tourismus.de\/de\/wp-json\/wp\/v2\/comments?post=36286"}],"version-history":[{"count":0,"href":"https:\/\/stade-tourismus.de\/de\/wp-json\/wp\/v2\/posts\/36286\/revisions"}],"wp:featuredmedia":[{"embeddable":true,"href":"https:\/\/stade-tourismus.de\/de\/wp-json\/wp\/v2\/media\/36287"}],"wp:attachment":[{"href":"https:\/\/stade-tourismus.de\/de\/wp-json\/wp\/v2\/media?parent=36286"}],"wp:term":[{"taxonomy":"category","embeddable":true,"href":"https:\/\/stade-tourismus.de\/de\/wp-json\/wp\/v2\/categories?post=36286"},{"taxonomy":"post_tag","embeddable":true,"href":"https:\/\/stade-tourismus.de\/de\/wp-json\/wp\/v2\/tags?post=36286"}],"curies":[{"name":"wp","href":"https:\/\/api.w.org\/{rel}","templated":true}]}}