{"id":36668,"date":"2024-05-19T17:12:00","date_gmt":"2024-05-19T15:12:00","guid":{"rendered":"https:\/\/stade-tourismus.de\/?p=36668"},"modified":"2024-06-04T09:22:05","modified_gmt":"2024-06-04T07:22:05","slug":"36668","status":"publish","type":"post","link":"https:\/\/stade-tourismus.de\/de\/36668\/","title":{"rendered":"Ein schwimmendes Denkmal"},"content":{"rendered":"\n<p>Das Museumsschiff Greundiek!<\/p>\n\n\n\n<p>1949 als \u201eHermann-Hans\u201c auf der Rickmers-Werft in Bremerhaven gebaut, lief das K\u00fcstenmotorschiff im Januar 1950 vom Stapel.<\/p>\n\n\n\n<p>Die Greundiek war eines der ersten nach dem Zweiten Weltkrieg in Deutschland zivilen Stahlschiffe, das in vollschwei\u00dfweise gebaut wurde \u2013 keine einzige Nietreihe am Rumpf oder den Aufbauten! Sp\u00e4ter diente sie der Seefahrtschule Gr\u00fcnendeich als Schulschiff f\u00fcr angehende Schiffsmechaniker.<\/p>\n\n\n\n<p>Historische Highlights sind die original erhaltenen Holzbr\u00fccken mit altem Steuerstand und nautischer Ausr\u00fcstung. Einige Kammern sind noch mit dem Mobiliar aus den 50er Jahren eingerichtet. Heute liegt die Greundiek als Denkmal- und Kulturschiff im Stader Stadthafen und kann besichtigt werden.<\/p>\n\n\n\n<p>Au\u00dferdem bietet Verein \u201eAlter Hafen Stade e.V.\u201c Ausflugsfahrten an.<\/p>\n\n\n\n<p>Der Verein \u201eAlter Hafen Stade e.V.\u201c h\u00e4lt die maritime Geschichte Stades lebendig und betreibt neben der Greundiek auch die Fleetk\u00e4hne und das Informationszentrum zur Stader Hafengeschichte im Holzkran am Fischmarkt.<\/p>\n\n\n\n<p>Erlebt die Geschichte hautnah bei den Kurzt\u00f6rns mit der Greundiek auf der Elbe!<\/p>\n\n\n\n<p>Termine f\u00fcr Juni:<\/p>\n\n\n\n<p>\u2022 17.6. um 15:15 Uhr<\/p>\n\n\n\n<p>\u2022 16.6. &amp; 29.6. um 10 Uhr<\/p>\n\n\n\n<p>Tickets gibt es in der Tourist-Information am Hafen oder online auf: <a href=\"https:\/\/stade-tourismus.de\/de\/hansestadt-stade\/museen-kunst-und-kultur\/museen\/museumsschiff-greundiek\/#\/veranstaltungen\">https:\/\/stade-tourismus.de\/de\/hansestadt-stade\/museen-kunst-und-kultur\/museen\/museumsschiff-greundiek\/#\/veranstaltungen<\/a><\/p>\n\n\n\n<p>Check-in ist jeweils eine halbe Stunde vor Abfahrt. Unter Deck k\u00f6nnen nach Ablegen Getr\u00e4nke erworben werden.<\/p>\n\n\n\n<p>Taucht ein in die maritime Welt von Stade!<\/p>\n","protected":false},"excerpt":{"rendered":"<p>Das Museumsschiff Greundiek! 1949 als \u201eHermann-Hans\u201c auf der Rickmers-Werft in Bremerhaven gebaut, lief das K\u00fcstenmotorschiff im Januar 1950 vom Stapel. Die Greundiek war eines der ersten nach dem Zweiten Weltkrieg in Deutschland zivilen Stahlschiffe, das in vollschwei\u00dfweise gebaut wurde \u2013 keine einzige Nietreihe am Rumpf oder den Aufbauten! Sp\u00e4ter diente sie der Seefahrtschule Gr\u00fcnendeich als [&hellip;]<\/p>\n","protected":false},"author":10,"featured_media":36669,"comment_status":"closed","ping_status":"closed","sticky":false,"template":"","format":"standard","meta":{"footnotes":""},"categories":[4],"tags":[275,98,274,190,277,276],"class_list":["post-36668","post","type-post","status-publish","format-standard","has-post-thumbnail","hentry","category-stade-schnack","tag-elbe","tag-greundiek","tag-kurztoern","tag-maritim","tag-museumsschiff","tag-schifffahrt"],"yoast_head":"<!-- This site is optimized with the Yoast SEO plugin v27.3 - https:\/\/yoast.com\/product\/yoast-seo-wordpress\/ -->\n<title>Ein schwimmendes Denkmal - STADE Marketing und Tourismus<\/title>\n<meta name=\"robots\" content=\"index, follow, max-snippet:-1, max-image-preview:large, max-video-preview:-1\" \/>\n<link rel=\"canonical\" href=\"https:\/\/stade-tourismus.de\/de\/36668\/\" \/>\n<meta property=\"og:locale\" content=\"de_DE\" \/>\n<meta property=\"og:type\" content=\"article\" \/>\n<meta property=\"og:title\" content=\"Ein schwimmendes Denkmal - STADE Marketing und Tourismus\" \/>\n<meta property=\"og:description\" content=\"Das Museumsschiff Greundiek! 1949 als \u201eHermann-Hans\u201c auf der Rickmers-Werft in Bremerhaven gebaut, lief das K\u00fcstenmotorschiff im Januar 1950 vom Stapel. Die Greundiek war eines der ersten nach dem Zweiten Weltkrieg in Deutschland zivilen Stahlschiffe, das in vollschwei\u00dfweise gebaut wurde \u2013 keine einzige Nietreihe am Rumpf oder den Aufbauten! Sp\u00e4ter diente sie der Seefahrtschule Gr\u00fcnendeich als [&hellip;]\" \/>\n<meta property=\"og:url\" content=\"https:\/\/stade-tourismus.de\/de\/36668\/\" \/>\n<meta property=\"og:site_name\" content=\"STADE Marketing und Tourismus\" \/>\n<meta property=\"article:publisher\" content=\"https:\/\/www.facebook.com\/stade.tourismus\" \/>\n<meta property=\"article:published_time\" content=\"2024-05-19T15:12:00+00:00\" \/>\n<meta property=\"article:modified_time\" content=\"2024-06-04T07:22:05+00:00\" \/>\n<meta property=\"og:image\" content=\"https:\/\/stade-tourismus.de\/wp-content\/uploads\/2024\/06\/441175452_982606640532005_1165761496274868766_n.jpg\" \/>\n\t<meta property=\"og:image:width\" content=\"526\" \/>\n\t<meta property=\"og:image:height\" content=\"526\" \/>\n\t<meta property=\"og:image:type\" content=\"image\/jpeg\" \/>\n<meta name=\"author\" content=\"Lisanna Wagner\" \/>\n<meta name=\"twitter:card\" content=\"summary_large_image\" \/>\n<script type=\"application\/ld+json\" class=\"yoast-schema-graph\">{\"@context\":\"https:\\\/\\\/schema.org\",\"@graph\":[{\"@type\":\"Article\",\"@id\":\"https:\\\/\\\/stade-tourismus.de\\\/de\\\/36668\\\/#article\",\"isPartOf\":{\"@id\":\"https:\\\/\\\/stade-tourismus.de\\\/de\\\/36668\\\/\"},\"author\":{\"name\":\"Lisanna Wagner\",\"@id\":\"https:\\\/\\\/stade-tourismus.de\\\/de\\\/#\\\/schema\\\/person\\\/e022283d5f5bdf8a178852f624996b75\"},\"headline\":\"Ein schwimmendes Denkmal\",\"datePublished\":\"2024-05-19T15:12:00+00:00\",\"dateModified\":\"2024-06-04T07:22:05+00:00\",\"mainEntityOfPage\":{\"@id\":\"https:\\\/\\\/stade-tourismus.de\\\/de\\\/36668\\\/\"},\"wordCount\":219,\"publisher\":{\"@id\":\"https:\\\/\\\/stade-tourismus.de\\\/de\\\/#organization\"},\"image\":{\"@id\":\"https:\\\/\\\/stade-tourismus.de\\\/de\\\/36668\\\/#primaryimage\"},\"thumbnailUrl\":\"https:\\\/\\\/stade-tourismus.de\\\/wp-content\\\/uploads\\\/2024\\\/06\\\/441175452_982606640532005_1165761496274868766_n.jpg\",\"keywords\":[\"Elbe\",\"Greundiek\",\"Kurzt\u00f6rn\",\"Maritim\",\"Museumsschiff\",\"Schifffahrt\"],\"articleSection\":[\"Stade-Schnack\"],\"inLanguage\":\"de\"},{\"@type\":\"WebPage\",\"@id\":\"https:\\\/\\\/stade-tourismus.de\\\/de\\\/36668\\\/\",\"url\":\"https:\\\/\\\/stade-tourismus.de\\\/de\\\/36668\\\/\",\"name\":\"Ein schwimmendes Denkmal - STADE Marketing und Tourismus\",\"isPartOf\":{\"@id\":\"https:\\\/\\\/stade-tourismus.de\\\/de\\\/#website\"},\"primaryImageOfPage\":{\"@id\":\"https:\\\/\\\/stade-tourismus.de\\\/de\\\/36668\\\/#primaryimage\"},\"image\":{\"@id\":\"https:\\\/\\\/stade-tourismus.de\\\/de\\\/36668\\\/#primaryimage\"},\"thumbnailUrl\":\"https:\\\/\\\/stade-tourismus.de\\\/wp-content\\\/uploads\\\/2024\\\/06\\\/441175452_982606640532005_1165761496274868766_n.jpg\",\"datePublished\":\"2024-05-19T15:12:00+00:00\",\"dateModified\":\"2024-06-04T07:22:05+00:00\",\"breadcrumb\":{\"@id\":\"https:\\\/\\\/stade-tourismus.de\\\/de\\\/36668\\\/#breadcrumb\"},\"inLanguage\":\"de\",\"potentialAction\":[{\"@type\":\"ReadAction\",\"target\":[\"https:\\\/\\\/stade-tourismus.de\\\/de\\\/36668\\\/\"]}]},{\"@type\":\"ImageObject\",\"inLanguage\":\"de\",\"@id\":\"https:\\\/\\\/stade-tourismus.de\\\/de\\\/36668\\\/#primaryimage\",\"url\":\"https:\\\/\\\/stade-tourismus.de\\\/wp-content\\\/uploads\\\/2024\\\/06\\\/441175452_982606640532005_1165761496274868766_n.jpg\",\"contentUrl\":\"https:\\\/\\\/stade-tourismus.de\\\/wp-content\\\/uploads\\\/2024\\\/06\\\/441175452_982606640532005_1165761496274868766_n.jpg\",\"width\":526,\"height\":526},{\"@type\":\"BreadcrumbList\",\"@id\":\"https:\\\/\\\/stade-tourismus.de\\\/de\\\/36668\\\/#breadcrumb\",\"itemListElement\":[{\"@type\":\"ListItem\",\"position\":1,\"name\":\"Startseite\",\"item\":\"https:\\\/\\\/stade-tourismus.de\\\/de\\\/\"},{\"@type\":\"ListItem\",\"position\":2,\"name\":\"Ein schwimmendes Denkmal\"}]},{\"@type\":\"WebSite\",\"@id\":\"https:\\\/\\\/stade-tourismus.de\\\/de\\\/#website\",\"url\":\"https:\\\/\\\/stade-tourismus.de\\\/de\\\/\",\"name\":\"STADE Marketing und Tourismus\",\"description\":\"\",\"publisher\":{\"@id\":\"https:\\\/\\\/stade-tourismus.de\\\/de\\\/#organization\"},\"potentialAction\":[{\"@type\":\"SearchAction\",\"target\":{\"@type\":\"EntryPoint\",\"urlTemplate\":\"https:\\\/\\\/stade-tourismus.de\\\/de\\\/?s={search_term_string}\"},\"query-input\":{\"@type\":\"PropertyValueSpecification\",\"valueRequired\":true,\"valueName\":\"search_term_string\"}}],\"inLanguage\":\"de\"},{\"@type\":\"Organization\",\"@id\":\"https:\\\/\\\/stade-tourismus.de\\\/de\\\/#organization\",\"name\":\"STADE Marketing und Tourismus GmbH\",\"url\":\"https:\\\/\\\/stade-tourismus.de\\\/de\\\/\",\"logo\":{\"@type\":\"ImageObject\",\"inLanguage\":\"de\",\"@id\":\"https:\\\/\\\/stade-tourismus.de\\\/de\\\/#\\\/schema\\\/logo\\\/image\\\/\",\"url\":\"http:\\\/\\\/stadetouri.webhost.city-map.com\\\/wp-content\\\/uploads\\\/2021\\\/03\\\/logo-300b.png\",\"contentUrl\":\"http:\\\/\\\/stadetouri.webhost.city-map.com\\\/wp-content\\\/uploads\\\/2021\\\/03\\\/logo-300b.png\",\"width\":300,\"height\":42,\"caption\":\"STADE Marketing und Tourismus GmbH\"},\"image\":{\"@id\":\"https:\\\/\\\/stade-tourismus.de\\\/de\\\/#\\\/schema\\\/logo\\\/image\\\/\"},\"sameAs\":[\"https:\\\/\\\/www.facebook.com\\\/stade.tourismus\",\"https:\\\/\\\/www.instagram.com\\\/stade_frischer_wind\\\/\",\"https:\\\/\\\/www.youtube.com\\\/results?search_query=stade tourismus\"]},{\"@type\":\"Person\",\"@id\":\"https:\\\/\\\/stade-tourismus.de\\\/de\\\/#\\\/schema\\\/person\\\/e022283d5f5bdf8a178852f624996b75\",\"name\":\"Lisanna Wagner\"}]}<\/script>\n<!-- \/ Yoast SEO plugin. -->","yoast_head_json":{"title":"Ein schwimmendes Denkmal - STADE Marketing und Tourismus","robots":{"index":"index","follow":"follow","max-snippet":"max-snippet:-1","max-image-preview":"max-image-preview:large","max-video-preview":"max-video-preview:-1"},"canonical":"https:\/\/stade-tourismus.de\/de\/36668\/","og_locale":"de_DE","og_type":"article","og_title":"Ein schwimmendes Denkmal - STADE Marketing und Tourismus","og_description":"Das Museumsschiff Greundiek! 1949 als \u201eHermann-Hans\u201c auf der Rickmers-Werft in Bremerhaven gebaut, lief das K\u00fcstenmotorschiff im Januar 1950 vom Stapel. Die Greundiek war eines der ersten nach dem Zweiten Weltkrieg in Deutschland zivilen Stahlschiffe, das in vollschwei\u00dfweise gebaut wurde \u2013 keine einzige Nietreihe am Rumpf oder den Aufbauten! Sp\u00e4ter diente sie der Seefahrtschule Gr\u00fcnendeich als [&hellip;]","og_url":"https:\/\/stade-tourismus.de\/de\/36668\/","og_site_name":"STADE Marketing und Tourismus","article_publisher":"https:\/\/www.facebook.com\/stade.tourismus","article_published_time":"2024-05-19T15:12:00+00:00","article_modified_time":"2024-06-04T07:22:05+00:00","og_image":[{"width":526,"height":526,"url":"https:\/\/stade-tourismus.de\/wp-content\/uploads\/2024\/06\/441175452_982606640532005_1165761496274868766_n.jpg","type":"image\/jpeg"}],"author":"Lisanna Wagner","twitter_card":"summary_large_image","schema":{"@context":"https:\/\/schema.org","@graph":[{"@type":"Article","@id":"https:\/\/stade-tourismus.de\/de\/36668\/#article","isPartOf":{"@id":"https:\/\/stade-tourismus.de\/de\/36668\/"},"author":{"name":"Lisanna Wagner","@id":"https:\/\/stade-tourismus.de\/de\/#\/schema\/person\/e022283d5f5bdf8a178852f624996b75"},"headline":"Ein schwimmendes Denkmal","datePublished":"2024-05-19T15:12:00+00:00","dateModified":"2024-06-04T07:22:05+00:00","mainEntityOfPage":{"@id":"https:\/\/stade-tourismus.de\/de\/36668\/"},"wordCount":219,"publisher":{"@id":"https:\/\/stade-tourismus.de\/de\/#organization"},"image":{"@id":"https:\/\/stade-tourismus.de\/de\/36668\/#primaryimage"},"thumbnailUrl":"https:\/\/stade-tourismus.de\/wp-content\/uploads\/2024\/06\/441175452_982606640532005_1165761496274868766_n.jpg","keywords":["Elbe","Greundiek","Kurzt\u00f6rn","Maritim","Museumsschiff","Schifffahrt"],"articleSection":["Stade-Schnack"],"inLanguage":"de"},{"@type":"WebPage","@id":"https:\/\/stade-tourismus.de\/de\/36668\/","url":"https:\/\/stade-tourismus.de\/de\/36668\/","name":"Ein schwimmendes Denkmal - STADE Marketing und Tourismus","isPartOf":{"@id":"https:\/\/stade-tourismus.de\/de\/#website"},"primaryImageOfPage":{"@id":"https:\/\/stade-tourismus.de\/de\/36668\/#primaryimage"},"image":{"@id":"https:\/\/stade-tourismus.de\/de\/36668\/#primaryimage"},"thumbnailUrl":"https:\/\/stade-tourismus.de\/wp-content\/uploads\/2024\/06\/441175452_982606640532005_1165761496274868766_n.jpg","datePublished":"2024-05-19T15:12:00+00:00","dateModified":"2024-06-04T07:22:05+00:00","breadcrumb":{"@id":"https:\/\/stade-tourismus.de\/de\/36668\/#breadcrumb"},"inLanguage":"de","potentialAction":[{"@type":"ReadAction","target":["https:\/\/stade-tourismus.de\/de\/36668\/"]}]},{"@type":"ImageObject","inLanguage":"de","@id":"https:\/\/stade-tourismus.de\/de\/36668\/#primaryimage","url":"https:\/\/stade-tourismus.de\/wp-content\/uploads\/2024\/06\/441175452_982606640532005_1165761496274868766_n.jpg","contentUrl":"https:\/\/stade-tourismus.de\/wp-content\/uploads\/2024\/06\/441175452_982606640532005_1165761496274868766_n.jpg","width":526,"height":526},{"@type":"BreadcrumbList","@id":"https:\/\/stade-tourismus.de\/de\/36668\/#breadcrumb","itemListElement":[{"@type":"ListItem","position":1,"name":"Startseite","item":"https:\/\/stade-tourismus.de\/de\/"},{"@type":"ListItem","position":2,"name":"Ein schwimmendes Denkmal"}]},{"@type":"WebSite","@id":"https:\/\/stade-tourismus.de\/de\/#website","url":"https:\/\/stade-tourismus.de\/de\/","name":"STADE Marketing und Tourismus","description":"","publisher":{"@id":"https:\/\/stade-tourismus.de\/de\/#organization"},"potentialAction":[{"@type":"SearchAction","target":{"@type":"EntryPoint","urlTemplate":"https:\/\/stade-tourismus.de\/de\/?s={search_term_string}"},"query-input":{"@type":"PropertyValueSpecification","valueRequired":true,"valueName":"search_term_string"}}],"inLanguage":"de"},{"@type":"Organization","@id":"https:\/\/stade-tourismus.de\/de\/#organization","name":"STADE Marketing und Tourismus GmbH","url":"https:\/\/stade-tourismus.de\/de\/","logo":{"@type":"ImageObject","inLanguage":"de","@id":"https:\/\/stade-tourismus.de\/de\/#\/schema\/logo\/image\/","url":"http:\/\/stadetouri.webhost.city-map.com\/wp-content\/uploads\/2021\/03\/logo-300b.png","contentUrl":"http:\/\/stadetouri.webhost.city-map.com\/wp-content\/uploads\/2021\/03\/logo-300b.png","width":300,"height":42,"caption":"STADE Marketing und Tourismus GmbH"},"image":{"@id":"https:\/\/stade-tourismus.de\/de\/#\/schema\/logo\/image\/"},"sameAs":["https:\/\/www.facebook.com\/stade.tourismus","https:\/\/www.instagram.com\/stade_frischer_wind\/","https:\/\/www.youtube.com\/results?search_query=stade tourismus"]},{"@type":"Person","@id":"https:\/\/stade-tourismus.de\/de\/#\/schema\/person\/e022283d5f5bdf8a178852f624996b75","name":"Lisanna Wagner"}]}},"_links":{"self":[{"href":"https:\/\/stade-tourismus.de\/de\/wp-json\/wp\/v2\/posts\/36668","targetHints":{"allow":["GET"]}}],"collection":[{"href":"https:\/\/stade-tourismus.de\/de\/wp-json\/wp\/v2\/posts"}],"about":[{"href":"https:\/\/stade-tourismus.de\/de\/wp-json\/wp\/v2\/types\/post"}],"author":[{"embeddable":true,"href":"https:\/\/stade-tourismus.de\/de\/wp-json\/wp\/v2\/users\/10"}],"replies":[{"embeddable":true,"href":"https:\/\/stade-tourismus.de\/de\/wp-json\/wp\/v2\/comments?post=36668"}],"version-history":[{"count":0,"href":"https:\/\/stade-tourismus.de\/de\/wp-json\/wp\/v2\/posts\/36668\/revisions"}],"wp:featuredmedia":[{"embeddable":true,"href":"https:\/\/stade-tourismus.de\/de\/wp-json\/wp\/v2\/media\/36669"}],"wp:attachment":[{"href":"https:\/\/stade-tourismus.de\/de\/wp-json\/wp\/v2\/media?parent=36668"}],"wp:term":[{"taxonomy":"category","embeddable":true,"href":"https:\/\/stade-tourismus.de\/de\/wp-json\/wp\/v2\/categories?post=36668"},{"taxonomy":"post_tag","embeddable":true,"href":"https:\/\/stade-tourismus.de\/de\/wp-json\/wp\/v2\/tags?post=36668"}],"curies":[{"name":"wp","href":"https:\/\/api.w.org\/{rel}","templated":true}]}}