{"id":37316,"date":"2024-06-28T21:43:14","date_gmt":"2024-06-28T19:43:14","guid":{"rendered":"https:\/\/stade-tourismus.de\/?p=37316"},"modified":"2024-07-03T21:49:21","modified_gmt":"2024-07-03T19:49:21","slug":"lange-nacht-in-stade-4","status":"publish","type":"post","link":"https:\/\/stade-tourismus.de\/de\/lange-nacht-in-stade-4\/","title":{"rendered":"Lange Nacht in Stade"},"content":{"rendered":"\n<p>Die Lange Nacht in Stade findet traditionell am ersten Freitag im Juli statt und begeistert G\u00e4ste und Einheimische mit Kunst und Kultur bis Mitternacht. In diesem Jahr ist der Termin f\u00fcr die Lange Nacht Freitag, 5. Juli. Das Abendprogramm beginnt um 17:00 Uhr und verwandelt die Stader Altstadt bis um Mitternacht in ein buntes Treiben in den lebhaft gef\u00fcllten Gassen. Als furioses Finale um Mitternacht ist eine beeindruckende Feuer-Show auf dem Pferdemarkt geplant. Zuvor treffen Musiker auf bunt verkleidete Stra\u00dfenk\u00fcnstler; G\u00e4stef\u00fchrerinnen und G\u00e4stef\u00fchrer plaudern bei den G\u00e4stef\u00fchrungen aus dem N\u00e4hk\u00e4stchen und auch das Wasser des Burggrabens sowie der Stadthafen werden zum Spielort unterschiedlicher Programmpunkte.<\/p>\n\n\n\n<p><strong>Am und auf dem Wasser<\/strong><br>Als bekannter und beliebter Auftakt der Langen Nacht hat sich die Outdoor-Yoga-Einheit im idyllischen Hortensiengarten des SUP Club etabliert. Romantisch geht es auf dem Burggraben zu bei gem\u00fctlichen Fahrten mit der venezianischen Gondel, den Fleetk\u00e4hnen und stimmungsvoll beleuchteten SUP-Boards zu hinrei\u00dfenden Violinen-Kl\u00e4ngen. Schwungvoll maritim geht es hingegen auf der Greundiek zu: die Stader Hafens\u00e4nger schmettern ihre Seemannslieder. Im Anschluss sorgt DJ Hutcheson f\u00fcr ausgelassene Stimmung und tanzbare Beats bis Mitternacht.<\/p>\n\n\n\n<p><strong>Museen<\/strong><br>Die Museen Stade als langj\u00e4hrige Unterst\u00fctzer der Langen Nacht fahren in diesem Jahr ein gro\u00dfartiges Angebot auf und bespielen damit gleich f\u00fcnf Schaupl\u00e4tze. Wie gewohnt \u00f6ffnen das Kunsthaus, der Schwedenspeicher und das Freilichtmuseum f\u00fcr die G\u00e4ste der Langen Nacht bis Mitternacht ihre Ausstellungsr\u00e4ume und bieten F\u00fchrungen und Rundg\u00e4nge durch die Ausstellungen an. Erg\u00e4nzend dazu starten die Museen ein \u00f6ffentliches Kunstprojekt unter dem Namen \u201eTogether we paint\u201c auf den gro\u00dfen Treppen am Stadthafen und bieten einen Workshop zum Gestalten von Flaggen in Anlehnung zur aktuellen Ausstellung im Kunsthaus gemeinsam mit der K\u00fcnstlerin Marinella Senatore. Das Freilichtmuseum gibt einen Einblick in die traditionelle Lebensweise von damals und spinnt in Kooperation mit dem Verein Stade liest e.V. Seemannsgarn in Form einer unterhaltsamen Darbietung von Anekdoten rund um die Seefahrt und maritimer Musik. Auf dem Platz am Sande ist aus einem gemeinsamen Projekt der Museen Stade und dem Stader Kinderschutzbund in Zusammenarbeit mit dem Ankerplatz ein Jetzt-Museum entstanden. Die Ausstellung zeigt, wie Stade von Kindern wahrgenommen wird und feiert bei der Langen Nacht seine Er\u00f6ffnung.<\/p>\n\n\n\n<p><strong>Musik und DJ<\/strong><br>Die Lange Nacht zeigte sich in den letzten Jahren vermehrt als B\u00fchne f\u00fcr Stra\u00dfenmusiker und Darbietungen unterschiedlichster Musikrichtungen. In den Altstadtgassen treffen die G\u00e4ste auf Samba Solto, Falk, Laura &amp; Benjamin, Michael Dunkelfels, die Hedgehog Stompers und die Djangonauten. Publikumsliebling Oded Kafri bringt im Duo \u201eDrummerQueen\u201c mit Christian von Richthofen seine euphorisierenden Trommelrhythmen wieder in die Stader Altstadt.<br>Sein Deb\u00fct bei der Langen Nacht feiert der Kulturkreis Stade und bereichert mit kurzen Kammermusikkonzerten des Mardon Ensembles in Trio-Besetzung im K\u00f6nigsmarcksaal das Abendprogramm. Auf der Museumsinsel wird ein musikalischer Ohrenschmaus vom Ensemble Salon 23 des Stader Kammerorchesters serviert und am Stadthafen steht Soul auf dem Programm: Die Hafenkante Stade l\u00e4dt ein zu Live-Musik der Soul-Legende Louis Kruin in Begleitung seiner Tochter und Multi-Instrumentalist Ronny.<br>Drei DJs vervollst\u00e4ndigen das abwechslungsreiche Musikangebot: DJ Valemix legt chillige Beats beim Velero am Stadthafen auf, DJ Hutch bringt die Stimmung auf der Greundiek zum Schwingen und DJ Junar verzaubert den Fischmarkt mit seiner Kunst am Mischpult.<\/p>\n\n\n\n<p><strong>Ausstellungen und F\u00fchrungen<\/strong><br>Gemeinsam mit den Stader Erlebnisg\u00e4stef\u00fchrern begeben sich Interessierte auf die Spuren der st\u00e4dtischen Geschichte und der Geschichten der fr\u00fcheren Stader Bewohner. Ein Potpourri an Themen- und Erlebnisf\u00fchrungen aus dem Portfolio der STADE Marketing und Tourismus GmbH verlockt w\u00e4hrend der Langen Nacht zum Erkunden der Hansestadt. Kunst-Fans kommen in der Galerie Hahnentor, im Kunstpunkt Schleusenhaus und im Nieders\u00e4chsischen Landesarchiv bis in die sp\u00e4ten Abendstunden auf ihre Kosten.<\/p>\n\n\n\n<p><strong>Tanzgruppen und Walking Acts<\/strong><br>Die begabten Tanzgruppen des VfL Stade und der Tanzschule Dance Motion sorgen f\u00fcr begeisterten Applaus auf dem Pferdemarkt, aus Hamburg reisen die \u201eBreakdancer\u201c an. Wer in der Altstadt unterwegs ist, begegnet mit etwas Gl\u00fcck den mystischen Flattertieren vom Kost\u00fcmWerk Stade oder einem Schwarm sanft beleuchteter fliegender Fische.<\/p>\n\n\n\n<p><strong>Kirche und Kloster<\/strong><br>Am St. Johanniskloster pr\u00e4sentiert sich wie in den vergangenen Jahren schon die Selbsthilfekontaktstelle des Parit\u00e4tischen Wohlfahrtsverbandes und schafft mit Picknick und Selbsthilfeinformationsst\u00e4nden einen Ort der Begegnung. Nur wenige Schritte vom Kloster entfernt, empfangen die Kirchen St. Cosmae und St. Wilhadi die G\u00e4ste der Langen Nacht. In der Kirche St. Cosmae beginnt die Lange Nacht mit dem Orgelkonzert \u201eOrgelPunkt 4\u201c von Hauke Ramm an der Hu\u00df\/Schnittger-Orgel in Begleitung des Bassisten Gotthold Schwarz und sie endet mit einem besonderen Moment der Ruhe beim Nachtgebet in der Kirche St. Wilhadi. In der Zwischenzeit genie\u00dfen die G\u00e4ste die Aussicht und das Glockengel\u00e4ut bei F\u00fchrungen auf den Kirchturm der Kirche St. Cosmae und einen regen Austausch beim Weinausschank der Kirchenstiftung.<\/p>\n\n\n\n<p><strong>Reise in die Vergangenheit<\/strong><br>Als beliebter Programmpunkt stellte sich in den letzten Jahren die Lesung \u00fcber Aurora von K\u00f6nigsmarck in der Buchhandlung Schaumburg heraus. F\u00fcr dieses Jahr hat sich das Schloss Agathenburg ein neues Thema \u00fcberlegt: In der True Crime-Lesung geht es um einen ungel\u00f6sten Kriminalfall aus dem 17. Jahrhundert, der in enger Verbindung zum Hause K\u00f6nigsmarck steht. Ebenfalls auf eine kleine Reise in die Vergangenheit begeben sich die G\u00e4ste des Virtual-Reality-Rooms bei All Empowerings, wo sie virtuell auf den Spuren von Anne Frank und Curt Bloch wandeln.<\/p>\n\n\n\n<p><strong>Auf dem Pferdemarkt wird es hei\u00df<\/strong><br>Als feuriger Abschluss des Abends d\u00fcrfen die G\u00e4ste der Langen Nacht sich \u00fcber eine begeisternde Darbietung der Feuerk\u00fcnstler von Spinning Area freuen. Um Mitternacht geht es auf dem Pferdemarkt mit Feuerspucken, Tanz mit dem Feuer und furiosen Kunstst\u00fccken hei\u00df her.<br>Der Besuch der Langen Nacht l\u00e4sst sich bestens mit einer Einkehr in einem der zahlreichen Restaurants in der Stader Altstadt, bei der das lebhafte Treiben beobachtet werden kann, verbinden. Au\u00dferdem l\u00e4sst das Stadeum am Hansehafen wieder das Gl\u00fccksrad kreisen und einige Gesch\u00e4fte in der Altstadt locken mit Aktionen und Programmangeboten.<\/p>\n\n\n\n<p>Das gesamte Abendprogramm der Langen Nacht ist auf der Homepage der STADE Marketing und Tourismus GmbH (<a href=\"http:\/\/www.lange-nacht-stade.de\">www.lange-nacht-stade.de<\/a>) einsehbar. Die kostenlose Programm\u00fcbersicht liegt zus\u00e4tzlich in der Tourist-Information am Hafen sowie in den Gesch\u00e4ften der Stader Altstadt zum Mitnehmen und St\u00f6bern aus. Tickets f\u00fcr alle kostenpflichtigen Angebote sind in der Tourist-Information am Hafen, telefonisch unter 04141-776980 oder online erh\u00e4ltlich.<\/p>\n\n\n\n<div data-wp-interactive=\"core\/file\" class=\"wp-block-file\"><object data-wp-bind--hidden=\"!state.hasPdfPreview\" hidden class=\"wp-block-file__embed\" data=\"https:\/\/stade-tourismus.de\/wp-content\/uploads\/2024\/07\/Lange-Nacht-2024.pdf\" type=\"application\/pdf\" style=\"width:100%;height:600px\" aria-label=\"Einbettung von Lange-Nacht-2024.\"><\/object><a id=\"wp-block-file--media-9086fe6e-039d-438a-9ca8-d7c74b56be3d\" href=\"https:\/\/stade-tourismus.de\/wp-content\/uploads\/2024\/07\/Lange-Nacht-2024.pdf\">Lange-Nacht-2024<\/a><a href=\"https:\/\/stade-tourismus.de\/wp-content\/uploads\/2024\/07\/Lange-Nacht-2024.pdf\" class=\"wp-block-file__button wp-element-button\" download aria-describedby=\"wp-block-file--media-9086fe6e-039d-438a-9ca8-d7c74b56be3d\">Herunterladen<\/a><\/div>\n","protected":false},"excerpt":{"rendered":"<p>Die Lange Nacht in Stade findet traditionell am ersten Freitag im Juli statt und begeistert G\u00e4ste und Einheimische mit Kunst und Kultur bis Mitternacht. In diesem Jahr ist der Termin f\u00fcr die Lange Nacht Freitag, 5. Juli. Das Abendprogramm beginnt um 17:00 Uhr und verwandelt die Stader Altstadt bis um Mitternacht in ein buntes Treiben [&hellip;]<\/p>\n","protected":false},"author":2,"featured_media":0,"comment_status":"closed","ping_status":"closed","sticky":false,"template":"","format":"standard","meta":{"footnotes":""},"categories":[42],"tags":[],"class_list":["post-37316","post","type-post","status-publish","format-standard","hentry","category-pressemitteilungen"],"yoast_head":"<!-- This site is optimized with the Yoast SEO plugin v27.3 - https:\/\/yoast.com\/product\/yoast-seo-wordpress\/ -->\n<title>Lange Nacht in Stade - STADE Marketing und Tourismus<\/title>\n<meta name=\"robots\" content=\"index, follow, max-snippet:-1, max-image-preview:large, max-video-preview:-1\" \/>\n<link rel=\"canonical\" href=\"https:\/\/stade-tourismus.de\/de\/lange-nacht-in-stade-4\/\" \/>\n<meta property=\"og:locale\" content=\"de_DE\" \/>\n<meta property=\"og:type\" content=\"article\" \/>\n<meta property=\"og:title\" content=\"Lange Nacht in Stade - STADE Marketing und Tourismus\" \/>\n<meta property=\"og:description\" content=\"Die Lange Nacht in Stade findet traditionell am ersten Freitag im Juli statt und begeistert G\u00e4ste und Einheimische mit Kunst und Kultur bis Mitternacht. In diesem Jahr ist der Termin f\u00fcr die Lange Nacht Freitag, 5. Juli. Das Abendprogramm beginnt um 17:00 Uhr und verwandelt die Stader Altstadt bis um Mitternacht in ein buntes Treiben [&hellip;]\" \/>\n<meta property=\"og:url\" content=\"https:\/\/stade-tourismus.de\/de\/lange-nacht-in-stade-4\/\" \/>\n<meta property=\"og:site_name\" content=\"STADE Marketing und Tourismus\" \/>\n<meta property=\"article:publisher\" content=\"https:\/\/www.facebook.com\/stade.tourismus\" \/>\n<meta property=\"article:published_time\" content=\"2024-06-28T19:43:14+00:00\" \/>\n<meta property=\"article:modified_time\" content=\"2024-07-03T19:49:21+00:00\" \/>\n<meta property=\"og:image\" content=\"https:\/\/stade-tourismus.de\/wp-content\/uploads\/2021\/03\/logo-300b.png\" \/>\n\t<meta property=\"og:image:width\" content=\"300\" \/>\n\t<meta property=\"og:image:height\" content=\"42\" \/>\n\t<meta property=\"og:image:type\" content=\"image\/png\" \/>\n<meta name=\"author\" content=\"Carina Meyer\" \/>\n<meta name=\"twitter:card\" content=\"summary_large_image\" \/>\n<script type=\"application\/ld+json\" class=\"yoast-schema-graph\">{\"@context\":\"https:\\\/\\\/schema.org\",\"@graph\":[{\"@type\":\"Article\",\"@id\":\"https:\\\/\\\/stade-tourismus.de\\\/de\\\/lange-nacht-in-stade-4\\\/#article\",\"isPartOf\":{\"@id\":\"https:\\\/\\\/stade-tourismus.de\\\/de\\\/lange-nacht-in-stade-4\\\/\"},\"author\":{\"name\":\"Carina Meyer\",\"@id\":\"https:\\\/\\\/stade-tourismus.de\\\/de\\\/#\\\/schema\\\/person\\\/a851adc47fb682725cc5ea78f12ad794\"},\"headline\":\"Lange Nacht in Stade\",\"datePublished\":\"2024-06-28T19:43:14+00:00\",\"dateModified\":\"2024-07-03T19:49:21+00:00\",\"mainEntityOfPage\":{\"@id\":\"https:\\\/\\\/stade-tourismus.de\\\/de\\\/lange-nacht-in-stade-4\\\/\"},\"wordCount\":1079,\"publisher\":{\"@id\":\"https:\\\/\\\/stade-tourismus.de\\\/de\\\/#organization\"},\"articleSection\":[\"Pressemitteilungen\"],\"inLanguage\":\"de\"},{\"@type\":\"WebPage\",\"@id\":\"https:\\\/\\\/stade-tourismus.de\\\/de\\\/lange-nacht-in-stade-4\\\/\",\"url\":\"https:\\\/\\\/stade-tourismus.de\\\/de\\\/lange-nacht-in-stade-4\\\/\",\"name\":\"Lange Nacht in Stade - STADE Marketing und Tourismus\",\"isPartOf\":{\"@id\":\"https:\\\/\\\/stade-tourismus.de\\\/de\\\/#website\"},\"datePublished\":\"2024-06-28T19:43:14+00:00\",\"dateModified\":\"2024-07-03T19:49:21+00:00\",\"breadcrumb\":{\"@id\":\"https:\\\/\\\/stade-tourismus.de\\\/de\\\/lange-nacht-in-stade-4\\\/#breadcrumb\"},\"inLanguage\":\"de\",\"potentialAction\":[{\"@type\":\"ReadAction\",\"target\":[\"https:\\\/\\\/stade-tourismus.de\\\/de\\\/lange-nacht-in-stade-4\\\/\"]}]},{\"@type\":\"BreadcrumbList\",\"@id\":\"https:\\\/\\\/stade-tourismus.de\\\/de\\\/lange-nacht-in-stade-4\\\/#breadcrumb\",\"itemListElement\":[{\"@type\":\"ListItem\",\"position\":1,\"name\":\"Startseite\",\"item\":\"https:\\\/\\\/stade-tourismus.de\\\/de\\\/\"},{\"@type\":\"ListItem\",\"position\":2,\"name\":\"Lange Nacht in Stade\"}]},{\"@type\":\"WebSite\",\"@id\":\"https:\\\/\\\/stade-tourismus.de\\\/de\\\/#website\",\"url\":\"https:\\\/\\\/stade-tourismus.de\\\/de\\\/\",\"name\":\"STADE Marketing und Tourismus\",\"description\":\"\",\"publisher\":{\"@id\":\"https:\\\/\\\/stade-tourismus.de\\\/de\\\/#organization\"},\"potentialAction\":[{\"@type\":\"SearchAction\",\"target\":{\"@type\":\"EntryPoint\",\"urlTemplate\":\"https:\\\/\\\/stade-tourismus.de\\\/de\\\/?s={search_term_string}\"},\"query-input\":{\"@type\":\"PropertyValueSpecification\",\"valueRequired\":true,\"valueName\":\"search_term_string\"}}],\"inLanguage\":\"de\"},{\"@type\":\"Organization\",\"@id\":\"https:\\\/\\\/stade-tourismus.de\\\/de\\\/#organization\",\"name\":\"STADE Marketing und Tourismus GmbH\",\"url\":\"https:\\\/\\\/stade-tourismus.de\\\/de\\\/\",\"logo\":{\"@type\":\"ImageObject\",\"inLanguage\":\"de\",\"@id\":\"https:\\\/\\\/stade-tourismus.de\\\/de\\\/#\\\/schema\\\/logo\\\/image\\\/\",\"url\":\"http:\\\/\\\/stadetouri.webhost.city-map.com\\\/wp-content\\\/uploads\\\/2021\\\/03\\\/logo-300b.png\",\"contentUrl\":\"http:\\\/\\\/stadetouri.webhost.city-map.com\\\/wp-content\\\/uploads\\\/2021\\\/03\\\/logo-300b.png\",\"width\":300,\"height\":42,\"caption\":\"STADE Marketing und Tourismus GmbH\"},\"image\":{\"@id\":\"https:\\\/\\\/stade-tourismus.de\\\/de\\\/#\\\/schema\\\/logo\\\/image\\\/\"},\"sameAs\":[\"https:\\\/\\\/www.facebook.com\\\/stade.tourismus\",\"https:\\\/\\\/www.instagram.com\\\/stade_frischer_wind\\\/\",\"https:\\\/\\\/www.youtube.com\\\/results?search_query=stade tourismus\"]},{\"@type\":\"Person\",\"@id\":\"https:\\\/\\\/stade-tourismus.de\\\/de\\\/#\\\/schema\\\/person\\\/a851adc47fb682725cc5ea78f12ad794\",\"name\":\"Carina Meyer\"}]}<\/script>\n<!-- \/ Yoast SEO plugin. -->","yoast_head_json":{"title":"Lange Nacht in Stade - STADE Marketing und Tourismus","robots":{"index":"index","follow":"follow","max-snippet":"max-snippet:-1","max-image-preview":"max-image-preview:large","max-video-preview":"max-video-preview:-1"},"canonical":"https:\/\/stade-tourismus.de\/de\/lange-nacht-in-stade-4\/","og_locale":"de_DE","og_type":"article","og_title":"Lange Nacht in Stade - STADE Marketing und Tourismus","og_description":"Die Lange Nacht in Stade findet traditionell am ersten Freitag im Juli statt und begeistert G\u00e4ste und Einheimische mit Kunst und Kultur bis Mitternacht. In diesem Jahr ist der Termin f\u00fcr die Lange Nacht Freitag, 5. Juli. Das Abendprogramm beginnt um 17:00 Uhr und verwandelt die Stader Altstadt bis um Mitternacht in ein buntes Treiben [&hellip;]","og_url":"https:\/\/stade-tourismus.de\/de\/lange-nacht-in-stade-4\/","og_site_name":"STADE Marketing und Tourismus","article_publisher":"https:\/\/www.facebook.com\/stade.tourismus","article_published_time":"2024-06-28T19:43:14+00:00","article_modified_time":"2024-07-03T19:49:21+00:00","og_image":[{"width":300,"height":42,"url":"https:\/\/stade-tourismus.de\/wp-content\/uploads\/2021\/03\/logo-300b.png","type":"image\/png"}],"author":"Carina Meyer","twitter_card":"summary_large_image","schema":{"@context":"https:\/\/schema.org","@graph":[{"@type":"Article","@id":"https:\/\/stade-tourismus.de\/de\/lange-nacht-in-stade-4\/#article","isPartOf":{"@id":"https:\/\/stade-tourismus.de\/de\/lange-nacht-in-stade-4\/"},"author":{"name":"Carina Meyer","@id":"https:\/\/stade-tourismus.de\/de\/#\/schema\/person\/a851adc47fb682725cc5ea78f12ad794"},"headline":"Lange Nacht in Stade","datePublished":"2024-06-28T19:43:14+00:00","dateModified":"2024-07-03T19:49:21+00:00","mainEntityOfPage":{"@id":"https:\/\/stade-tourismus.de\/de\/lange-nacht-in-stade-4\/"},"wordCount":1079,"publisher":{"@id":"https:\/\/stade-tourismus.de\/de\/#organization"},"articleSection":["Pressemitteilungen"],"inLanguage":"de"},{"@type":"WebPage","@id":"https:\/\/stade-tourismus.de\/de\/lange-nacht-in-stade-4\/","url":"https:\/\/stade-tourismus.de\/de\/lange-nacht-in-stade-4\/","name":"Lange Nacht in Stade - STADE Marketing und Tourismus","isPartOf":{"@id":"https:\/\/stade-tourismus.de\/de\/#website"},"datePublished":"2024-06-28T19:43:14+00:00","dateModified":"2024-07-03T19:49:21+00:00","breadcrumb":{"@id":"https:\/\/stade-tourismus.de\/de\/lange-nacht-in-stade-4\/#breadcrumb"},"inLanguage":"de","potentialAction":[{"@type":"ReadAction","target":["https:\/\/stade-tourismus.de\/de\/lange-nacht-in-stade-4\/"]}]},{"@type":"BreadcrumbList","@id":"https:\/\/stade-tourismus.de\/de\/lange-nacht-in-stade-4\/#breadcrumb","itemListElement":[{"@type":"ListItem","position":1,"name":"Startseite","item":"https:\/\/stade-tourismus.de\/de\/"},{"@type":"ListItem","position":2,"name":"Lange Nacht in Stade"}]},{"@type":"WebSite","@id":"https:\/\/stade-tourismus.de\/de\/#website","url":"https:\/\/stade-tourismus.de\/de\/","name":"STADE Marketing und Tourismus","description":"","publisher":{"@id":"https:\/\/stade-tourismus.de\/de\/#organization"},"potentialAction":[{"@type":"SearchAction","target":{"@type":"EntryPoint","urlTemplate":"https:\/\/stade-tourismus.de\/de\/?s={search_term_string}"},"query-input":{"@type":"PropertyValueSpecification","valueRequired":true,"valueName":"search_term_string"}}],"inLanguage":"de"},{"@type":"Organization","@id":"https:\/\/stade-tourismus.de\/de\/#organization","name":"STADE Marketing und Tourismus GmbH","url":"https:\/\/stade-tourismus.de\/de\/","logo":{"@type":"ImageObject","inLanguage":"de","@id":"https:\/\/stade-tourismus.de\/de\/#\/schema\/logo\/image\/","url":"http:\/\/stadetouri.webhost.city-map.com\/wp-content\/uploads\/2021\/03\/logo-300b.png","contentUrl":"http:\/\/stadetouri.webhost.city-map.com\/wp-content\/uploads\/2021\/03\/logo-300b.png","width":300,"height":42,"caption":"STADE Marketing und Tourismus GmbH"},"image":{"@id":"https:\/\/stade-tourismus.de\/de\/#\/schema\/logo\/image\/"},"sameAs":["https:\/\/www.facebook.com\/stade.tourismus","https:\/\/www.instagram.com\/stade_frischer_wind\/","https:\/\/www.youtube.com\/results?search_query=stade tourismus"]},{"@type":"Person","@id":"https:\/\/stade-tourismus.de\/de\/#\/schema\/person\/a851adc47fb682725cc5ea78f12ad794","name":"Carina Meyer"}]}},"_links":{"self":[{"href":"https:\/\/stade-tourismus.de\/de\/wp-json\/wp\/v2\/posts\/37316","targetHints":{"allow":["GET"]}}],"collection":[{"href":"https:\/\/stade-tourismus.de\/de\/wp-json\/wp\/v2\/posts"}],"about":[{"href":"https:\/\/stade-tourismus.de\/de\/wp-json\/wp\/v2\/types\/post"}],"author":[{"embeddable":true,"href":"https:\/\/stade-tourismus.de\/de\/wp-json\/wp\/v2\/users\/2"}],"replies":[{"embeddable":true,"href":"https:\/\/stade-tourismus.de\/de\/wp-json\/wp\/v2\/comments?post=37316"}],"version-history":[{"count":0,"href":"https:\/\/stade-tourismus.de\/de\/wp-json\/wp\/v2\/posts\/37316\/revisions"}],"wp:attachment":[{"href":"https:\/\/stade-tourismus.de\/de\/wp-json\/wp\/v2\/media?parent=37316"}],"wp:term":[{"taxonomy":"category","embeddable":true,"href":"https:\/\/stade-tourismus.de\/de\/wp-json\/wp\/v2\/categories?post=37316"},{"taxonomy":"post_tag","embeddable":true,"href":"https:\/\/stade-tourismus.de\/de\/wp-json\/wp\/v2\/tags?post=37316"}],"curies":[{"name":"wp","href":"https:\/\/api.w.org\/{rel}","templated":true}]}}