{"id":38312,"date":"2024-07-25T09:40:58","date_gmt":"2024-07-25T07:40:58","guid":{"rendered":"https:\/\/stade-tourismus.de\/?p=38312"},"modified":"2024-08-09T10:37:24","modified_gmt":"2024-08-09T08:37:24","slug":"premiere-der-neuen-gaestefuehrung-hafen-hanse-hoekerwaren","status":"publish","type":"post","link":"https:\/\/stade-tourismus.de\/de\/premiere-der-neuen-gaestefuehrung-hafen-hanse-hoekerwaren\/","title":{"rendered":"Premiere der neuen G\u00e4stef\u00fchrung: Hafen, Hanse, H\u00f6kerwaren"},"content":{"rendered":"\n<p>Wer sich der neuen Stader G\u00e4stef\u00fchrung \u201eHafen, Hanse, H\u00f6kerwaren\u201c anschlie\u00dft, begibt sich auf eine thematische Zeitreise zu Hanse und Handel durch die Stader Altstadt. Sie blickt zur\u00fcck auf das Stade zu Zeiten der historischen Hanse und schl\u00e4gt die Br\u00fccke zu Stadtbild, Hanse und dem Handel der heutigen Zeit. Als H\u00f6hepunkt wartet eine Verkostung edler Tropfen zum Ausklang. Die F\u00fchrung wird von der STADE Marketing und Tourismus GmbH in Kooperation mit der Nordik Edelbrennerei und der Deluxxe mit einer Verkostung angeboten und findet immer am ersten Freitag im Monat statt, Premiere ist am Freitag, 2. August, um 16 Uhr.<br>Zum Einstieg im Museum Schwedenspeicher wird visualisiert, wie die Handelswaren und Handelswege in Zeiten der historischen Hanse aussahen. Das historische Stadtmodell l\u00e4sst in die Vergangenheit eintauchen, Stade hatte die modernste Festungsanlage seiner Zeit. Der Vergleich der damaligen Hanse als Staatenbund mit der heutigen EU veranschaulicht die Bedeutung der Hanse. Weiter f\u00fchrt die Tour auf den Spiegelberg mit Ausblick \u00fcber den modernen Stadthafen mit all seinen historischen und modernen Schiffen mit Blick auf die neue Hafencity und das Gasometer. Durch Erz\u00e4hlungen der G\u00e4stef\u00fchrer, wie hier in Zeiten der historischen Hanse die Koggen anlegten und Waren aus- oder umgeladen wurden, erh\u00e4lt man zugleich einen R\u00fcckblick in vergangene Zeiten. Warum war in den 1960er Jahren der Holzhafen von Holzst\u00e4mmen belagert im Kontrast zur heutigen Nutzung f\u00fcr maritime Erlebnisse? Und was hat es mit dem Geiseldrama des Harsefelder Grafen auf dem Spiegelberg und im heutigen Stadthafen auf sich?<br>Weiter f\u00fchrt die Tour in die Salzstra\u00dfe. Die Stra\u00dfe der Handwerker ist eine der \u00e4ltesten Stra\u00dfen in Stade, die als Achse zwischen Stade und L\u00fcneburg f\u00fcr den Salzhandel hinweist. Sehr gut erhaltene Speicherh\u00e4user sind hier zu bewundern mit Kranvorrichtungen an den Giebeln, die die historische Nutzung der H\u00e4user noch heute verdeutlichen. Die verschiedensten Gewerke finden sich h\u00e4ufig in Stades Stra\u00dfennamen wieder, Stade war bedeutende Handelsstadt bereits in Zeiten der historischen Hanse.<br>Beim Gang in das Historische Rathaus bestaunen G\u00e4ste die Deckenkonstruktion und bekommen sehr lebendig erl\u00e4utert, wie das Rathaus vor dem Stadtbrand mit einer offenen Marktfl\u00e4che im Erdgeschoss genutzt wurde. Bis heute ist die H\u00f6kerstra\u00dfe vor dem Rathaus Handels- und Shoppingstra\u00dfe, in der seit jeher Handel betrieben wurde. Seit 1978 ist sie Fu\u00dfg\u00e4ngerzone und so k\u00f6nnen die historischen H\u00e4user wie das H\u00f6kerhus sowie das Traufenhaus in der B\u00e4ckerstra\u00dfe in Ruhe betrachtet werden.<br><br>Das Finale der F\u00fchrung findet am Fischmarkt vor der Kulisse des historischen Hansehafens statt, wo die historische Nutzung dieser einzigartigen Szenerie von der G\u00e4stef\u00fchrerin zum Leben erweckt wird. Als H\u00f6hepunkt ist im Kramerhus eine Reise durch die Zeit anhand der Gew\u00fcrze aus dem nordischen Raum vorbereitet, die Stade zur Zeit der Hanse auf dem Seeweg erreichten. Diese Gew\u00fcrze verarbeitet die Nordik Edelbrennerei zu verschiedenen Akvaviten \u2013 zwei von ihnen werden w\u00e4hrend eines Einblicks in die Herstellung und den Genuss dieser typisch skandinavischen Spirituose verkostet. Abgerundet wird das Tasting mit einem Cocktail aus KnubberKirsch-Lik\u00f6r und New-Jork dem \u201eNeuen Kr\u00e4uter aus dem Alten Land\u201c. Dabei wird der Bogen von der Hanse in Stade in das Alte Land mit seinem Fruchtanbau und dem Transport der F\u00fcrchte auf dem Wasserweg geschlagen. Mit Blick auf den Fischmarkt klingt die G\u00e4stef\u00fchrung aus.<br><br>Eine Voranmeldung ist erforderlich, da die Teilnehmerzahl begrenzt ist. Start der 75-min\u00fctigen Tour ist vor dem Eingang des Schwedenspeichers, die Tour endet am Fischmarkt, sie ist nicht barrierefrei. Tickets f\u00fcr die F\u00fchrung inklusive Verkostung sind f\u00fcr 29 Euro f\u00fcr Erwachsene sowie Informationen sind erh\u00e4ltlich in der Tourist-Info am Hafen, Hansestra\u00dfe 16 in Stade, telefonisch unter 04141-77698-0 oder online auf www.stade-tourismus.de. F\u00fcr Gruppen k\u00f6nnen Termine individuell gebucht werden.<\/p>\n\n\n\n<div data-wp-interactive=\"core\/file\" class=\"wp-block-file\"><object data-wp-bind--hidden=\"!state.hasPdfPreview\" hidden class=\"wp-block-file__embed\" data=\"https:\/\/stade-tourismus.de\/wp-content\/uploads\/2024\/08\/Hafen-Hanse-Hoekerwaren-Eine-Zeitreise-durch-die-Alstadt-mit-Verkostung.pdf\" type=\"application\/pdf\" style=\"width:100%;height:600px\" aria-label=\"Einbettung von Hafen-Hanse-Hoekerwaren-Eine-Zeitreise-durch-die-Alstadt-mit-Verkostung.\"><\/object><a id=\"wp-block-file--media-674b0123-8177-4fff-896f-ec95b65c7a12\" href=\"https:\/\/stade-tourismus.de\/wp-content\/uploads\/2024\/08\/Hafen-Hanse-Hoekerwaren-Eine-Zeitreise-durch-die-Alstadt-mit-Verkostung.pdf\">Hafen-Hanse-Hoekerwaren-Eine-Zeitreise-durch-die-Alstadt-mit-Verkostung<\/a><a href=\"https:\/\/stade-tourismus.de\/wp-content\/uploads\/2024\/08\/Hafen-Hanse-Hoekerwaren-Eine-Zeitreise-durch-die-Alstadt-mit-Verkostung.pdf\" class=\"wp-block-file__button wp-element-button\" download aria-describedby=\"wp-block-file--media-674b0123-8177-4fff-896f-ec95b65c7a12\">Herunterladen<\/a><\/div>\n","protected":false},"excerpt":{"rendered":"<p>Wer sich der neuen Stader G\u00e4stef\u00fchrung \u201eHafen, Hanse, H\u00f6kerwaren\u201c anschlie\u00dft, begibt sich auf eine thematische Zeitreise zu Hanse und Handel durch die Stader Altstadt. Sie blickt zur\u00fcck auf das Stade zu Zeiten der historischen Hanse und schl\u00e4gt die Br\u00fccke zu Stadtbild, Hanse und dem Handel der heutigen Zeit. Als H\u00f6hepunkt wartet eine Verkostung edler Tropfen [&hellip;]<\/p>\n","protected":false},"author":2,"featured_media":0,"comment_status":"closed","ping_status":"closed","sticky":false,"template":"","format":"standard","meta":{"footnotes":""},"categories":[42],"tags":[],"class_list":["post-38312","post","type-post","status-publish","format-standard","hentry","category-pressemitteilungen"],"yoast_head":"<!-- This site is optimized with the Yoast SEO plugin v27.3 - https:\/\/yoast.com\/product\/yoast-seo-wordpress\/ -->\n<title>Premiere der neuen G\u00e4stef\u00fchrung: Hafen, Hanse, H\u00f6kerwaren - STADE Marketing und Tourismus<\/title>\n<meta name=\"robots\" content=\"index, follow, max-snippet:-1, max-image-preview:large, max-video-preview:-1\" \/>\n<link rel=\"canonical\" href=\"https:\/\/stade-tourismus.de\/de\/premiere-der-neuen-gaestefuehrung-hafen-hanse-hoekerwaren\/\" \/>\n<meta property=\"og:locale\" content=\"de_DE\" \/>\n<meta property=\"og:type\" content=\"article\" \/>\n<meta property=\"og:title\" content=\"Premiere der neuen G\u00e4stef\u00fchrung: Hafen, Hanse, H\u00f6kerwaren - STADE Marketing und Tourismus\" \/>\n<meta property=\"og:description\" content=\"Wer sich der neuen Stader G\u00e4stef\u00fchrung \u201eHafen, Hanse, H\u00f6kerwaren\u201c anschlie\u00dft, begibt sich auf eine thematische Zeitreise zu Hanse und Handel durch die Stader Altstadt. Sie blickt zur\u00fcck auf das Stade zu Zeiten der historischen Hanse und schl\u00e4gt die Br\u00fccke zu Stadtbild, Hanse und dem Handel der heutigen Zeit. Als H\u00f6hepunkt wartet eine Verkostung edler Tropfen [&hellip;]\" \/>\n<meta property=\"og:url\" content=\"https:\/\/stade-tourismus.de\/de\/premiere-der-neuen-gaestefuehrung-hafen-hanse-hoekerwaren\/\" \/>\n<meta property=\"og:site_name\" content=\"STADE Marketing und Tourismus\" \/>\n<meta property=\"article:publisher\" content=\"https:\/\/www.facebook.com\/stade.tourismus\" \/>\n<meta property=\"article:published_time\" content=\"2024-07-25T07:40:58+00:00\" \/>\n<meta property=\"article:modified_time\" content=\"2024-08-09T08:37:24+00:00\" \/>\n<meta property=\"og:image\" content=\"https:\/\/stade-tourismus.de\/wp-content\/uploads\/2021\/03\/logo-300b.png\" \/>\n\t<meta property=\"og:image:width\" content=\"300\" \/>\n\t<meta property=\"og:image:height\" content=\"42\" \/>\n\t<meta property=\"og:image:type\" content=\"image\/png\" \/>\n<meta name=\"author\" content=\"Carina Meyer\" \/>\n<meta name=\"twitter:card\" content=\"summary_large_image\" \/>\n<script type=\"application\/ld+json\" class=\"yoast-schema-graph\">{\"@context\":\"https:\\\/\\\/schema.org\",\"@graph\":[{\"@type\":\"Article\",\"@id\":\"https:\\\/\\\/stade-tourismus.de\\\/de\\\/premiere-der-neuen-gaestefuehrung-hafen-hanse-hoekerwaren\\\/#article\",\"isPartOf\":{\"@id\":\"https:\\\/\\\/stade-tourismus.de\\\/de\\\/premiere-der-neuen-gaestefuehrung-hafen-hanse-hoekerwaren\\\/\"},\"author\":{\"name\":\"Carina Meyer\",\"@id\":\"https:\\\/\\\/stade-tourismus.de\\\/de\\\/#\\\/schema\\\/person\\\/a851adc47fb682725cc5ea78f12ad794\"},\"headline\":\"Premiere der neuen G\u00e4stef\u00fchrung: Hafen, Hanse, H\u00f6kerwaren\",\"datePublished\":\"2024-07-25T07:40:58+00:00\",\"dateModified\":\"2024-08-09T08:37:24+00:00\",\"mainEntityOfPage\":{\"@id\":\"https:\\\/\\\/stade-tourismus.de\\\/de\\\/premiere-der-neuen-gaestefuehrung-hafen-hanse-hoekerwaren\\\/\"},\"wordCount\":658,\"publisher\":{\"@id\":\"https:\\\/\\\/stade-tourismus.de\\\/de\\\/#organization\"},\"articleSection\":[\"Pressemitteilungen\"],\"inLanguage\":\"de\"},{\"@type\":\"WebPage\",\"@id\":\"https:\\\/\\\/stade-tourismus.de\\\/de\\\/premiere-der-neuen-gaestefuehrung-hafen-hanse-hoekerwaren\\\/\",\"url\":\"https:\\\/\\\/stade-tourismus.de\\\/de\\\/premiere-der-neuen-gaestefuehrung-hafen-hanse-hoekerwaren\\\/\",\"name\":\"Premiere der neuen G\u00e4stef\u00fchrung: Hafen, Hanse, H\u00f6kerwaren - STADE Marketing und Tourismus\",\"isPartOf\":{\"@id\":\"https:\\\/\\\/stade-tourismus.de\\\/de\\\/#website\"},\"datePublished\":\"2024-07-25T07:40:58+00:00\",\"dateModified\":\"2024-08-09T08:37:24+00:00\",\"breadcrumb\":{\"@id\":\"https:\\\/\\\/stade-tourismus.de\\\/de\\\/premiere-der-neuen-gaestefuehrung-hafen-hanse-hoekerwaren\\\/#breadcrumb\"},\"inLanguage\":\"de\",\"potentialAction\":[{\"@type\":\"ReadAction\",\"target\":[\"https:\\\/\\\/stade-tourismus.de\\\/de\\\/premiere-der-neuen-gaestefuehrung-hafen-hanse-hoekerwaren\\\/\"]}]},{\"@type\":\"BreadcrumbList\",\"@id\":\"https:\\\/\\\/stade-tourismus.de\\\/de\\\/premiere-der-neuen-gaestefuehrung-hafen-hanse-hoekerwaren\\\/#breadcrumb\",\"itemListElement\":[{\"@type\":\"ListItem\",\"position\":1,\"name\":\"Startseite\",\"item\":\"https:\\\/\\\/stade-tourismus.de\\\/de\\\/\"},{\"@type\":\"ListItem\",\"position\":2,\"name\":\"Premiere der neuen G\u00e4stef\u00fchrung: Hafen, Hanse, H\u00f6kerwaren\"}]},{\"@type\":\"WebSite\",\"@id\":\"https:\\\/\\\/stade-tourismus.de\\\/de\\\/#website\",\"url\":\"https:\\\/\\\/stade-tourismus.de\\\/de\\\/\",\"name\":\"STADE Marketing und Tourismus\",\"description\":\"\",\"publisher\":{\"@id\":\"https:\\\/\\\/stade-tourismus.de\\\/de\\\/#organization\"},\"potentialAction\":[{\"@type\":\"SearchAction\",\"target\":{\"@type\":\"EntryPoint\",\"urlTemplate\":\"https:\\\/\\\/stade-tourismus.de\\\/de\\\/?s={search_term_string}\"},\"query-input\":{\"@type\":\"PropertyValueSpecification\",\"valueRequired\":true,\"valueName\":\"search_term_string\"}}],\"inLanguage\":\"de\"},{\"@type\":\"Organization\",\"@id\":\"https:\\\/\\\/stade-tourismus.de\\\/de\\\/#organization\",\"name\":\"STADE Marketing und Tourismus GmbH\",\"url\":\"https:\\\/\\\/stade-tourismus.de\\\/de\\\/\",\"logo\":{\"@type\":\"ImageObject\",\"inLanguage\":\"de\",\"@id\":\"https:\\\/\\\/stade-tourismus.de\\\/de\\\/#\\\/schema\\\/logo\\\/image\\\/\",\"url\":\"http:\\\/\\\/stadetouri.webhost.city-map.com\\\/wp-content\\\/uploads\\\/2021\\\/03\\\/logo-300b.png\",\"contentUrl\":\"http:\\\/\\\/stadetouri.webhost.city-map.com\\\/wp-content\\\/uploads\\\/2021\\\/03\\\/logo-300b.png\",\"width\":300,\"height\":42,\"caption\":\"STADE Marketing und Tourismus GmbH\"},\"image\":{\"@id\":\"https:\\\/\\\/stade-tourismus.de\\\/de\\\/#\\\/schema\\\/logo\\\/image\\\/\"},\"sameAs\":[\"https:\\\/\\\/www.facebook.com\\\/stade.tourismus\",\"https:\\\/\\\/www.instagram.com\\\/stade_frischer_wind\\\/\",\"https:\\\/\\\/www.youtube.com\\\/results?search_query=stade tourismus\"]},{\"@type\":\"Person\",\"@id\":\"https:\\\/\\\/stade-tourismus.de\\\/de\\\/#\\\/schema\\\/person\\\/a851adc47fb682725cc5ea78f12ad794\",\"name\":\"Carina Meyer\"}]}<\/script>\n<!-- \/ Yoast SEO plugin. -->","yoast_head_json":{"title":"Premiere der neuen G\u00e4stef\u00fchrung: Hafen, Hanse, H\u00f6kerwaren - STADE Marketing und Tourismus","robots":{"index":"index","follow":"follow","max-snippet":"max-snippet:-1","max-image-preview":"max-image-preview:large","max-video-preview":"max-video-preview:-1"},"canonical":"https:\/\/stade-tourismus.de\/de\/premiere-der-neuen-gaestefuehrung-hafen-hanse-hoekerwaren\/","og_locale":"de_DE","og_type":"article","og_title":"Premiere der neuen G\u00e4stef\u00fchrung: Hafen, Hanse, H\u00f6kerwaren - STADE Marketing und Tourismus","og_description":"Wer sich der neuen Stader G\u00e4stef\u00fchrung \u201eHafen, Hanse, H\u00f6kerwaren\u201c anschlie\u00dft, begibt sich auf eine thematische Zeitreise zu Hanse und Handel durch die Stader Altstadt. Sie blickt zur\u00fcck auf das Stade zu Zeiten der historischen Hanse und schl\u00e4gt die Br\u00fccke zu Stadtbild, Hanse und dem Handel der heutigen Zeit. Als H\u00f6hepunkt wartet eine Verkostung edler Tropfen [&hellip;]","og_url":"https:\/\/stade-tourismus.de\/de\/premiere-der-neuen-gaestefuehrung-hafen-hanse-hoekerwaren\/","og_site_name":"STADE Marketing und Tourismus","article_publisher":"https:\/\/www.facebook.com\/stade.tourismus","article_published_time":"2024-07-25T07:40:58+00:00","article_modified_time":"2024-08-09T08:37:24+00:00","og_image":[{"width":300,"height":42,"url":"https:\/\/stade-tourismus.de\/wp-content\/uploads\/2021\/03\/logo-300b.png","type":"image\/png"}],"author":"Carina Meyer","twitter_card":"summary_large_image","schema":{"@context":"https:\/\/schema.org","@graph":[{"@type":"Article","@id":"https:\/\/stade-tourismus.de\/de\/premiere-der-neuen-gaestefuehrung-hafen-hanse-hoekerwaren\/#article","isPartOf":{"@id":"https:\/\/stade-tourismus.de\/de\/premiere-der-neuen-gaestefuehrung-hafen-hanse-hoekerwaren\/"},"author":{"name":"Carina Meyer","@id":"https:\/\/stade-tourismus.de\/de\/#\/schema\/person\/a851adc47fb682725cc5ea78f12ad794"},"headline":"Premiere der neuen G\u00e4stef\u00fchrung: Hafen, Hanse, H\u00f6kerwaren","datePublished":"2024-07-25T07:40:58+00:00","dateModified":"2024-08-09T08:37:24+00:00","mainEntityOfPage":{"@id":"https:\/\/stade-tourismus.de\/de\/premiere-der-neuen-gaestefuehrung-hafen-hanse-hoekerwaren\/"},"wordCount":658,"publisher":{"@id":"https:\/\/stade-tourismus.de\/de\/#organization"},"articleSection":["Pressemitteilungen"],"inLanguage":"de"},{"@type":"WebPage","@id":"https:\/\/stade-tourismus.de\/de\/premiere-der-neuen-gaestefuehrung-hafen-hanse-hoekerwaren\/","url":"https:\/\/stade-tourismus.de\/de\/premiere-der-neuen-gaestefuehrung-hafen-hanse-hoekerwaren\/","name":"Premiere der neuen G\u00e4stef\u00fchrung: Hafen, Hanse, H\u00f6kerwaren - STADE Marketing und Tourismus","isPartOf":{"@id":"https:\/\/stade-tourismus.de\/de\/#website"},"datePublished":"2024-07-25T07:40:58+00:00","dateModified":"2024-08-09T08:37:24+00:00","breadcrumb":{"@id":"https:\/\/stade-tourismus.de\/de\/premiere-der-neuen-gaestefuehrung-hafen-hanse-hoekerwaren\/#breadcrumb"},"inLanguage":"de","potentialAction":[{"@type":"ReadAction","target":["https:\/\/stade-tourismus.de\/de\/premiere-der-neuen-gaestefuehrung-hafen-hanse-hoekerwaren\/"]}]},{"@type":"BreadcrumbList","@id":"https:\/\/stade-tourismus.de\/de\/premiere-der-neuen-gaestefuehrung-hafen-hanse-hoekerwaren\/#breadcrumb","itemListElement":[{"@type":"ListItem","position":1,"name":"Startseite","item":"https:\/\/stade-tourismus.de\/de\/"},{"@type":"ListItem","position":2,"name":"Premiere der neuen G\u00e4stef\u00fchrung: Hafen, Hanse, H\u00f6kerwaren"}]},{"@type":"WebSite","@id":"https:\/\/stade-tourismus.de\/de\/#website","url":"https:\/\/stade-tourismus.de\/de\/","name":"STADE Marketing und Tourismus","description":"","publisher":{"@id":"https:\/\/stade-tourismus.de\/de\/#organization"},"potentialAction":[{"@type":"SearchAction","target":{"@type":"EntryPoint","urlTemplate":"https:\/\/stade-tourismus.de\/de\/?s={search_term_string}"},"query-input":{"@type":"PropertyValueSpecification","valueRequired":true,"valueName":"search_term_string"}}],"inLanguage":"de"},{"@type":"Organization","@id":"https:\/\/stade-tourismus.de\/de\/#organization","name":"STADE Marketing und Tourismus GmbH","url":"https:\/\/stade-tourismus.de\/de\/","logo":{"@type":"ImageObject","inLanguage":"de","@id":"https:\/\/stade-tourismus.de\/de\/#\/schema\/logo\/image\/","url":"http:\/\/stadetouri.webhost.city-map.com\/wp-content\/uploads\/2021\/03\/logo-300b.png","contentUrl":"http:\/\/stadetouri.webhost.city-map.com\/wp-content\/uploads\/2021\/03\/logo-300b.png","width":300,"height":42,"caption":"STADE Marketing und Tourismus GmbH"},"image":{"@id":"https:\/\/stade-tourismus.de\/de\/#\/schema\/logo\/image\/"},"sameAs":["https:\/\/www.facebook.com\/stade.tourismus","https:\/\/www.instagram.com\/stade_frischer_wind\/","https:\/\/www.youtube.com\/results?search_query=stade tourismus"]},{"@type":"Person","@id":"https:\/\/stade-tourismus.de\/de\/#\/schema\/person\/a851adc47fb682725cc5ea78f12ad794","name":"Carina Meyer"}]}},"_links":{"self":[{"href":"https:\/\/stade-tourismus.de\/de\/wp-json\/wp\/v2\/posts\/38312","targetHints":{"allow":["GET"]}}],"collection":[{"href":"https:\/\/stade-tourismus.de\/de\/wp-json\/wp\/v2\/posts"}],"about":[{"href":"https:\/\/stade-tourismus.de\/de\/wp-json\/wp\/v2\/types\/post"}],"author":[{"embeddable":true,"href":"https:\/\/stade-tourismus.de\/de\/wp-json\/wp\/v2\/users\/2"}],"replies":[{"embeddable":true,"href":"https:\/\/stade-tourismus.de\/de\/wp-json\/wp\/v2\/comments?post=38312"}],"version-history":[{"count":0,"href":"https:\/\/stade-tourismus.de\/de\/wp-json\/wp\/v2\/posts\/38312\/revisions"}],"wp:attachment":[{"href":"https:\/\/stade-tourismus.de\/de\/wp-json\/wp\/v2\/media?parent=38312"}],"wp:term":[{"taxonomy":"category","embeddable":true,"href":"https:\/\/stade-tourismus.de\/de\/wp-json\/wp\/v2\/categories?post=38312"},{"taxonomy":"post_tag","embeddable":true,"href":"https:\/\/stade-tourismus.de\/de\/wp-json\/wp\/v2\/tags?post=38312"}],"curies":[{"name":"wp","href":"https:\/\/api.w.org\/{rel}","templated":true}]}}