{"id":39438,"date":"2024-10-29T14:20:17","date_gmt":"2024-10-29T13:20:17","guid":{"rendered":"https:\/\/stade-tourismus.de\/?p=39438"},"modified":"2024-10-30T14:30:00","modified_gmt":"2024-10-30T13:30:00","slug":"martinsumzug-in-stade-2","status":"publish","type":"post","link":"https:\/\/stade-tourismus.de\/de\/martinsumzug-in-stade-2\/","title":{"rendered":"Martinsumzug in Stade"},"content":{"rendered":"\n<p>Ein leuchtender Laternenumzug schl\u00e4ngelt sich am Freitag, 8. November, durch Stade. Laternenlieder erklingen in der einbrechenden Dunkelheit und die Kirche St. Wilhadi l\u00e4dt zum traditionellen St. Martins-Gottesdienst ein.<\/p>\n\n\n\n<p>Mit dem traditionellen Gottesdienst in der Kirche St. Wilhadi, der die Geschichte des heiligen Martin kinderfreundlich von den Stader Vorkonfirmanden in Theaterform erz\u00e4hlt, beginnt am Freitag, 8. November, um 17 Uhr das Martinsfest. Nach dem etwa halbst\u00fcndigen Gottesdienst versammeln sich Familien und Kinder mit bunten selbstgebastelten Laternen zum gemeinsamen Laternenumzug. Eine als St. Martin verkleidete Reiterin mit Pferd macht sich bereit, um die Teilnehmerinnen und Teilnehmer hoch zu Ross zu begleiten. Von der Kirche St. Wilhadi aus geht es um 17:30 Uhr auf einer rund einem Kilometer langen Strecke entlang des Burggrabens zum Stader B\u00fcrgerpark. Unterwegs erklingen die beliebtesten Laternenlieder zum Zuh\u00f6ren und Mitsingen. Am B\u00fcrgerpark wartet eine St\u00e4rkung in Form von Punsch, \u201eWeckm\u00e4nnern\u201c aus leckerem Hefeteig und Bratwurstspezialit\u00e4ten. Aufw\u00e4rmen d\u00fcrfen sich alle kleinen und gro\u00dfen G\u00e4ste am gem\u00fctlichen Lagerfeuer der Pfadfindergruppe Stamm Hasko e. V. Der Martinsumzug wird von der STADE Marketing und Tourismus GmbH in Kooperation mit Stade aktuell veranstaltet.<\/p>\n\n\n\n<p>Die Teilnahme am Gottesdienst und dem Laternenumzug ist kostenlos und ohne Anmeldung m\u00f6glich. Die Mitnahme von Fackeln mit offener Flamme ist nicht gestattet. Alle Informationen sind in der Tourist-Information am Hafen, telefonisch unter 04141-776980 oder online unter <a href=\"http:\/\/www.stade-tourismus.de\">www.stade-tourismus.de<\/a> erh\u00e4ltlich.<\/p>\n\n\n\n<div data-wp-interactive=\"core\/file\" class=\"wp-block-file\"><object data-wp-bind--hidden=\"!state.hasPdfPreview\" hidden class=\"wp-block-file__embed\" data=\"https:\/\/stade-tourismus.de\/wp-content\/uploads\/2024\/10\/Laternenumzug-in-Stade-2024.pdf\" type=\"application\/pdf\" style=\"width:100%;height:600px\" aria-label=\"Einbettung von Laternenumzug in Stade 2024.\"><\/object><a id=\"wp-block-file--media-fc75a523-25e1-4c4d-8c94-13638b76c2ed\" href=\"https:\/\/stade-tourismus.de\/wp-content\/uploads\/2024\/10\/Laternenumzug-in-Stade-2024.pdf\">Laternenumzug in Stade 2024<\/a><a href=\"https:\/\/stade-tourismus.de\/wp-content\/uploads\/2024\/10\/Laternenumzug-in-Stade-2024.pdf\" class=\"wp-block-file__button wp-element-button\" download aria-describedby=\"wp-block-file--media-fc75a523-25e1-4c4d-8c94-13638b76c2ed\">Herunterladen<\/a><\/div>\n","protected":false},"excerpt":{"rendered":"<p>Ein leuchtender Laternenumzug schl\u00e4ngelt sich am Freitag, 8. November, durch Stade. Laternenlieder erklingen in der einbrechenden Dunkelheit und die Kirche St. Wilhadi l\u00e4dt zum traditionellen St. Martins-Gottesdienst ein. Mit dem traditionellen Gottesdienst in der Kirche St. Wilhadi, der die Geschichte des heiligen Martin kinderfreundlich von den Stader Vorkonfirmanden in Theaterform erz\u00e4hlt, beginnt am Freitag, 8. [&hellip;]<\/p>\n","protected":false},"author":2,"featured_media":0,"comment_status":"closed","ping_status":"closed","sticky":false,"template":"","format":"standard","meta":{"footnotes":""},"categories":[42],"tags":[],"class_list":["post-39438","post","type-post","status-publish","format-standard","hentry","category-pressemitteilungen"],"yoast_head":"<!-- This site is optimized with the Yoast SEO plugin v27.3 - https:\/\/yoast.com\/product\/yoast-seo-wordpress\/ -->\n<title>Martinsumzug in Stade - STADE Marketing und Tourismus<\/title>\n<meta name=\"robots\" content=\"index, follow, max-snippet:-1, max-image-preview:large, max-video-preview:-1\" \/>\n<link rel=\"canonical\" href=\"https:\/\/stade-tourismus.de\/de\/martinsumzug-in-stade-2\/\" \/>\n<meta property=\"og:locale\" content=\"de_DE\" \/>\n<meta property=\"og:type\" content=\"article\" \/>\n<meta property=\"og:title\" content=\"Martinsumzug in Stade - STADE Marketing und Tourismus\" \/>\n<meta property=\"og:description\" content=\"Ein leuchtender Laternenumzug schl\u00e4ngelt sich am Freitag, 8. November, durch Stade. Laternenlieder erklingen in der einbrechenden Dunkelheit und die Kirche St. Wilhadi l\u00e4dt zum traditionellen St. Martins-Gottesdienst ein. Mit dem traditionellen Gottesdienst in der Kirche St. Wilhadi, der die Geschichte des heiligen Martin kinderfreundlich von den Stader Vorkonfirmanden in Theaterform erz\u00e4hlt, beginnt am Freitag, 8. [&hellip;]\" \/>\n<meta property=\"og:url\" content=\"https:\/\/stade-tourismus.de\/de\/martinsumzug-in-stade-2\/\" \/>\n<meta property=\"og:site_name\" content=\"STADE Marketing und Tourismus\" \/>\n<meta property=\"article:publisher\" content=\"https:\/\/www.facebook.com\/stade.tourismus\" \/>\n<meta property=\"article:published_time\" content=\"2024-10-29T13:20:17+00:00\" \/>\n<meta property=\"article:modified_time\" content=\"2024-10-30T13:30:00+00:00\" \/>\n<meta property=\"og:image\" content=\"https:\/\/stade-tourismus.de\/wp-content\/uploads\/2021\/03\/logo-300b.png\" \/>\n\t<meta property=\"og:image:width\" content=\"300\" \/>\n\t<meta property=\"og:image:height\" content=\"42\" \/>\n\t<meta property=\"og:image:type\" content=\"image\/png\" \/>\n<meta name=\"author\" content=\"Carina Meyer\" \/>\n<meta name=\"twitter:card\" content=\"summary_large_image\" \/>\n<script type=\"application\/ld+json\" class=\"yoast-schema-graph\">{\"@context\":\"https:\\\/\\\/schema.org\",\"@graph\":[{\"@type\":\"Article\",\"@id\":\"https:\\\/\\\/stade-tourismus.de\\\/de\\\/martinsumzug-in-stade-2\\\/#article\",\"isPartOf\":{\"@id\":\"https:\\\/\\\/stade-tourismus.de\\\/de\\\/martinsumzug-in-stade-2\\\/\"},\"author\":{\"name\":\"Carina Meyer\",\"@id\":\"https:\\\/\\\/stade-tourismus.de\\\/de\\\/#\\\/schema\\\/person\\\/a851adc47fb682725cc5ea78f12ad794\"},\"headline\":\"Martinsumzug in Stade\",\"datePublished\":\"2024-10-29T13:20:17+00:00\",\"dateModified\":\"2024-10-30T13:30:00+00:00\",\"mainEntityOfPage\":{\"@id\":\"https:\\\/\\\/stade-tourismus.de\\\/de\\\/martinsumzug-in-stade-2\\\/\"},\"wordCount\":241,\"publisher\":{\"@id\":\"https:\\\/\\\/stade-tourismus.de\\\/de\\\/#organization\"},\"articleSection\":[\"Pressemitteilungen\"],\"inLanguage\":\"de\"},{\"@type\":\"WebPage\",\"@id\":\"https:\\\/\\\/stade-tourismus.de\\\/de\\\/martinsumzug-in-stade-2\\\/\",\"url\":\"https:\\\/\\\/stade-tourismus.de\\\/de\\\/martinsumzug-in-stade-2\\\/\",\"name\":\"Martinsumzug in Stade - STADE Marketing und Tourismus\",\"isPartOf\":{\"@id\":\"https:\\\/\\\/stade-tourismus.de\\\/de\\\/#website\"},\"datePublished\":\"2024-10-29T13:20:17+00:00\",\"dateModified\":\"2024-10-30T13:30:00+00:00\",\"breadcrumb\":{\"@id\":\"https:\\\/\\\/stade-tourismus.de\\\/de\\\/martinsumzug-in-stade-2\\\/#breadcrumb\"},\"inLanguage\":\"de\",\"potentialAction\":[{\"@type\":\"ReadAction\",\"target\":[\"https:\\\/\\\/stade-tourismus.de\\\/de\\\/martinsumzug-in-stade-2\\\/\"]}]},{\"@type\":\"BreadcrumbList\",\"@id\":\"https:\\\/\\\/stade-tourismus.de\\\/de\\\/martinsumzug-in-stade-2\\\/#breadcrumb\",\"itemListElement\":[{\"@type\":\"ListItem\",\"position\":1,\"name\":\"Startseite\",\"item\":\"https:\\\/\\\/stade-tourismus.de\\\/de\\\/\"},{\"@type\":\"ListItem\",\"position\":2,\"name\":\"Martinsumzug in Stade\"}]},{\"@type\":\"WebSite\",\"@id\":\"https:\\\/\\\/stade-tourismus.de\\\/de\\\/#website\",\"url\":\"https:\\\/\\\/stade-tourismus.de\\\/de\\\/\",\"name\":\"STADE Marketing und Tourismus\",\"description\":\"\",\"publisher\":{\"@id\":\"https:\\\/\\\/stade-tourismus.de\\\/de\\\/#organization\"},\"potentialAction\":[{\"@type\":\"SearchAction\",\"target\":{\"@type\":\"EntryPoint\",\"urlTemplate\":\"https:\\\/\\\/stade-tourismus.de\\\/de\\\/?s={search_term_string}\"},\"query-input\":{\"@type\":\"PropertyValueSpecification\",\"valueRequired\":true,\"valueName\":\"search_term_string\"}}],\"inLanguage\":\"de\"},{\"@type\":\"Organization\",\"@id\":\"https:\\\/\\\/stade-tourismus.de\\\/de\\\/#organization\",\"name\":\"STADE Marketing und Tourismus GmbH\",\"url\":\"https:\\\/\\\/stade-tourismus.de\\\/de\\\/\",\"logo\":{\"@type\":\"ImageObject\",\"inLanguage\":\"de\",\"@id\":\"https:\\\/\\\/stade-tourismus.de\\\/de\\\/#\\\/schema\\\/logo\\\/image\\\/\",\"url\":\"http:\\\/\\\/stadetouri.webhost.city-map.com\\\/wp-content\\\/uploads\\\/2021\\\/03\\\/logo-300b.png\",\"contentUrl\":\"http:\\\/\\\/stadetouri.webhost.city-map.com\\\/wp-content\\\/uploads\\\/2021\\\/03\\\/logo-300b.png\",\"width\":300,\"height\":42,\"caption\":\"STADE Marketing und Tourismus GmbH\"},\"image\":{\"@id\":\"https:\\\/\\\/stade-tourismus.de\\\/de\\\/#\\\/schema\\\/logo\\\/image\\\/\"},\"sameAs\":[\"https:\\\/\\\/www.facebook.com\\\/stade.tourismus\",\"https:\\\/\\\/www.instagram.com\\\/stade_frischer_wind\\\/\",\"https:\\\/\\\/www.youtube.com\\\/results?search_query=stade tourismus\"]},{\"@type\":\"Person\",\"@id\":\"https:\\\/\\\/stade-tourismus.de\\\/de\\\/#\\\/schema\\\/person\\\/a851adc47fb682725cc5ea78f12ad794\",\"name\":\"Carina Meyer\"}]}<\/script>\n<!-- \/ Yoast SEO plugin. -->","yoast_head_json":{"title":"Martinsumzug in Stade - STADE Marketing und Tourismus","robots":{"index":"index","follow":"follow","max-snippet":"max-snippet:-1","max-image-preview":"max-image-preview:large","max-video-preview":"max-video-preview:-1"},"canonical":"https:\/\/stade-tourismus.de\/de\/martinsumzug-in-stade-2\/","og_locale":"de_DE","og_type":"article","og_title":"Martinsumzug in Stade - STADE Marketing und Tourismus","og_description":"Ein leuchtender Laternenumzug schl\u00e4ngelt sich am Freitag, 8. November, durch Stade. Laternenlieder erklingen in der einbrechenden Dunkelheit und die Kirche St. Wilhadi l\u00e4dt zum traditionellen St. Martins-Gottesdienst ein. Mit dem traditionellen Gottesdienst in der Kirche St. Wilhadi, der die Geschichte des heiligen Martin kinderfreundlich von den Stader Vorkonfirmanden in Theaterform erz\u00e4hlt, beginnt am Freitag, 8. [&hellip;]","og_url":"https:\/\/stade-tourismus.de\/de\/martinsumzug-in-stade-2\/","og_site_name":"STADE Marketing und Tourismus","article_publisher":"https:\/\/www.facebook.com\/stade.tourismus","article_published_time":"2024-10-29T13:20:17+00:00","article_modified_time":"2024-10-30T13:30:00+00:00","og_image":[{"width":300,"height":42,"url":"https:\/\/stade-tourismus.de\/wp-content\/uploads\/2021\/03\/logo-300b.png","type":"image\/png"}],"author":"Carina Meyer","twitter_card":"summary_large_image","schema":{"@context":"https:\/\/schema.org","@graph":[{"@type":"Article","@id":"https:\/\/stade-tourismus.de\/de\/martinsumzug-in-stade-2\/#article","isPartOf":{"@id":"https:\/\/stade-tourismus.de\/de\/martinsumzug-in-stade-2\/"},"author":{"name":"Carina Meyer","@id":"https:\/\/stade-tourismus.de\/de\/#\/schema\/person\/a851adc47fb682725cc5ea78f12ad794"},"headline":"Martinsumzug in Stade","datePublished":"2024-10-29T13:20:17+00:00","dateModified":"2024-10-30T13:30:00+00:00","mainEntityOfPage":{"@id":"https:\/\/stade-tourismus.de\/de\/martinsumzug-in-stade-2\/"},"wordCount":241,"publisher":{"@id":"https:\/\/stade-tourismus.de\/de\/#organization"},"articleSection":["Pressemitteilungen"],"inLanguage":"de"},{"@type":"WebPage","@id":"https:\/\/stade-tourismus.de\/de\/martinsumzug-in-stade-2\/","url":"https:\/\/stade-tourismus.de\/de\/martinsumzug-in-stade-2\/","name":"Martinsumzug in Stade - STADE Marketing und Tourismus","isPartOf":{"@id":"https:\/\/stade-tourismus.de\/de\/#website"},"datePublished":"2024-10-29T13:20:17+00:00","dateModified":"2024-10-30T13:30:00+00:00","breadcrumb":{"@id":"https:\/\/stade-tourismus.de\/de\/martinsumzug-in-stade-2\/#breadcrumb"},"inLanguage":"de","potentialAction":[{"@type":"ReadAction","target":["https:\/\/stade-tourismus.de\/de\/martinsumzug-in-stade-2\/"]}]},{"@type":"BreadcrumbList","@id":"https:\/\/stade-tourismus.de\/de\/martinsumzug-in-stade-2\/#breadcrumb","itemListElement":[{"@type":"ListItem","position":1,"name":"Startseite","item":"https:\/\/stade-tourismus.de\/de\/"},{"@type":"ListItem","position":2,"name":"Martinsumzug in Stade"}]},{"@type":"WebSite","@id":"https:\/\/stade-tourismus.de\/de\/#website","url":"https:\/\/stade-tourismus.de\/de\/","name":"STADE Marketing und Tourismus","description":"","publisher":{"@id":"https:\/\/stade-tourismus.de\/de\/#organization"},"potentialAction":[{"@type":"SearchAction","target":{"@type":"EntryPoint","urlTemplate":"https:\/\/stade-tourismus.de\/de\/?s={search_term_string}"},"query-input":{"@type":"PropertyValueSpecification","valueRequired":true,"valueName":"search_term_string"}}],"inLanguage":"de"},{"@type":"Organization","@id":"https:\/\/stade-tourismus.de\/de\/#organization","name":"STADE Marketing und Tourismus GmbH","url":"https:\/\/stade-tourismus.de\/de\/","logo":{"@type":"ImageObject","inLanguage":"de","@id":"https:\/\/stade-tourismus.de\/de\/#\/schema\/logo\/image\/","url":"http:\/\/stadetouri.webhost.city-map.com\/wp-content\/uploads\/2021\/03\/logo-300b.png","contentUrl":"http:\/\/stadetouri.webhost.city-map.com\/wp-content\/uploads\/2021\/03\/logo-300b.png","width":300,"height":42,"caption":"STADE Marketing und Tourismus GmbH"},"image":{"@id":"https:\/\/stade-tourismus.de\/de\/#\/schema\/logo\/image\/"},"sameAs":["https:\/\/www.facebook.com\/stade.tourismus","https:\/\/www.instagram.com\/stade_frischer_wind\/","https:\/\/www.youtube.com\/results?search_query=stade tourismus"]},{"@type":"Person","@id":"https:\/\/stade-tourismus.de\/de\/#\/schema\/person\/a851adc47fb682725cc5ea78f12ad794","name":"Carina Meyer"}]}},"_links":{"self":[{"href":"https:\/\/stade-tourismus.de\/de\/wp-json\/wp\/v2\/posts\/39438","targetHints":{"allow":["GET"]}}],"collection":[{"href":"https:\/\/stade-tourismus.de\/de\/wp-json\/wp\/v2\/posts"}],"about":[{"href":"https:\/\/stade-tourismus.de\/de\/wp-json\/wp\/v2\/types\/post"}],"author":[{"embeddable":true,"href":"https:\/\/stade-tourismus.de\/de\/wp-json\/wp\/v2\/users\/2"}],"replies":[{"embeddable":true,"href":"https:\/\/stade-tourismus.de\/de\/wp-json\/wp\/v2\/comments?post=39438"}],"version-history":[{"count":0,"href":"https:\/\/stade-tourismus.de\/de\/wp-json\/wp\/v2\/posts\/39438\/revisions"}],"wp:attachment":[{"href":"https:\/\/stade-tourismus.de\/de\/wp-json\/wp\/v2\/media?parent=39438"}],"wp:term":[{"taxonomy":"category","embeddable":true,"href":"https:\/\/stade-tourismus.de\/de\/wp-json\/wp\/v2\/categories?post=39438"},{"taxonomy":"post_tag","embeddable":true,"href":"https:\/\/stade-tourismus.de\/de\/wp-json\/wp\/v2\/tags?post=39438"}],"curies":[{"name":"wp","href":"https:\/\/api.w.org\/{rel}","templated":true}]}}