{"id":41249,"date":"2025-02-27T13:58:32","date_gmt":"2025-02-27T12:58:32","guid":{"rendered":"https:\/\/stade-tourismus.de\/?p=41249"},"modified":"2025-04-03T14:01:54","modified_gmt":"2025-04-03T12:01:54","slug":"stades-wohnmobilstellplatz-am-schiffertor-erstklassig-bei-wohnmobilisten","status":"publish","type":"post","link":"https:\/\/stade-tourismus.de\/de\/stades-wohnmobilstellplatz-am-schiffertor-erstklassig-bei-wohnmobilisten\/","title":{"rendered":"Stades Wohnmobilstellplatz am Schiffertor: Erstklassig bei Wohnmobilisten"},"content":{"rendered":"\n<p>Der Stader Wohnmobilstellplatz am Schiffertor bleibt auch 2025 erste Wahl f\u00fcr Reisemobilisten seiner Gr\u00f6\u00dfe in Deutschland. Zum vierten Mal in Folge w\u00e4hlten die Leser der Fachzeitschrift \u201ePromobil\u201c den Stellplatz in der Kategorie 51 bis 80 Wohnmobile auf den ersten Platz. Diese Auszeichnung w\u00fcrdigt neben der Qualit\u00e4t des Stellplatzes auch die anhaltend starke Nachfrage und Beliebtheit bei den Wohnmobilurlaubern.<\/p>\n\n\n\n<p><strong>Stades Wohnmobilstellplatz mit renommierten Wettbewerbern auf Siegerpodest<br><\/strong>\u201eDie wiederholte Auszeichnung als Nummer 1 bei der Befragung von Europas gr\u00f6\u00dftem Reisemobil-Magazin ist eine Best\u00e4tigung f\u00fcr die kontinuierliche Weiterentwicklung und den hohen Standard, den wir unseren G\u00e4sten bieten\u201c, erkl\u00e4rt Frank Tinnemeyer, Leiter Tourismus der Stade Marketing und Tourismus GmbH (SMTG). \u201eMit sieben ersten Pl\u00e4tzen seit 2009 zeigt sich, dass wir den Bed\u00fcrfnissen der Reisemobilisten stets gerecht werden.\u201c Mit dem Reisemobilhafen Sankt Peter-Ording und dem Wohnmobilpark Kamerun in Waren\/M\u00fcritz auf den nachfolgenden Pl\u00e4tzen stehen renommierte Stellpl\u00e4tze mit Stade auf dem Siegerpodest.<\/p>\n\n\n\n<p><strong>Der Wohnmobilmarkt in Deutschland w\u00e4chst \u2013 Stade punktet mit Service<br><\/strong>2024 wurden in Deutschland 96.392 Caravans und Reisemobile neu zugelassen, meldet der Caravaning Industrie Verband (CIVD), ein Plus von 6,7 Prozent gegen\u00fcber dem Vorjahr und das drittbeste Ergebnis in der Geschichte der Branche. Besonders das Bed\u00fcrfnis nach Flexibilit\u00e4t und der Wunsch nach einem naturnahen Urlaub treiben den Markt. Auch der Komfort, den moderne Wohnmobile bieten, hat die Anspr\u00fcche vieler Reisemobilisten ver\u00e4ndert. \u201eDiese Entwicklung macht es umso wichtiger, unseren G\u00e4sten nicht nur einen Stellplatz zu bieten, sondern auch eine Rundum-Erfahrung mit einem hohen Ma\u00df an Komfort und Service\u201c, so der Gesch\u00e4ftsf\u00fchrer der SMTG Dr. Andreas Sch\u00e4fer. \u201eDie besondere Infrastruktur \u2013 ruhige Lage am Landschaftsschutzgebiet mit gleichzeitiger N\u00e4he zur malerischen Altstadt, die hohe Qualit\u00e4t der Infrastruktur mit gro\u00dfz\u00fcgigen Stellpl\u00e4tzen und einem modernen Servicegeb\u00e4ude \u2013 wird durch die engagierte, ganzj\u00e4hrige Betreuung des Stellplatzteams zu einem besonderen Urlaubserlebnis.\u201c Um die Anspr\u00fcche der G\u00e4ste auch k\u00fcnftig zu erf\u00fcllen, wird der Wohnmobilstellplatz stetig weiterentwickelt.<\/p>\n\n\n\n<p><strong>G\u00e4stezahlen auf Rekordniveau<\/strong><br>Die Zahl der \u00dcbernachtungen hat sich in den letzten Jahren positiv entwickelt, nicht nur durch den Platz am Schiffertor, sondern auch durch die weiteren Stellpl\u00e4tze in Stade am<br>Solemio und in der Festung Grauerort. Mit insgesamt 22.265 Fahrzeug\u00fcbernachtungen kann Stade im Jahr 2024 einen neuen Rekord verbuchen und daraus resultierend 44.530 G\u00e4ste-\u00dcbernachtungen im Segment generieren. Weitere Informationen zu den Stader Wohnmobilstellpl\u00e4tzen sind auf der Website <a href=\"http:\/\/www.stade-tourismus.de\">www.stade-tourismus.de<\/a> zu finden.<\/p>\n\n\n\n<div data-wp-interactive=\"core\/file\" class=\"wp-block-file\"><object data-wp-bind--hidden=\"!state.hasPdfPreview\" hidden class=\"wp-block-file__embed\" data=\"https:\/\/stade-tourismus.de\/wp-content\/uploads\/2025\/04\/Stades-Wohnmobilstellplatz-ausgezeichnet.pdf\" type=\"application\/pdf\" style=\"width:100%;height:600px\" aria-label=\"Einbettung von Stades Wohnmobilstellplatz ausgezeichnet.\"><\/object><a id=\"wp-block-file--media-50c045ce-8fae-47d8-af72-ed79c5477702\" href=\"https:\/\/stade-tourismus.de\/wp-content\/uploads\/2025\/04\/Stades-Wohnmobilstellplatz-ausgezeichnet.pdf\">Stades Wohnmobilstellplatz ausgezeichnet<\/a><a href=\"https:\/\/stade-tourismus.de\/wp-content\/uploads\/2025\/04\/Stades-Wohnmobilstellplatz-ausgezeichnet.pdf\" class=\"wp-block-file__button wp-element-button\" download aria-describedby=\"wp-block-file--media-50c045ce-8fae-47d8-af72-ed79c5477702\">Herunterladen<\/a><\/div>\n","protected":false},"excerpt":{"rendered":"<p>Der Stader Wohnmobilstellplatz am Schiffertor bleibt auch 2025 erste Wahl f\u00fcr Reisemobilisten seiner Gr\u00f6\u00dfe in Deutschland. Zum vierten Mal in Folge w\u00e4hlten die Leser der Fachzeitschrift \u201ePromobil\u201c den Stellplatz in der Kategorie 51 bis 80 Wohnmobile auf den ersten Platz. Diese Auszeichnung w\u00fcrdigt neben der Qualit\u00e4t des Stellplatzes auch die anhaltend starke Nachfrage und Beliebtheit [&hellip;]<\/p>\n","protected":false},"author":2,"featured_media":0,"comment_status":"closed","ping_status":"closed","sticky":false,"template":"","format":"standard","meta":{"footnotes":""},"categories":[42],"tags":[],"class_list":["post-41249","post","type-post","status-publish","format-standard","hentry","category-pressemitteilungen"],"yoast_head":"<!-- This site is optimized with the Yoast SEO plugin v27.3 - https:\/\/yoast.com\/product\/yoast-seo-wordpress\/ -->\n<title>Stades Wohnmobilstellplatz am Schiffertor: Erstklassig bei Wohnmobilisten - STADE Marketing und Tourismus<\/title>\n<meta name=\"robots\" content=\"index, follow, max-snippet:-1, max-image-preview:large, max-video-preview:-1\" \/>\n<link rel=\"canonical\" href=\"https:\/\/stade-tourismus.de\/de\/stades-wohnmobilstellplatz-am-schiffertor-erstklassig-bei-wohnmobilisten\/\" \/>\n<meta property=\"og:locale\" content=\"de_DE\" \/>\n<meta property=\"og:type\" content=\"article\" \/>\n<meta property=\"og:title\" content=\"Stades Wohnmobilstellplatz am Schiffertor: Erstklassig bei Wohnmobilisten - STADE Marketing und Tourismus\" \/>\n<meta property=\"og:description\" content=\"Der Stader Wohnmobilstellplatz am Schiffertor bleibt auch 2025 erste Wahl f\u00fcr Reisemobilisten seiner Gr\u00f6\u00dfe in Deutschland. Zum vierten Mal in Folge w\u00e4hlten die Leser der Fachzeitschrift \u201ePromobil\u201c den Stellplatz in der Kategorie 51 bis 80 Wohnmobile auf den ersten Platz. Diese Auszeichnung w\u00fcrdigt neben der Qualit\u00e4t des Stellplatzes auch die anhaltend starke Nachfrage und Beliebtheit [&hellip;]\" \/>\n<meta property=\"og:url\" content=\"https:\/\/stade-tourismus.de\/de\/stades-wohnmobilstellplatz-am-schiffertor-erstklassig-bei-wohnmobilisten\/\" \/>\n<meta property=\"og:site_name\" content=\"STADE Marketing und Tourismus\" \/>\n<meta property=\"article:publisher\" content=\"https:\/\/www.facebook.com\/stade.tourismus\" \/>\n<meta property=\"article:published_time\" content=\"2025-02-27T12:58:32+00:00\" \/>\n<meta property=\"article:modified_time\" content=\"2025-04-03T12:01:54+00:00\" \/>\n<meta property=\"og:image\" content=\"https:\/\/stade-tourismus.de\/wp-content\/uploads\/2021\/03\/logo-300b.png\" \/>\n\t<meta property=\"og:image:width\" content=\"300\" \/>\n\t<meta property=\"og:image:height\" content=\"42\" \/>\n\t<meta property=\"og:image:type\" content=\"image\/png\" \/>\n<meta name=\"author\" content=\"Carina Meyer\" \/>\n<meta name=\"twitter:card\" content=\"summary_large_image\" \/>\n<script type=\"application\/ld+json\" class=\"yoast-schema-graph\">{\"@context\":\"https:\\\/\\\/schema.org\",\"@graph\":[{\"@type\":\"Article\",\"@id\":\"https:\\\/\\\/stade-tourismus.de\\\/de\\\/stades-wohnmobilstellplatz-am-schiffertor-erstklassig-bei-wohnmobilisten\\\/#article\",\"isPartOf\":{\"@id\":\"https:\\\/\\\/stade-tourismus.de\\\/de\\\/stades-wohnmobilstellplatz-am-schiffertor-erstklassig-bei-wohnmobilisten\\\/\"},\"author\":{\"name\":\"Carina Meyer\",\"@id\":\"https:\\\/\\\/stade-tourismus.de\\\/de\\\/#\\\/schema\\\/person\\\/a851adc47fb682725cc5ea78f12ad794\"},\"headline\":\"Stades Wohnmobilstellplatz am Schiffertor: Erstklassig bei Wohnmobilisten\",\"datePublished\":\"2025-02-27T12:58:32+00:00\",\"dateModified\":\"2025-04-03T12:01:54+00:00\",\"mainEntityOfPage\":{\"@id\":\"https:\\\/\\\/stade-tourismus.de\\\/de\\\/stades-wohnmobilstellplatz-am-schiffertor-erstklassig-bei-wohnmobilisten\\\/\"},\"wordCount\":416,\"publisher\":{\"@id\":\"https:\\\/\\\/stade-tourismus.de\\\/de\\\/#organization\"},\"articleSection\":[\"Pressemitteilungen\"],\"inLanguage\":\"de\"},{\"@type\":\"WebPage\",\"@id\":\"https:\\\/\\\/stade-tourismus.de\\\/de\\\/stades-wohnmobilstellplatz-am-schiffertor-erstklassig-bei-wohnmobilisten\\\/\",\"url\":\"https:\\\/\\\/stade-tourismus.de\\\/de\\\/stades-wohnmobilstellplatz-am-schiffertor-erstklassig-bei-wohnmobilisten\\\/\",\"name\":\"Stades Wohnmobilstellplatz am Schiffertor: Erstklassig bei Wohnmobilisten - STADE Marketing und Tourismus\",\"isPartOf\":{\"@id\":\"https:\\\/\\\/stade-tourismus.de\\\/de\\\/#website\"},\"datePublished\":\"2025-02-27T12:58:32+00:00\",\"dateModified\":\"2025-04-03T12:01:54+00:00\",\"breadcrumb\":{\"@id\":\"https:\\\/\\\/stade-tourismus.de\\\/de\\\/stades-wohnmobilstellplatz-am-schiffertor-erstklassig-bei-wohnmobilisten\\\/#breadcrumb\"},\"inLanguage\":\"de\",\"potentialAction\":[{\"@type\":\"ReadAction\",\"target\":[\"https:\\\/\\\/stade-tourismus.de\\\/de\\\/stades-wohnmobilstellplatz-am-schiffertor-erstklassig-bei-wohnmobilisten\\\/\"]}]},{\"@type\":\"BreadcrumbList\",\"@id\":\"https:\\\/\\\/stade-tourismus.de\\\/de\\\/stades-wohnmobilstellplatz-am-schiffertor-erstklassig-bei-wohnmobilisten\\\/#breadcrumb\",\"itemListElement\":[{\"@type\":\"ListItem\",\"position\":1,\"name\":\"Startseite\",\"item\":\"https:\\\/\\\/stade-tourismus.de\\\/de\\\/\"},{\"@type\":\"ListItem\",\"position\":2,\"name\":\"Stades Wohnmobilstellplatz am Schiffertor: Erstklassig bei Wohnmobilisten\"}]},{\"@type\":\"WebSite\",\"@id\":\"https:\\\/\\\/stade-tourismus.de\\\/de\\\/#website\",\"url\":\"https:\\\/\\\/stade-tourismus.de\\\/de\\\/\",\"name\":\"STADE Marketing und Tourismus\",\"description\":\"\",\"publisher\":{\"@id\":\"https:\\\/\\\/stade-tourismus.de\\\/de\\\/#organization\"},\"potentialAction\":[{\"@type\":\"SearchAction\",\"target\":{\"@type\":\"EntryPoint\",\"urlTemplate\":\"https:\\\/\\\/stade-tourismus.de\\\/de\\\/?s={search_term_string}\"},\"query-input\":{\"@type\":\"PropertyValueSpecification\",\"valueRequired\":true,\"valueName\":\"search_term_string\"}}],\"inLanguage\":\"de\"},{\"@type\":\"Organization\",\"@id\":\"https:\\\/\\\/stade-tourismus.de\\\/de\\\/#organization\",\"name\":\"STADE Marketing und Tourismus GmbH\",\"url\":\"https:\\\/\\\/stade-tourismus.de\\\/de\\\/\",\"logo\":{\"@type\":\"ImageObject\",\"inLanguage\":\"de\",\"@id\":\"https:\\\/\\\/stade-tourismus.de\\\/de\\\/#\\\/schema\\\/logo\\\/image\\\/\",\"url\":\"http:\\\/\\\/stadetouri.webhost.city-map.com\\\/wp-content\\\/uploads\\\/2021\\\/03\\\/logo-300b.png\",\"contentUrl\":\"http:\\\/\\\/stadetouri.webhost.city-map.com\\\/wp-content\\\/uploads\\\/2021\\\/03\\\/logo-300b.png\",\"width\":300,\"height\":42,\"caption\":\"STADE Marketing und Tourismus GmbH\"},\"image\":{\"@id\":\"https:\\\/\\\/stade-tourismus.de\\\/de\\\/#\\\/schema\\\/logo\\\/image\\\/\"},\"sameAs\":[\"https:\\\/\\\/www.facebook.com\\\/stade.tourismus\",\"https:\\\/\\\/www.instagram.com\\\/stade_frischer_wind\\\/\",\"https:\\\/\\\/www.youtube.com\\\/results?search_query=stade tourismus\"]},{\"@type\":\"Person\",\"@id\":\"https:\\\/\\\/stade-tourismus.de\\\/de\\\/#\\\/schema\\\/person\\\/a851adc47fb682725cc5ea78f12ad794\",\"name\":\"Carina Meyer\"}]}<\/script>\n<!-- \/ Yoast SEO plugin. -->","yoast_head_json":{"title":"Stades Wohnmobilstellplatz am Schiffertor: Erstklassig bei Wohnmobilisten - STADE Marketing und Tourismus","robots":{"index":"index","follow":"follow","max-snippet":"max-snippet:-1","max-image-preview":"max-image-preview:large","max-video-preview":"max-video-preview:-1"},"canonical":"https:\/\/stade-tourismus.de\/de\/stades-wohnmobilstellplatz-am-schiffertor-erstklassig-bei-wohnmobilisten\/","og_locale":"de_DE","og_type":"article","og_title":"Stades Wohnmobilstellplatz am Schiffertor: Erstklassig bei Wohnmobilisten - STADE Marketing und Tourismus","og_description":"Der Stader Wohnmobilstellplatz am Schiffertor bleibt auch 2025 erste Wahl f\u00fcr Reisemobilisten seiner Gr\u00f6\u00dfe in Deutschland. Zum vierten Mal in Folge w\u00e4hlten die Leser der Fachzeitschrift \u201ePromobil\u201c den Stellplatz in der Kategorie 51 bis 80 Wohnmobile auf den ersten Platz. Diese Auszeichnung w\u00fcrdigt neben der Qualit\u00e4t des Stellplatzes auch die anhaltend starke Nachfrage und Beliebtheit [&hellip;]","og_url":"https:\/\/stade-tourismus.de\/de\/stades-wohnmobilstellplatz-am-schiffertor-erstklassig-bei-wohnmobilisten\/","og_site_name":"STADE Marketing und Tourismus","article_publisher":"https:\/\/www.facebook.com\/stade.tourismus","article_published_time":"2025-02-27T12:58:32+00:00","article_modified_time":"2025-04-03T12:01:54+00:00","og_image":[{"width":300,"height":42,"url":"https:\/\/stade-tourismus.de\/wp-content\/uploads\/2021\/03\/logo-300b.png","type":"image\/png"}],"author":"Carina Meyer","twitter_card":"summary_large_image","schema":{"@context":"https:\/\/schema.org","@graph":[{"@type":"Article","@id":"https:\/\/stade-tourismus.de\/de\/stades-wohnmobilstellplatz-am-schiffertor-erstklassig-bei-wohnmobilisten\/#article","isPartOf":{"@id":"https:\/\/stade-tourismus.de\/de\/stades-wohnmobilstellplatz-am-schiffertor-erstklassig-bei-wohnmobilisten\/"},"author":{"name":"Carina Meyer","@id":"https:\/\/stade-tourismus.de\/de\/#\/schema\/person\/a851adc47fb682725cc5ea78f12ad794"},"headline":"Stades Wohnmobilstellplatz am Schiffertor: Erstklassig bei Wohnmobilisten","datePublished":"2025-02-27T12:58:32+00:00","dateModified":"2025-04-03T12:01:54+00:00","mainEntityOfPage":{"@id":"https:\/\/stade-tourismus.de\/de\/stades-wohnmobilstellplatz-am-schiffertor-erstklassig-bei-wohnmobilisten\/"},"wordCount":416,"publisher":{"@id":"https:\/\/stade-tourismus.de\/de\/#organization"},"articleSection":["Pressemitteilungen"],"inLanguage":"de"},{"@type":"WebPage","@id":"https:\/\/stade-tourismus.de\/de\/stades-wohnmobilstellplatz-am-schiffertor-erstklassig-bei-wohnmobilisten\/","url":"https:\/\/stade-tourismus.de\/de\/stades-wohnmobilstellplatz-am-schiffertor-erstklassig-bei-wohnmobilisten\/","name":"Stades Wohnmobilstellplatz am Schiffertor: Erstklassig bei Wohnmobilisten - STADE Marketing und Tourismus","isPartOf":{"@id":"https:\/\/stade-tourismus.de\/de\/#website"},"datePublished":"2025-02-27T12:58:32+00:00","dateModified":"2025-04-03T12:01:54+00:00","breadcrumb":{"@id":"https:\/\/stade-tourismus.de\/de\/stades-wohnmobilstellplatz-am-schiffertor-erstklassig-bei-wohnmobilisten\/#breadcrumb"},"inLanguage":"de","potentialAction":[{"@type":"ReadAction","target":["https:\/\/stade-tourismus.de\/de\/stades-wohnmobilstellplatz-am-schiffertor-erstklassig-bei-wohnmobilisten\/"]}]},{"@type":"BreadcrumbList","@id":"https:\/\/stade-tourismus.de\/de\/stades-wohnmobilstellplatz-am-schiffertor-erstklassig-bei-wohnmobilisten\/#breadcrumb","itemListElement":[{"@type":"ListItem","position":1,"name":"Startseite","item":"https:\/\/stade-tourismus.de\/de\/"},{"@type":"ListItem","position":2,"name":"Stades Wohnmobilstellplatz am Schiffertor: Erstklassig bei Wohnmobilisten"}]},{"@type":"WebSite","@id":"https:\/\/stade-tourismus.de\/de\/#website","url":"https:\/\/stade-tourismus.de\/de\/","name":"STADE Marketing und Tourismus","description":"","publisher":{"@id":"https:\/\/stade-tourismus.de\/de\/#organization"},"potentialAction":[{"@type":"SearchAction","target":{"@type":"EntryPoint","urlTemplate":"https:\/\/stade-tourismus.de\/de\/?s={search_term_string}"},"query-input":{"@type":"PropertyValueSpecification","valueRequired":true,"valueName":"search_term_string"}}],"inLanguage":"de"},{"@type":"Organization","@id":"https:\/\/stade-tourismus.de\/de\/#organization","name":"STADE Marketing und Tourismus GmbH","url":"https:\/\/stade-tourismus.de\/de\/","logo":{"@type":"ImageObject","inLanguage":"de","@id":"https:\/\/stade-tourismus.de\/de\/#\/schema\/logo\/image\/","url":"http:\/\/stadetouri.webhost.city-map.com\/wp-content\/uploads\/2021\/03\/logo-300b.png","contentUrl":"http:\/\/stadetouri.webhost.city-map.com\/wp-content\/uploads\/2021\/03\/logo-300b.png","width":300,"height":42,"caption":"STADE Marketing und Tourismus GmbH"},"image":{"@id":"https:\/\/stade-tourismus.de\/de\/#\/schema\/logo\/image\/"},"sameAs":["https:\/\/www.facebook.com\/stade.tourismus","https:\/\/www.instagram.com\/stade_frischer_wind\/","https:\/\/www.youtube.com\/results?search_query=stade tourismus"]},{"@type":"Person","@id":"https:\/\/stade-tourismus.de\/de\/#\/schema\/person\/a851adc47fb682725cc5ea78f12ad794","name":"Carina Meyer"}]}},"_links":{"self":[{"href":"https:\/\/stade-tourismus.de\/de\/wp-json\/wp\/v2\/posts\/41249","targetHints":{"allow":["GET"]}}],"collection":[{"href":"https:\/\/stade-tourismus.de\/de\/wp-json\/wp\/v2\/posts"}],"about":[{"href":"https:\/\/stade-tourismus.de\/de\/wp-json\/wp\/v2\/types\/post"}],"author":[{"embeddable":true,"href":"https:\/\/stade-tourismus.de\/de\/wp-json\/wp\/v2\/users\/2"}],"replies":[{"embeddable":true,"href":"https:\/\/stade-tourismus.de\/de\/wp-json\/wp\/v2\/comments?post=41249"}],"version-history":[{"count":0,"href":"https:\/\/stade-tourismus.de\/de\/wp-json\/wp\/v2\/posts\/41249\/revisions"}],"wp:attachment":[{"href":"https:\/\/stade-tourismus.de\/de\/wp-json\/wp\/v2\/media?parent=41249"}],"wp:term":[{"taxonomy":"category","embeddable":true,"href":"https:\/\/stade-tourismus.de\/de\/wp-json\/wp\/v2\/categories?post=41249"},{"taxonomy":"post_tag","embeddable":true,"href":"https:\/\/stade-tourismus.de\/de\/wp-json\/wp\/v2\/tags?post=41249"}],"curies":[{"name":"wp","href":"https:\/\/api.w.org\/{rel}","templated":true}]}}