{"id":41698,"date":"2025-05-08T13:13:08","date_gmt":"2025-05-08T11:13:08","guid":{"rendered":"https:\/\/stade-tourismus.de\/?p=41698"},"modified":"2025-05-13T13:40:31","modified_gmt":"2025-05-13T11:40:31","slug":"das-hanse-song-festival-steht-vor-der-tuer","status":"publish","type":"post","link":"https:\/\/stade-tourismus.de\/de\/das-hanse-song-festival-steht-vor-der-tuer\/","title":{"rendered":"Das Hanse Song Festival steht vor der T\u00fcr"},"content":{"rendered":"\n<p>Der Wonnemonat Mai ist gestartet und das hei\u00dft, das 13. Hanse Song Festival steht kurz bevor. Am kommenden Wochenende pr\u00e4sentieren sich 23 inspirierende Acts unterschiedlichster Musikgenres auf sieben B\u00fchnen in der Stader Innenstadt.<\/p>\n\n\n\n<p>Am Samstag, 17. Mai, f\u00e4llt um 17:15 Uhr der Startschuss open air vor dem historischen Rathaus in der H\u00f6kerstra\u00dfe. Wie bereits im letzten Jahr er\u00f6ffnet der Kinderchor \u201eTiny Wolves\u201c das Festival, bevor das Publikum zu ihren Lieblingsacts in die unterschiedlichen Locations str\u00f6mt. Bei so vielen Konzerten zur selben Zeit, lohnt es sich, vorab einen Blick auf den Zeitplan zu werfen und sich einen Plan zurechtzulegen. Die ersten Auftritte des Abends sind \u201eB\u00e4rchen und die Milchbubis\u201c in der Seminarturnhalle und \u201eJon Flemming Olsen\u201c im Schwedenspeicher. Kurz darauf starten auch der K\u00f6nigsmarcksaal, das Landgericht und die Kirche St. Wilhadi ins musikalische Abendprogramm.<\/p>\n\n\n\n<p>Mit Indie-Sounds, gef\u00fchlvollem deutschsprachigem Pop, fesselnden Rap-Passagen oder ganz besinnlich nur mit Gesang am Klavier, f\u00fchrt das Line-Up die G\u00e4ste des Hanse Song Festivals durch den Abend. Junge und vielversprechende Sterne in der Musikwelt wie \u201eLevka\u201c, \u201eskuth\u201c oder \u201eTim Baldus\u201c treffen auf etablierte Gr\u00f6\u00dfen, darunter \u201eLouis Philippe\u201c, \u201eStefanie Schrank\u201c und US-Singer\/Songwriterin \u201eAmy Rigby\u201c. Das Finale der Veranstaltung findet in diesem Jahr im Alten Schlachthof, der Kirche St. Cosmae und der Seminarturnhalle statt. Dort setzen Rapper \u201eAaron\u201c, Folk-Pop-Musiker \u201eDino Brand\u00e3o\u201c und Elektro-K\u00fcnstler \u201eMoglii\u201c die Schlussakkorde.<\/p>\n\n\n\n<p>\u201eDas lange Aufbleiben lohnt sich\u201c, sagt Sebastian Tim, Booker des Hanse Song Festivals, \u201egerade die Konzerte zu sp\u00e4ter Stunde werden nochmal einige Highlights des Abends setzen.\u201c Ebenso prophezeit der Musikkenner einen gro\u00dfen Publikumsansturm bei den Auftritten von \u201eMarlo Grosshardt\u201c, \u201eRobert Stadlober\u201c, und den beiden Jungk\u00fcnstlerinnen \u201eBekkaa\u201c und \u201eLara Hulo\u201c.<br><br>Tickets f\u00fcr das Hanse Song Festival kosten 49,50 \u20ac zzgl. Geb\u00fchren. Infos zu allen K\u00fcnstlern und allen VVK-Stellen, den Zeitplan des Abends, sowie die M\u00f6glichkeit zur Online-Buchung der Tickets gibt es auf der Webseite <a href=\"http:\/\/www.hansesongfestival.de\">www.hansesongfestival.de<\/a>. Im Foyer des historischen Rathauses wird zudem eine Abendkasse eingerichtet.<\/p>\n\n\n\n<p>Das Hanse Song Festival wird unterst\u00fctzt von der Sparkasse Stade-Altes Land, pr\u00e4sentiert von Hamburger Morgenpost, Musikexpress, Diffus, ByteFM und Stader Tageblatt, und veranstaltet von der STADE Marketing und Tourismus GmbH.<\/p>\n\n\n\n<div data-wp-interactive=\"core\/file\" class=\"wp-block-file\"><object data-wp-bind--hidden=\"!state.hasPdfPreview\" hidden class=\"wp-block-file__embed\" data=\"https:\/\/stade-tourismus.de\/wp-content\/uploads\/2025\/05\/HSF-2025-das-Festival-steht-vor-der-Tuer.pdf\" type=\"application\/pdf\" style=\"width:100%;height:600px\" aria-label=\"Einbettung von HSF 2025 - das Festival steht vor der T\u00fcr.\"><\/object><a id=\"wp-block-file--media-8ed40a79-749b-4a48-8311-82ef64e36bdc\" href=\"https:\/\/stade-tourismus.de\/wp-content\/uploads\/2025\/05\/HSF-2025-das-Festival-steht-vor-der-Tuer.pdf\">HSF 2025 &#8211; das Festival steht vor der T\u00fcr<\/a><a href=\"https:\/\/stade-tourismus.de\/wp-content\/uploads\/2025\/05\/HSF-2025-das-Festival-steht-vor-der-Tuer.pdf\" class=\"wp-block-file__button wp-element-button\" download aria-describedby=\"wp-block-file--media-8ed40a79-749b-4a48-8311-82ef64e36bdc\">Herunterladen<\/a><\/div>\n","protected":false},"excerpt":{"rendered":"<p>Der Wonnemonat Mai ist gestartet und das hei\u00dft, das 13. Hanse Song Festival steht kurz bevor. Am kommenden Wochenende pr\u00e4sentieren sich 23 inspirierende Acts unterschiedlichster Musikgenres auf sieben B\u00fchnen in der Stader Innenstadt. Am Samstag, 17. Mai, f\u00e4llt um 17:15 Uhr der Startschuss open air vor dem historischen Rathaus in der H\u00f6kerstra\u00dfe. Wie bereits im [&hellip;]<\/p>\n","protected":false},"author":2,"featured_media":0,"comment_status":"closed","ping_status":"closed","sticky":false,"template":"","format":"standard","meta":{"footnotes":""},"categories":[42],"tags":[],"class_list":["post-41698","post","type-post","status-publish","format-standard","hentry","category-pressemitteilungen"],"yoast_head":"<!-- This site is optimized with the Yoast SEO plugin v27.3 - https:\/\/yoast.com\/product\/yoast-seo-wordpress\/ -->\n<title>Das Hanse Song Festival steht vor der T\u00fcr - STADE Marketing und Tourismus<\/title>\n<meta name=\"robots\" content=\"index, follow, max-snippet:-1, max-image-preview:large, max-video-preview:-1\" \/>\n<link rel=\"canonical\" href=\"https:\/\/stade-tourismus.de\/de\/das-hanse-song-festival-steht-vor-der-tuer\/\" \/>\n<meta property=\"og:locale\" content=\"de_DE\" \/>\n<meta property=\"og:type\" content=\"article\" \/>\n<meta property=\"og:title\" content=\"Das Hanse Song Festival steht vor der T\u00fcr - STADE Marketing und Tourismus\" \/>\n<meta property=\"og:description\" content=\"Der Wonnemonat Mai ist gestartet und das hei\u00dft, das 13. Hanse Song Festival steht kurz bevor. Am kommenden Wochenende pr\u00e4sentieren sich 23 inspirierende Acts unterschiedlichster Musikgenres auf sieben B\u00fchnen in der Stader Innenstadt. Am Samstag, 17. Mai, f\u00e4llt um 17:15 Uhr der Startschuss open air vor dem historischen Rathaus in der H\u00f6kerstra\u00dfe. Wie bereits im [&hellip;]\" \/>\n<meta property=\"og:url\" content=\"https:\/\/stade-tourismus.de\/de\/das-hanse-song-festival-steht-vor-der-tuer\/\" \/>\n<meta property=\"og:site_name\" content=\"STADE Marketing und Tourismus\" \/>\n<meta property=\"article:publisher\" content=\"https:\/\/www.facebook.com\/stade.tourismus\" \/>\n<meta property=\"article:published_time\" content=\"2025-05-08T11:13:08+00:00\" \/>\n<meta property=\"article:modified_time\" content=\"2025-05-13T11:40:31+00:00\" \/>\n<meta property=\"og:image\" content=\"https:\/\/stade-tourismus.de\/wp-content\/uploads\/2021\/03\/logo-300b.png\" \/>\n\t<meta property=\"og:image:width\" content=\"300\" \/>\n\t<meta property=\"og:image:height\" content=\"42\" \/>\n\t<meta property=\"og:image:type\" content=\"image\/png\" \/>\n<meta name=\"author\" content=\"Carina Meyer\" \/>\n<meta name=\"twitter:card\" content=\"summary_large_image\" \/>\n<script type=\"application\/ld+json\" class=\"yoast-schema-graph\">{\"@context\":\"https:\\\/\\\/schema.org\",\"@graph\":[{\"@type\":\"Article\",\"@id\":\"https:\\\/\\\/stade-tourismus.de\\\/de\\\/das-hanse-song-festival-steht-vor-der-tuer\\\/#article\",\"isPartOf\":{\"@id\":\"https:\\\/\\\/stade-tourismus.de\\\/de\\\/das-hanse-song-festival-steht-vor-der-tuer\\\/\"},\"author\":{\"name\":\"Carina Meyer\",\"@id\":\"https:\\\/\\\/stade-tourismus.de\\\/de\\\/#\\\/schema\\\/person\\\/a851adc47fb682725cc5ea78f12ad794\"},\"headline\":\"Das Hanse Song Festival steht vor der T\u00fcr\",\"datePublished\":\"2025-05-08T11:13:08+00:00\",\"dateModified\":\"2025-05-13T11:40:31+00:00\",\"mainEntityOfPage\":{\"@id\":\"https:\\\/\\\/stade-tourismus.de\\\/de\\\/das-hanse-song-festival-steht-vor-der-tuer\\\/\"},\"wordCount\":382,\"publisher\":{\"@id\":\"https:\\\/\\\/stade-tourismus.de\\\/de\\\/#organization\"},\"articleSection\":[\"Pressemitteilungen\"],\"inLanguage\":\"de\"},{\"@type\":\"WebPage\",\"@id\":\"https:\\\/\\\/stade-tourismus.de\\\/de\\\/das-hanse-song-festival-steht-vor-der-tuer\\\/\",\"url\":\"https:\\\/\\\/stade-tourismus.de\\\/de\\\/das-hanse-song-festival-steht-vor-der-tuer\\\/\",\"name\":\"Das Hanse Song Festival steht vor der T\u00fcr - STADE Marketing und Tourismus\",\"isPartOf\":{\"@id\":\"https:\\\/\\\/stade-tourismus.de\\\/de\\\/#website\"},\"datePublished\":\"2025-05-08T11:13:08+00:00\",\"dateModified\":\"2025-05-13T11:40:31+00:00\",\"breadcrumb\":{\"@id\":\"https:\\\/\\\/stade-tourismus.de\\\/de\\\/das-hanse-song-festival-steht-vor-der-tuer\\\/#breadcrumb\"},\"inLanguage\":\"de\",\"potentialAction\":[{\"@type\":\"ReadAction\",\"target\":[\"https:\\\/\\\/stade-tourismus.de\\\/de\\\/das-hanse-song-festival-steht-vor-der-tuer\\\/\"]}]},{\"@type\":\"BreadcrumbList\",\"@id\":\"https:\\\/\\\/stade-tourismus.de\\\/de\\\/das-hanse-song-festival-steht-vor-der-tuer\\\/#breadcrumb\",\"itemListElement\":[{\"@type\":\"ListItem\",\"position\":1,\"name\":\"Startseite\",\"item\":\"https:\\\/\\\/stade-tourismus.de\\\/de\\\/\"},{\"@type\":\"ListItem\",\"position\":2,\"name\":\"Das Hanse Song Festival steht vor der T\u00fcr\"}]},{\"@type\":\"WebSite\",\"@id\":\"https:\\\/\\\/stade-tourismus.de\\\/de\\\/#website\",\"url\":\"https:\\\/\\\/stade-tourismus.de\\\/de\\\/\",\"name\":\"STADE Marketing und Tourismus\",\"description\":\"\",\"publisher\":{\"@id\":\"https:\\\/\\\/stade-tourismus.de\\\/de\\\/#organization\"},\"potentialAction\":[{\"@type\":\"SearchAction\",\"target\":{\"@type\":\"EntryPoint\",\"urlTemplate\":\"https:\\\/\\\/stade-tourismus.de\\\/de\\\/?s={search_term_string}\"},\"query-input\":{\"@type\":\"PropertyValueSpecification\",\"valueRequired\":true,\"valueName\":\"search_term_string\"}}],\"inLanguage\":\"de\"},{\"@type\":\"Organization\",\"@id\":\"https:\\\/\\\/stade-tourismus.de\\\/de\\\/#organization\",\"name\":\"STADE Marketing und Tourismus GmbH\",\"url\":\"https:\\\/\\\/stade-tourismus.de\\\/de\\\/\",\"logo\":{\"@type\":\"ImageObject\",\"inLanguage\":\"de\",\"@id\":\"https:\\\/\\\/stade-tourismus.de\\\/de\\\/#\\\/schema\\\/logo\\\/image\\\/\",\"url\":\"http:\\\/\\\/stadetouri.webhost.city-map.com\\\/wp-content\\\/uploads\\\/2021\\\/03\\\/logo-300b.png\",\"contentUrl\":\"http:\\\/\\\/stadetouri.webhost.city-map.com\\\/wp-content\\\/uploads\\\/2021\\\/03\\\/logo-300b.png\",\"width\":300,\"height\":42,\"caption\":\"STADE Marketing und Tourismus GmbH\"},\"image\":{\"@id\":\"https:\\\/\\\/stade-tourismus.de\\\/de\\\/#\\\/schema\\\/logo\\\/image\\\/\"},\"sameAs\":[\"https:\\\/\\\/www.facebook.com\\\/stade.tourismus\",\"https:\\\/\\\/www.instagram.com\\\/stade_frischer_wind\\\/\",\"https:\\\/\\\/www.youtube.com\\\/results?search_query=stade tourismus\"]},{\"@type\":\"Person\",\"@id\":\"https:\\\/\\\/stade-tourismus.de\\\/de\\\/#\\\/schema\\\/person\\\/a851adc47fb682725cc5ea78f12ad794\",\"name\":\"Carina Meyer\"}]}<\/script>\n<!-- \/ Yoast SEO plugin. -->","yoast_head_json":{"title":"Das Hanse Song Festival steht vor der T\u00fcr - STADE Marketing und Tourismus","robots":{"index":"index","follow":"follow","max-snippet":"max-snippet:-1","max-image-preview":"max-image-preview:large","max-video-preview":"max-video-preview:-1"},"canonical":"https:\/\/stade-tourismus.de\/de\/das-hanse-song-festival-steht-vor-der-tuer\/","og_locale":"de_DE","og_type":"article","og_title":"Das Hanse Song Festival steht vor der T\u00fcr - STADE Marketing und Tourismus","og_description":"Der Wonnemonat Mai ist gestartet und das hei\u00dft, das 13. Hanse Song Festival steht kurz bevor. Am kommenden Wochenende pr\u00e4sentieren sich 23 inspirierende Acts unterschiedlichster Musikgenres auf sieben B\u00fchnen in der Stader Innenstadt. Am Samstag, 17. Mai, f\u00e4llt um 17:15 Uhr der Startschuss open air vor dem historischen Rathaus in der H\u00f6kerstra\u00dfe. Wie bereits im [&hellip;]","og_url":"https:\/\/stade-tourismus.de\/de\/das-hanse-song-festival-steht-vor-der-tuer\/","og_site_name":"STADE Marketing und Tourismus","article_publisher":"https:\/\/www.facebook.com\/stade.tourismus","article_published_time":"2025-05-08T11:13:08+00:00","article_modified_time":"2025-05-13T11:40:31+00:00","og_image":[{"width":300,"height":42,"url":"https:\/\/stade-tourismus.de\/wp-content\/uploads\/2021\/03\/logo-300b.png","type":"image\/png"}],"author":"Carina Meyer","twitter_card":"summary_large_image","schema":{"@context":"https:\/\/schema.org","@graph":[{"@type":"Article","@id":"https:\/\/stade-tourismus.de\/de\/das-hanse-song-festival-steht-vor-der-tuer\/#article","isPartOf":{"@id":"https:\/\/stade-tourismus.de\/de\/das-hanse-song-festival-steht-vor-der-tuer\/"},"author":{"name":"Carina Meyer","@id":"https:\/\/stade-tourismus.de\/de\/#\/schema\/person\/a851adc47fb682725cc5ea78f12ad794"},"headline":"Das Hanse Song Festival steht vor der T\u00fcr","datePublished":"2025-05-08T11:13:08+00:00","dateModified":"2025-05-13T11:40:31+00:00","mainEntityOfPage":{"@id":"https:\/\/stade-tourismus.de\/de\/das-hanse-song-festival-steht-vor-der-tuer\/"},"wordCount":382,"publisher":{"@id":"https:\/\/stade-tourismus.de\/de\/#organization"},"articleSection":["Pressemitteilungen"],"inLanguage":"de"},{"@type":"WebPage","@id":"https:\/\/stade-tourismus.de\/de\/das-hanse-song-festival-steht-vor-der-tuer\/","url":"https:\/\/stade-tourismus.de\/de\/das-hanse-song-festival-steht-vor-der-tuer\/","name":"Das Hanse Song Festival steht vor der T\u00fcr - STADE Marketing und Tourismus","isPartOf":{"@id":"https:\/\/stade-tourismus.de\/de\/#website"},"datePublished":"2025-05-08T11:13:08+00:00","dateModified":"2025-05-13T11:40:31+00:00","breadcrumb":{"@id":"https:\/\/stade-tourismus.de\/de\/das-hanse-song-festival-steht-vor-der-tuer\/#breadcrumb"},"inLanguage":"de","potentialAction":[{"@type":"ReadAction","target":["https:\/\/stade-tourismus.de\/de\/das-hanse-song-festival-steht-vor-der-tuer\/"]}]},{"@type":"BreadcrumbList","@id":"https:\/\/stade-tourismus.de\/de\/das-hanse-song-festival-steht-vor-der-tuer\/#breadcrumb","itemListElement":[{"@type":"ListItem","position":1,"name":"Startseite","item":"https:\/\/stade-tourismus.de\/de\/"},{"@type":"ListItem","position":2,"name":"Das Hanse Song Festival steht vor der T\u00fcr"}]},{"@type":"WebSite","@id":"https:\/\/stade-tourismus.de\/de\/#website","url":"https:\/\/stade-tourismus.de\/de\/","name":"STADE Marketing und Tourismus","description":"","publisher":{"@id":"https:\/\/stade-tourismus.de\/de\/#organization"},"potentialAction":[{"@type":"SearchAction","target":{"@type":"EntryPoint","urlTemplate":"https:\/\/stade-tourismus.de\/de\/?s={search_term_string}"},"query-input":{"@type":"PropertyValueSpecification","valueRequired":true,"valueName":"search_term_string"}}],"inLanguage":"de"},{"@type":"Organization","@id":"https:\/\/stade-tourismus.de\/de\/#organization","name":"STADE Marketing und Tourismus GmbH","url":"https:\/\/stade-tourismus.de\/de\/","logo":{"@type":"ImageObject","inLanguage":"de","@id":"https:\/\/stade-tourismus.de\/de\/#\/schema\/logo\/image\/","url":"http:\/\/stadetouri.webhost.city-map.com\/wp-content\/uploads\/2021\/03\/logo-300b.png","contentUrl":"http:\/\/stadetouri.webhost.city-map.com\/wp-content\/uploads\/2021\/03\/logo-300b.png","width":300,"height":42,"caption":"STADE Marketing und Tourismus GmbH"},"image":{"@id":"https:\/\/stade-tourismus.de\/de\/#\/schema\/logo\/image\/"},"sameAs":["https:\/\/www.facebook.com\/stade.tourismus","https:\/\/www.instagram.com\/stade_frischer_wind\/","https:\/\/www.youtube.com\/results?search_query=stade tourismus"]},{"@type":"Person","@id":"https:\/\/stade-tourismus.de\/de\/#\/schema\/person\/a851adc47fb682725cc5ea78f12ad794","name":"Carina Meyer"}]}},"_links":{"self":[{"href":"https:\/\/stade-tourismus.de\/de\/wp-json\/wp\/v2\/posts\/41698","targetHints":{"allow":["GET"]}}],"collection":[{"href":"https:\/\/stade-tourismus.de\/de\/wp-json\/wp\/v2\/posts"}],"about":[{"href":"https:\/\/stade-tourismus.de\/de\/wp-json\/wp\/v2\/types\/post"}],"author":[{"embeddable":true,"href":"https:\/\/stade-tourismus.de\/de\/wp-json\/wp\/v2\/users\/2"}],"replies":[{"embeddable":true,"href":"https:\/\/stade-tourismus.de\/de\/wp-json\/wp\/v2\/comments?post=41698"}],"version-history":[{"count":0,"href":"https:\/\/stade-tourismus.de\/de\/wp-json\/wp\/v2\/posts\/41698\/revisions"}],"wp:attachment":[{"href":"https:\/\/stade-tourismus.de\/de\/wp-json\/wp\/v2\/media?parent=41698"}],"wp:term":[{"taxonomy":"category","embeddable":true,"href":"https:\/\/stade-tourismus.de\/de\/wp-json\/wp\/v2\/categories?post=41698"},{"taxonomy":"post_tag","embeddable":true,"href":"https:\/\/stade-tourismus.de\/de\/wp-json\/wp\/v2\/tags?post=41698"}],"curies":[{"name":"wp","href":"https:\/\/api.w.org\/{rel}","templated":true}]}}