{"id":43590,"date":"2025-11-11T18:30:00","date_gmt":"2025-11-11T17:30:00","guid":{"rendered":"https:\/\/stade-tourismus.de\/?p=43590"},"modified":"2025-11-14T11:32:40","modified_gmt":"2025-11-14T10:32:40","slug":"weihnachtszauber-in-stade","status":"publish","type":"post","link":"https:\/\/stade-tourismus.de\/de\/weihnachtszauber-in-stade\/","title":{"rendered":"Weihnachtszauber in Stade"},"content":{"rendered":"\n<p>Festliche Erlebnisse in der Hansestadt<\/p>\n\n\n\n<p>In der Adventszeit verwandelt sich die Hansestadt Stade in ein leuchtendes Winterwunderland voller hanseatischem Charme. Vom 24. November bis zum 29. Dezember erstrahlt die historische Altstadt im festlichen Glanz und bietet Besucherinnen und Besuchern ein vielf\u00e4ltiges Programm rund um den Weihnachtszauber. Zwischen liebevoll geschm\u00fcckten Gassen, duftenden Leckereien und funkelnden Lichtern entfaltet sich eine stimmungsvolle Kulisse, die zum Bummeln, Staunen und Genie\u00dfen einl\u00e4dt.<\/p>\n\n\n\n<p><strong>Drei Weihnachtswelten in der Altstadt<\/strong><\/p>\n\n\n\n<p>Vielf\u00e4ltige Weihnachtserlebnisse sorgen f\u00fcr den besonderen Charme:<\/p>\n\n\n\n<ul class=\"wp-block-list\">\n<li><strong>Der traditionelle Weihnachtsmarkt am Pferdemarkt<\/strong> begeistert mit seiner festlichen Budenlandschaft und einer gro\u00dfen Weihnachtspyramide.<\/li>\n\n\n\n<li><strong>Die Hafen-Weihnacht am Fischmarkt<\/strong> bietet maritimes Flair und nordische Gem\u00fctlichkeit. Hier l\u00e4dt zus\u00e4tzlich ein kleiner Wintermarkt vom 26. bis 29. Dezember zum Verweilen ein.<\/li>\n\n\n\n<li><strong>Der Kunsthandwerkermarkt im Rathaus<\/strong> pr\u00e4sentiert an den Adventswochenenden handgefertigte Unikate, Kunstwerke und Geschenkideen, die mit viel Liebe und Sorgfalt hergestellt wurden.<\/li>\n<\/ul>\n\n\n\n<p>Ob im beheizten Iglu am Hansehafen, bei einer Tasse Gl\u00fchwein oder beim St\u00f6bern nach besonderen Geschenken \u2013 der Stader Weihnachtsmarkt ist ein Erlebnis f\u00fcr Menschen jeden Alters.<\/p>\n\n\n\n<p><strong>Zeitreise mit der \u201eS\u00fcnna Claas Tour\u201c<\/strong><\/p>\n\n\n\n<p>Ein besonderes Highlight ist die \u201eS\u00fcnna Claas Tour\u201c, die vom 27. November bis Weihnachten immer donnerstags und samstags um 14 Uhr stattfindet. G\u00e4stef\u00fchrerinnen und G\u00e4stef\u00fchrer in traditioneller Tracht nehmen die Teilnehmenden mit auf eine 90-min\u00fctige Erlebnisf\u00fchrung durch die festlich geschm\u00fcckte Altstadt. Geschichten \u00fcber alte Weihnachtsbr\u00e4uche, Gew\u00fcrze und festliche Traditionen lassen die Vergangenheit lebendig werden \u2013 ein Rundgang f\u00fcr alle Sinne.<\/p>\n\n\n\n<p><strong>Kunsthandwerk mit Herz<\/strong><\/p>\n\n\n\n<p>An den Adventswochenenden \u00f6ffnen das Neue und das Historische Rathaus ihre T\u00fcren f\u00fcr den Kunsthandwerkermarkt. Zwischen 10 und 18 Uhr an den Samstagen und zwischen 12 und 18 Uhr an den Sonntagen finden sich hier filigrane Meisterst\u00fccke, kreative Unikate und liebevoll gefertigte Geschenkideen. In festlicher Atmosph\u00e4re l\u00e4sst sich st\u00f6bern, bewundern und entdecken, was regionale Kunsthandwerkerinnen und Kunsthandwerker erschaffen haben.<\/p>\n\n\n\n<p><strong>Advent f\u00fcr Kinder und Familien<\/strong><\/p>\n\n\n\n<p>F\u00fcr kleine Weihnachtsfans wird die Adventszeit in Stade besonders magisch. Am Fischmarkt verwandelt sich der alte Holzkran in eine gem\u00fctliche Weihnachtswerkstatt, in der gebastelt, gemalt und geschrieben wird. Hier warten Briefe ans Christkind, Geschichten von <em>Stade liest e. V.<\/em> und kreative Bastelaktionen.<br>Auch in der Werkstatt des Schwedenspeichers laden die Museen Stade an den Adventssonntagen zum Basteln und anschlie\u00dfenden Kinderkino ein.<\/p>\n\n\n\n<p>Der Nikolaus besucht am 6. Dezember mit seinem Weihnachtswichtel die Altstadt, w\u00e4hrend der Weihnachtsmann an den Wochenenden durch die Gassen zieht und kleine Geschenke verteilt.<\/p>\n\n\n\n<p><strong>Glanzlichter und Traditionen<\/strong><\/p>\n\n\n\n<p>Ein besonderes Ereignis ist das <strong>Winterfackelschwimmen im Hansehafen<\/strong> am 13. Dezember. Ab 17 Uhr zieht ein Fackelumzug vom Platz Am Sande durch die beleuchtete Altstadt bis zum Fischmarkt. Dort sorgt das Lichtermeer aus Fackeln, Feuer und Musik der DLRG und Freiwilligen Feuerwehr f\u00fcr eine beeindruckende Stimmung.<br>Am 5. und 6. Dezember bringt der <strong>schwedische Lucia-Brauch<\/strong> Licht und W\u00e4rme in die Stadt. Mit Lichterumzug, Gesang des Lucia-Chors und einem feierlichen Gottesdienst in der Kirche St. Wilhadi wird die nordische Tradition auf stimmungsvolle Weise gefeiert.<\/p>\n\n\n\n<p><strong>Weihnachtsmarkt in der Festung Grauerort<\/strong><\/p>\n\n\n\n<p>Am 29. und 30. November \u00f6ffnet die historische Festung Grauerort &nbsp;in Stade Abbenfleth ihre Tore zu einem besonderen Weihnachtsmarkt. Zwischen alten Mauern entstehen Lichtglanz, D\u00fcfte und festliche Kl\u00e4nge. Neben Kunsthandwerk, kulinarischen Spezialit\u00e4ten und einer Tombola sorgt die historische Kulisse f\u00fcr ein einzigartiges Erlebnis.<\/p>\n\n\n\n<p><strong>Winterliches Vergn\u00fcgen auf dem Eis<\/strong><\/p>\n\n\n\n<p>Auch sportlich hat die Weihnachtszeit in Stade einiges zu bieten. Vom 24. November bis zum 28. Dezember l\u00e4dt eine Eislaufbahn am Fischmarkt zum Schlittschuhlaufen ein. Gleichzeitig findet an Wasser West das beliebte Eisstockschie\u00dfen statt \u2013 mit traumhaftem Blick auf die winterlich beleuchtete Altstadt. Ob sportlich aktiv oder gem\u00fctlich mit hei\u00dfem Punsch am Rand \u2013 das winterliche Doppelvergn\u00fcgen sorgt f\u00fcr beste Stimmung in der kalten Jahreszeit.<\/p>\n\n\n\n<p><strong>Zum gesamten Programm auf dem Stader Weihnachtsmarkt geht es <a href=\"https:\/\/stade-tourismus.de\/de\/veranstaltungen-stade\/stadtfeste\/stader-weihnachtsmarkt\/#\/veranstaltungen\">HIER<\/a>.<\/strong><\/p>\n\n\n\n<p><br>Stade zeigt sich in der Adventszeit von seiner festlichsten Seite. Historische Kulissen, leuchtende M\u00e4rkte, handgemachtes Kunsthandwerk und winterliche Aktivit\u00e4ten verbinden sich zu einem abwechslungsreichen Erlebnis. Zwischen Tradition, maritimem Flair und moderner Weihnachtsfreude bietet die Hansestadt Stade alles, was das Herz in der Vorweihnachtszeit begehrt.<\/p>\n","protected":false},"excerpt":{"rendered":"<p>Festliche Erlebnisse in der Hansestadt In der Adventszeit verwandelt sich die Hansestadt Stade in ein leuchtendes Winterwunderland voller hanseatischem Charme. Vom 24. November bis zum 29. Dezember erstrahlt die historische Altstadt im festlichen Glanz und bietet Besucherinnen und Besuchern ein vielf\u00e4ltiges Programm rund um den Weihnachtszauber. Zwischen liebevoll geschm\u00fcckten Gassen, duftenden Leckereien und funkelnden Lichtern [&hellip;]<\/p>\n","protected":false},"author":10,"featured_media":34206,"comment_status":"closed","ping_status":"closed","sticky":false,"template":"","format":"standard","meta":{"footnotes":""},"categories":[4],"tags":[],"class_list":["post-43590","post","type-post","status-publish","format-standard","has-post-thumbnail","hentry","category-stade-schnack"],"yoast_head":"<!-- This site is optimized with the Yoast SEO plugin v27.3 - https:\/\/yoast.com\/product\/yoast-seo-wordpress\/ -->\n<title>Weihnachtszauber in Stade - STADE Marketing und Tourismus<\/title>\n<meta name=\"robots\" content=\"index, follow, max-snippet:-1, max-image-preview:large, max-video-preview:-1\" \/>\n<link rel=\"canonical\" href=\"https:\/\/stade-tourismus.de\/de\/weihnachtszauber-in-stade\/\" \/>\n<meta property=\"og:locale\" content=\"de_DE\" \/>\n<meta property=\"og:type\" content=\"article\" \/>\n<meta property=\"og:title\" content=\"Weihnachtszauber in Stade - STADE Marketing und Tourismus\" \/>\n<meta property=\"og:description\" content=\"Festliche Erlebnisse in der Hansestadt In der Adventszeit verwandelt sich die Hansestadt Stade in ein leuchtendes Winterwunderland voller hanseatischem Charme. Vom 24. November bis zum 29. Dezember erstrahlt die historische Altstadt im festlichen Glanz und bietet Besucherinnen und Besuchern ein vielf\u00e4ltiges Programm rund um den Weihnachtszauber. Zwischen liebevoll geschm\u00fcckten Gassen, duftenden Leckereien und funkelnden Lichtern [&hellip;]\" \/>\n<meta property=\"og:url\" content=\"https:\/\/stade-tourismus.de\/de\/weihnachtszauber-in-stade\/\" \/>\n<meta property=\"og:site_name\" content=\"STADE Marketing und Tourismus\" \/>\n<meta property=\"article:publisher\" content=\"https:\/\/www.facebook.com\/stade.tourismus\" \/>\n<meta property=\"article:published_time\" content=\"2025-11-11T17:30:00+00:00\" \/>\n<meta property=\"article:modified_time\" content=\"2025-11-14T10:32:40+00:00\" \/>\n<meta property=\"og:image\" content=\"https:\/\/stade-tourismus.de\/wp-content\/uploads\/2024\/01\/weihnachtsmarkt-23-stade.jpeg\" \/>\n\t<meta property=\"og:image:width\" content=\"1365\" \/>\n\t<meta property=\"og:image:height\" content=\"1365\" \/>\n\t<meta property=\"og:image:type\" content=\"image\/jpeg\" \/>\n<meta name=\"author\" content=\"Lisanna Wagner\" \/>\n<meta name=\"twitter:card\" content=\"summary_large_image\" \/>\n<script type=\"application\/ld+json\" class=\"yoast-schema-graph\">{\"@context\":\"https:\\\/\\\/schema.org\",\"@graph\":[{\"@type\":\"Article\",\"@id\":\"https:\\\/\\\/stade-tourismus.de\\\/de\\\/weihnachtszauber-in-stade\\\/#article\",\"isPartOf\":{\"@id\":\"https:\\\/\\\/stade-tourismus.de\\\/de\\\/weihnachtszauber-in-stade\\\/\"},\"author\":{\"name\":\"Lisanna Wagner\",\"@id\":\"https:\\\/\\\/stade-tourismus.de\\\/de\\\/#\\\/schema\\\/person\\\/e022283d5f5bdf8a178852f624996b75\"},\"headline\":\"Weihnachtszauber in Stade\",\"datePublished\":\"2025-11-11T17:30:00+00:00\",\"dateModified\":\"2025-11-14T10:32:40+00:00\",\"mainEntityOfPage\":{\"@id\":\"https:\\\/\\\/stade-tourismus.de\\\/de\\\/weihnachtszauber-in-stade\\\/\"},\"wordCount\":675,\"publisher\":{\"@id\":\"https:\\\/\\\/stade-tourismus.de\\\/de\\\/#organization\"},\"image\":{\"@id\":\"https:\\\/\\\/stade-tourismus.de\\\/de\\\/weihnachtszauber-in-stade\\\/#primaryimage\"},\"thumbnailUrl\":\"https:\\\/\\\/stade-tourismus.de\\\/wp-content\\\/uploads\\\/2024\\\/01\\\/weihnachtsmarkt-23-stade.jpeg\",\"articleSection\":[\"Stade-Schnack\"],\"inLanguage\":\"de\"},{\"@type\":\"WebPage\",\"@id\":\"https:\\\/\\\/stade-tourismus.de\\\/de\\\/weihnachtszauber-in-stade\\\/\",\"url\":\"https:\\\/\\\/stade-tourismus.de\\\/de\\\/weihnachtszauber-in-stade\\\/\",\"name\":\"Weihnachtszauber in Stade - STADE Marketing und Tourismus\",\"isPartOf\":{\"@id\":\"https:\\\/\\\/stade-tourismus.de\\\/de\\\/#website\"},\"primaryImageOfPage\":{\"@id\":\"https:\\\/\\\/stade-tourismus.de\\\/de\\\/weihnachtszauber-in-stade\\\/#primaryimage\"},\"image\":{\"@id\":\"https:\\\/\\\/stade-tourismus.de\\\/de\\\/weihnachtszauber-in-stade\\\/#primaryimage\"},\"thumbnailUrl\":\"https:\\\/\\\/stade-tourismus.de\\\/wp-content\\\/uploads\\\/2024\\\/01\\\/weihnachtsmarkt-23-stade.jpeg\",\"datePublished\":\"2025-11-11T17:30:00+00:00\",\"dateModified\":\"2025-11-14T10:32:40+00:00\",\"breadcrumb\":{\"@id\":\"https:\\\/\\\/stade-tourismus.de\\\/de\\\/weihnachtszauber-in-stade\\\/#breadcrumb\"},\"inLanguage\":\"de\",\"potentialAction\":[{\"@type\":\"ReadAction\",\"target\":[\"https:\\\/\\\/stade-tourismus.de\\\/de\\\/weihnachtszauber-in-stade\\\/\"]}]},{\"@type\":\"ImageObject\",\"inLanguage\":\"de\",\"@id\":\"https:\\\/\\\/stade-tourismus.de\\\/de\\\/weihnachtszauber-in-stade\\\/#primaryimage\",\"url\":\"https:\\\/\\\/stade-tourismus.de\\\/wp-content\\\/uploads\\\/2024\\\/01\\\/weihnachtsmarkt-23-stade.jpeg\",\"contentUrl\":\"https:\\\/\\\/stade-tourismus.de\\\/wp-content\\\/uploads\\\/2024\\\/01\\\/weihnachtsmarkt-23-stade.jpeg\",\"width\":1365,\"height\":1365,\"caption\":\"\u00a9 Martin Elsen\"},{\"@type\":\"BreadcrumbList\",\"@id\":\"https:\\\/\\\/stade-tourismus.de\\\/de\\\/weihnachtszauber-in-stade\\\/#breadcrumb\",\"itemListElement\":[{\"@type\":\"ListItem\",\"position\":1,\"name\":\"Startseite\",\"item\":\"https:\\\/\\\/stade-tourismus.de\\\/de\\\/\"},{\"@type\":\"ListItem\",\"position\":2,\"name\":\"Weihnachtszauber in Stade\"}]},{\"@type\":\"WebSite\",\"@id\":\"https:\\\/\\\/stade-tourismus.de\\\/de\\\/#website\",\"url\":\"https:\\\/\\\/stade-tourismus.de\\\/de\\\/\",\"name\":\"STADE Marketing und Tourismus\",\"description\":\"\",\"publisher\":{\"@id\":\"https:\\\/\\\/stade-tourismus.de\\\/de\\\/#organization\"},\"potentialAction\":[{\"@type\":\"SearchAction\",\"target\":{\"@type\":\"EntryPoint\",\"urlTemplate\":\"https:\\\/\\\/stade-tourismus.de\\\/de\\\/?s={search_term_string}\"},\"query-input\":{\"@type\":\"PropertyValueSpecification\",\"valueRequired\":true,\"valueName\":\"search_term_string\"}}],\"inLanguage\":\"de\"},{\"@type\":\"Organization\",\"@id\":\"https:\\\/\\\/stade-tourismus.de\\\/de\\\/#organization\",\"name\":\"STADE Marketing und Tourismus GmbH\",\"url\":\"https:\\\/\\\/stade-tourismus.de\\\/de\\\/\",\"logo\":{\"@type\":\"ImageObject\",\"inLanguage\":\"de\",\"@id\":\"https:\\\/\\\/stade-tourismus.de\\\/de\\\/#\\\/schema\\\/logo\\\/image\\\/\",\"url\":\"http:\\\/\\\/stadetouri.webhost.city-map.com\\\/wp-content\\\/uploads\\\/2021\\\/03\\\/logo-300b.png\",\"contentUrl\":\"http:\\\/\\\/stadetouri.webhost.city-map.com\\\/wp-content\\\/uploads\\\/2021\\\/03\\\/logo-300b.png\",\"width\":300,\"height\":42,\"caption\":\"STADE Marketing und Tourismus GmbH\"},\"image\":{\"@id\":\"https:\\\/\\\/stade-tourismus.de\\\/de\\\/#\\\/schema\\\/logo\\\/image\\\/\"},\"sameAs\":[\"https:\\\/\\\/www.facebook.com\\\/stade.tourismus\",\"https:\\\/\\\/www.instagram.com\\\/stade_frischer_wind\\\/\",\"https:\\\/\\\/www.youtube.com\\\/results?search_query=stade tourismus\"]},{\"@type\":\"Person\",\"@id\":\"https:\\\/\\\/stade-tourismus.de\\\/de\\\/#\\\/schema\\\/person\\\/e022283d5f5bdf8a178852f624996b75\",\"name\":\"Lisanna Wagner\"}]}<\/script>\n<!-- \/ Yoast SEO plugin. -->","yoast_head_json":{"title":"Weihnachtszauber in Stade - STADE Marketing und Tourismus","robots":{"index":"index","follow":"follow","max-snippet":"max-snippet:-1","max-image-preview":"max-image-preview:large","max-video-preview":"max-video-preview:-1"},"canonical":"https:\/\/stade-tourismus.de\/de\/weihnachtszauber-in-stade\/","og_locale":"de_DE","og_type":"article","og_title":"Weihnachtszauber in Stade - STADE Marketing und Tourismus","og_description":"Festliche Erlebnisse in der Hansestadt In der Adventszeit verwandelt sich die Hansestadt Stade in ein leuchtendes Winterwunderland voller hanseatischem Charme. Vom 24. November bis zum 29. Dezember erstrahlt die historische Altstadt im festlichen Glanz und bietet Besucherinnen und Besuchern ein vielf\u00e4ltiges Programm rund um den Weihnachtszauber. Zwischen liebevoll geschm\u00fcckten Gassen, duftenden Leckereien und funkelnden Lichtern [&hellip;]","og_url":"https:\/\/stade-tourismus.de\/de\/weihnachtszauber-in-stade\/","og_site_name":"STADE Marketing und Tourismus","article_publisher":"https:\/\/www.facebook.com\/stade.tourismus","article_published_time":"2025-11-11T17:30:00+00:00","article_modified_time":"2025-11-14T10:32:40+00:00","og_image":[{"width":1365,"height":1365,"url":"https:\/\/stade-tourismus.de\/wp-content\/uploads\/2024\/01\/weihnachtsmarkt-23-stade.jpeg","type":"image\/jpeg"}],"author":"Lisanna Wagner","twitter_card":"summary_large_image","schema":{"@context":"https:\/\/schema.org","@graph":[{"@type":"Article","@id":"https:\/\/stade-tourismus.de\/de\/weihnachtszauber-in-stade\/#article","isPartOf":{"@id":"https:\/\/stade-tourismus.de\/de\/weihnachtszauber-in-stade\/"},"author":{"name":"Lisanna Wagner","@id":"https:\/\/stade-tourismus.de\/de\/#\/schema\/person\/e022283d5f5bdf8a178852f624996b75"},"headline":"Weihnachtszauber in Stade","datePublished":"2025-11-11T17:30:00+00:00","dateModified":"2025-11-14T10:32:40+00:00","mainEntityOfPage":{"@id":"https:\/\/stade-tourismus.de\/de\/weihnachtszauber-in-stade\/"},"wordCount":675,"publisher":{"@id":"https:\/\/stade-tourismus.de\/de\/#organization"},"image":{"@id":"https:\/\/stade-tourismus.de\/de\/weihnachtszauber-in-stade\/#primaryimage"},"thumbnailUrl":"https:\/\/stade-tourismus.de\/wp-content\/uploads\/2024\/01\/weihnachtsmarkt-23-stade.jpeg","articleSection":["Stade-Schnack"],"inLanguage":"de"},{"@type":"WebPage","@id":"https:\/\/stade-tourismus.de\/de\/weihnachtszauber-in-stade\/","url":"https:\/\/stade-tourismus.de\/de\/weihnachtszauber-in-stade\/","name":"Weihnachtszauber in Stade - STADE Marketing und Tourismus","isPartOf":{"@id":"https:\/\/stade-tourismus.de\/de\/#website"},"primaryImageOfPage":{"@id":"https:\/\/stade-tourismus.de\/de\/weihnachtszauber-in-stade\/#primaryimage"},"image":{"@id":"https:\/\/stade-tourismus.de\/de\/weihnachtszauber-in-stade\/#primaryimage"},"thumbnailUrl":"https:\/\/stade-tourismus.de\/wp-content\/uploads\/2024\/01\/weihnachtsmarkt-23-stade.jpeg","datePublished":"2025-11-11T17:30:00+00:00","dateModified":"2025-11-14T10:32:40+00:00","breadcrumb":{"@id":"https:\/\/stade-tourismus.de\/de\/weihnachtszauber-in-stade\/#breadcrumb"},"inLanguage":"de","potentialAction":[{"@type":"ReadAction","target":["https:\/\/stade-tourismus.de\/de\/weihnachtszauber-in-stade\/"]}]},{"@type":"ImageObject","inLanguage":"de","@id":"https:\/\/stade-tourismus.de\/de\/weihnachtszauber-in-stade\/#primaryimage","url":"https:\/\/stade-tourismus.de\/wp-content\/uploads\/2024\/01\/weihnachtsmarkt-23-stade.jpeg","contentUrl":"https:\/\/stade-tourismus.de\/wp-content\/uploads\/2024\/01\/weihnachtsmarkt-23-stade.jpeg","width":1365,"height":1365,"caption":"\u00a9 Martin Elsen"},{"@type":"BreadcrumbList","@id":"https:\/\/stade-tourismus.de\/de\/weihnachtszauber-in-stade\/#breadcrumb","itemListElement":[{"@type":"ListItem","position":1,"name":"Startseite","item":"https:\/\/stade-tourismus.de\/de\/"},{"@type":"ListItem","position":2,"name":"Weihnachtszauber in Stade"}]},{"@type":"WebSite","@id":"https:\/\/stade-tourismus.de\/de\/#website","url":"https:\/\/stade-tourismus.de\/de\/","name":"STADE Marketing und Tourismus","description":"","publisher":{"@id":"https:\/\/stade-tourismus.de\/de\/#organization"},"potentialAction":[{"@type":"SearchAction","target":{"@type":"EntryPoint","urlTemplate":"https:\/\/stade-tourismus.de\/de\/?s={search_term_string}"},"query-input":{"@type":"PropertyValueSpecification","valueRequired":true,"valueName":"search_term_string"}}],"inLanguage":"de"},{"@type":"Organization","@id":"https:\/\/stade-tourismus.de\/de\/#organization","name":"STADE Marketing und Tourismus GmbH","url":"https:\/\/stade-tourismus.de\/de\/","logo":{"@type":"ImageObject","inLanguage":"de","@id":"https:\/\/stade-tourismus.de\/de\/#\/schema\/logo\/image\/","url":"http:\/\/stadetouri.webhost.city-map.com\/wp-content\/uploads\/2021\/03\/logo-300b.png","contentUrl":"http:\/\/stadetouri.webhost.city-map.com\/wp-content\/uploads\/2021\/03\/logo-300b.png","width":300,"height":42,"caption":"STADE Marketing und Tourismus GmbH"},"image":{"@id":"https:\/\/stade-tourismus.de\/de\/#\/schema\/logo\/image\/"},"sameAs":["https:\/\/www.facebook.com\/stade.tourismus","https:\/\/www.instagram.com\/stade_frischer_wind\/","https:\/\/www.youtube.com\/results?search_query=stade tourismus"]},{"@type":"Person","@id":"https:\/\/stade-tourismus.de\/de\/#\/schema\/person\/e022283d5f5bdf8a178852f624996b75","name":"Lisanna Wagner"}]}},"_links":{"self":[{"href":"https:\/\/stade-tourismus.de\/de\/wp-json\/wp\/v2\/posts\/43590","targetHints":{"allow":["GET"]}}],"collection":[{"href":"https:\/\/stade-tourismus.de\/de\/wp-json\/wp\/v2\/posts"}],"about":[{"href":"https:\/\/stade-tourismus.de\/de\/wp-json\/wp\/v2\/types\/post"}],"author":[{"embeddable":true,"href":"https:\/\/stade-tourismus.de\/de\/wp-json\/wp\/v2\/users\/10"}],"replies":[{"embeddable":true,"href":"https:\/\/stade-tourismus.de\/de\/wp-json\/wp\/v2\/comments?post=43590"}],"version-history":[{"count":2,"href":"https:\/\/stade-tourismus.de\/de\/wp-json\/wp\/v2\/posts\/43590\/revisions"}],"predecessor-version":[{"id":43603,"href":"https:\/\/stade-tourismus.de\/de\/wp-json\/wp\/v2\/posts\/43590\/revisions\/43603"}],"wp:featuredmedia":[{"embeddable":true,"href":"https:\/\/stade-tourismus.de\/de\/wp-json\/wp\/v2\/media\/34206"}],"wp:attachment":[{"href":"https:\/\/stade-tourismus.de\/de\/wp-json\/wp\/v2\/media?parent=43590"}],"wp:term":[{"taxonomy":"category","embeddable":true,"href":"https:\/\/stade-tourismus.de\/de\/wp-json\/wp\/v2\/categories?post=43590"},{"taxonomy":"post_tag","embeddable":true,"href":"https:\/\/stade-tourismus.de\/de\/wp-json\/wp\/v2\/tags?post=43590"}],"curies":[{"name":"wp","href":"https:\/\/api.w.org\/{rel}","templated":true}]}}