{"id":43695,"date":"2025-11-25T15:00:00","date_gmt":"2025-11-25T14:00:00","guid":{"rendered":"https:\/\/stade-tourismus.de\/?p=43695"},"modified":"2025-11-25T13:16:12","modified_gmt":"2025-11-25T12:16:12","slug":"stader-weihnachtshaus","status":"publish","type":"post","link":"https:\/\/stade-tourismus.de\/de\/stader-weihnachtshaus\/","title":{"rendered":"Stader Wei(h)nachtshaus"},"content":{"rendered":"\n<p>Im roten Fachwerkhaus am Hansehafen, der historischen Stadtwaage, entsteht in dieser Weihnachtszeit ein besonderer Ort. Das Geb\u00e4ude, das zuvor als Weinhaus genutzt wurde, wurde in ein atmosph\u00e4risches Wei(h)nachtshaus verwandelt. Hier steht nicht nur das festliche Ambiente im Mittelpunkt, sondern vor allem das gemeinschaftliche Engagement.<\/p>\n\n\n\n<p>In Zusammenarbeit mit dem DRK ist ein Raum entstanden, an dem Gemeinschaft einen hohen Stellenwert hat. Es wird gebastelt, musiziert, vorgelesen und kreativ gearbeitet. Zugleich liegt ein starker Fokus auf solidarischem Miteinander: In Kooperation mit der W\u00e4rmestube werden zwei kostenlose Essen f\u00fcr Bed\u00fcrftige ausgerichtet, um Menschen in schwierigen Lebenssituationen ein warmes Mahl und einen Moment der Geborgenheit zu erm\u00f6glichen.<\/p>\n\n\n\n<p>Das Programm im Wei(h)nachtshaus ist vielf\u00e4ltig und t\u00e4glich wechselnd. Es umfasst Workshops, Lesungen, musikalische Darbietungen und verschiedene Mitmachangebote. Zahlreiche Vereine, Kunst- und Kulturschaffende, Ehrenamtliche sowie Sch\u00fclerinnen und Sch\u00fcler tragen zu diesem abwechslungsreichen Adventsprogramm bei.<\/p>\n\n\n\n<p>Dar\u00fcber hinaus ist eine Au\u00dfenstelle der Tourist-Information integriert, die eine Auswahl an Last-Minute-Geschenken aus Stade bereith\u00e4lt. Auch die beliebten skandinavischen Strickwaren, die vielen vom Weihnachtsmarkt vertraut sind, sind im Wei(h)nachtshaus in noch gr\u00f6\u00dferer Auswahl erh\u00e4ltlich. Das DRK hat ebenfalls f\u00fcr euch eine Au\u00dfenstelle des Stader FACHmarktes mit kreativer Handwerkskunst und leckeren Gaumenfreuden eingerichtet.<\/p>\n\n\n\n<p>Das Stader Wei(h)nachtshaus ist t\u00e4glich von 14 bis 19 Uhr ge\u00f6ffnet und f\u00fcgt sich harmonisch in die stimmungsvolle Hafen-Weihnacht am Fischmarkt ein. Das Programm kann sowohl <a href=\"https:\/\/stade-tourismus.de\/de\/veranstaltungen-stade\/stadtfeste\/adventsgluck-in-stade\/stader-weihnachtshaus\/#\/veranstaltungen\">online<\/a> als auch vor Ort am Aufsteller eingesehen werden.<\/p>\n\n\n\n<p>Das Wei(h)nachtshaus versteht sich als Ort der W\u00e4rme, der Gemeinschaft und des solidarischen Handelns in der Adventszeit.<\/p>\n","protected":false},"excerpt":{"rendered":"<p>Im roten Fachwerkhaus am Hansehafen, der historischen Stadtwaage, entsteht in dieser Weihnachtszeit ein besonderer Ort. Das Geb\u00e4ude, das zuvor als Weinhaus genutzt wurde, wurde in ein atmosph\u00e4risches Wei(h)nachtshaus verwandelt. Hier steht nicht nur das festliche Ambiente im Mittelpunkt, sondern vor allem das gemeinschaftliche Engagement. In Zusammenarbeit mit dem DRK ist ein Raum entstanden, an dem [&hellip;]<\/p>\n","protected":false},"author":10,"featured_media":43679,"comment_status":"closed","ping_status":"closed","sticky":false,"template":"","format":"standard","meta":{"footnotes":""},"categories":[4],"tags":[],"class_list":["post-43695","post","type-post","status-publish","format-standard","has-post-thumbnail","hentry","category-stade-schnack"],"yoast_head":"<!-- This site is optimized with the Yoast SEO plugin v27.3 - https:\/\/yoast.com\/product\/yoast-seo-wordpress\/ -->\n<title>Stader Wei(h)nachtshaus - STADE Marketing und Tourismus<\/title>\n<meta name=\"robots\" content=\"index, follow, max-snippet:-1, max-image-preview:large, max-video-preview:-1\" \/>\n<link rel=\"canonical\" href=\"https:\/\/stade-tourismus.de\/de\/stader-weihnachtshaus\/\" \/>\n<meta property=\"og:locale\" content=\"de_DE\" \/>\n<meta property=\"og:type\" content=\"article\" \/>\n<meta property=\"og:title\" content=\"Stader Wei(h)nachtshaus - STADE Marketing und Tourismus\" \/>\n<meta property=\"og:description\" content=\"Im roten Fachwerkhaus am Hansehafen, der historischen Stadtwaage, entsteht in dieser Weihnachtszeit ein besonderer Ort. Das Geb\u00e4ude, das zuvor als Weinhaus genutzt wurde, wurde in ein atmosph\u00e4risches Wei(h)nachtshaus verwandelt. Hier steht nicht nur das festliche Ambiente im Mittelpunkt, sondern vor allem das gemeinschaftliche Engagement. In Zusammenarbeit mit dem DRK ist ein Raum entstanden, an dem [&hellip;]\" \/>\n<meta property=\"og:url\" content=\"https:\/\/stade-tourismus.de\/de\/stader-weihnachtshaus\/\" \/>\n<meta property=\"og:site_name\" content=\"STADE Marketing und Tourismus\" \/>\n<meta property=\"article:publisher\" content=\"https:\/\/www.facebook.com\/stade.tourismus\" \/>\n<meta property=\"article:published_time\" content=\"2025-11-25T14:00:00+00:00\" \/>\n<meta property=\"og:image\" content=\"https:\/\/stade-tourismus.de\/wp-content\/uploads\/2025\/11\/IMG-20251120-WA0000-1.jpg\" \/>\n\t<meta property=\"og:image:width\" content=\"1199\" \/>\n\t<meta property=\"og:image:height\" content=\"848\" \/>\n\t<meta property=\"og:image:type\" content=\"image\/jpeg\" \/>\n<meta name=\"author\" content=\"Lisanna Wagner\" \/>\n<meta name=\"twitter:card\" content=\"summary_large_image\" \/>\n<script type=\"application\/ld+json\" class=\"yoast-schema-graph\">{\"@context\":\"https:\\\/\\\/schema.org\",\"@graph\":[{\"@type\":\"Article\",\"@id\":\"https:\\\/\\\/stade-tourismus.de\\\/de\\\/stader-weihnachtshaus\\\/#article\",\"isPartOf\":{\"@id\":\"https:\\\/\\\/stade-tourismus.de\\\/de\\\/stader-weihnachtshaus\\\/\"},\"author\":{\"name\":\"Lisanna Wagner\",\"@id\":\"https:\\\/\\\/stade-tourismus.de\\\/de\\\/#\\\/schema\\\/person\\\/e022283d5f5bdf8a178852f624996b75\"},\"headline\":\"Stader Wei(h)nachtshaus\",\"datePublished\":\"2025-11-25T14:00:00+00:00\",\"mainEntityOfPage\":{\"@id\":\"https:\\\/\\\/stade-tourismus.de\\\/de\\\/stader-weihnachtshaus\\\/\"},\"wordCount\":275,\"publisher\":{\"@id\":\"https:\\\/\\\/stade-tourismus.de\\\/de\\\/#organization\"},\"image\":{\"@id\":\"https:\\\/\\\/stade-tourismus.de\\\/de\\\/stader-weihnachtshaus\\\/#primaryimage\"},\"thumbnailUrl\":\"https:\\\/\\\/stade-tourismus.de\\\/wp-content\\\/uploads\\\/2025\\\/11\\\/IMG-20251120-WA0000-1.jpg\",\"articleSection\":[\"Stade-Schnack\"],\"inLanguage\":\"de\"},{\"@type\":\"WebPage\",\"@id\":\"https:\\\/\\\/stade-tourismus.de\\\/de\\\/stader-weihnachtshaus\\\/\",\"url\":\"https:\\\/\\\/stade-tourismus.de\\\/de\\\/stader-weihnachtshaus\\\/\",\"name\":\"Stader Wei(h)nachtshaus - STADE Marketing und Tourismus\",\"isPartOf\":{\"@id\":\"https:\\\/\\\/stade-tourismus.de\\\/de\\\/#website\"},\"primaryImageOfPage\":{\"@id\":\"https:\\\/\\\/stade-tourismus.de\\\/de\\\/stader-weihnachtshaus\\\/#primaryimage\"},\"image\":{\"@id\":\"https:\\\/\\\/stade-tourismus.de\\\/de\\\/stader-weihnachtshaus\\\/#primaryimage\"},\"thumbnailUrl\":\"https:\\\/\\\/stade-tourismus.de\\\/wp-content\\\/uploads\\\/2025\\\/11\\\/IMG-20251120-WA0000-1.jpg\",\"datePublished\":\"2025-11-25T14:00:00+00:00\",\"breadcrumb\":{\"@id\":\"https:\\\/\\\/stade-tourismus.de\\\/de\\\/stader-weihnachtshaus\\\/#breadcrumb\"},\"inLanguage\":\"de\",\"potentialAction\":[{\"@type\":\"ReadAction\",\"target\":[\"https:\\\/\\\/stade-tourismus.de\\\/de\\\/stader-weihnachtshaus\\\/\"]}]},{\"@type\":\"ImageObject\",\"inLanguage\":\"de\",\"@id\":\"https:\\\/\\\/stade-tourismus.de\\\/de\\\/stader-weihnachtshaus\\\/#primaryimage\",\"url\":\"https:\\\/\\\/stade-tourismus.de\\\/wp-content\\\/uploads\\\/2025\\\/11\\\/IMG-20251120-WA0000-1.jpg\",\"contentUrl\":\"https:\\\/\\\/stade-tourismus.de\\\/wp-content\\\/uploads\\\/2025\\\/11\\\/IMG-20251120-WA0000-1.jpg\",\"width\":1199,\"height\":848,\"caption\":\"Weihnachtshaus\"},{\"@type\":\"BreadcrumbList\",\"@id\":\"https:\\\/\\\/stade-tourismus.de\\\/de\\\/stader-weihnachtshaus\\\/#breadcrumb\",\"itemListElement\":[{\"@type\":\"ListItem\",\"position\":1,\"name\":\"Startseite\",\"item\":\"https:\\\/\\\/stade-tourismus.de\\\/de\\\/\"},{\"@type\":\"ListItem\",\"position\":2,\"name\":\"Stader Wei(h)nachtshaus\"}]},{\"@type\":\"WebSite\",\"@id\":\"https:\\\/\\\/stade-tourismus.de\\\/de\\\/#website\",\"url\":\"https:\\\/\\\/stade-tourismus.de\\\/de\\\/\",\"name\":\"STADE Marketing und Tourismus\",\"description\":\"\",\"publisher\":{\"@id\":\"https:\\\/\\\/stade-tourismus.de\\\/de\\\/#organization\"},\"potentialAction\":[{\"@type\":\"SearchAction\",\"target\":{\"@type\":\"EntryPoint\",\"urlTemplate\":\"https:\\\/\\\/stade-tourismus.de\\\/de\\\/?s={search_term_string}\"},\"query-input\":{\"@type\":\"PropertyValueSpecification\",\"valueRequired\":true,\"valueName\":\"search_term_string\"}}],\"inLanguage\":\"de\"},{\"@type\":\"Organization\",\"@id\":\"https:\\\/\\\/stade-tourismus.de\\\/de\\\/#organization\",\"name\":\"STADE Marketing und Tourismus GmbH\",\"url\":\"https:\\\/\\\/stade-tourismus.de\\\/de\\\/\",\"logo\":{\"@type\":\"ImageObject\",\"inLanguage\":\"de\",\"@id\":\"https:\\\/\\\/stade-tourismus.de\\\/de\\\/#\\\/schema\\\/logo\\\/image\\\/\",\"url\":\"http:\\\/\\\/stadetouri.webhost.city-map.com\\\/wp-content\\\/uploads\\\/2021\\\/03\\\/logo-300b.png\",\"contentUrl\":\"http:\\\/\\\/stadetouri.webhost.city-map.com\\\/wp-content\\\/uploads\\\/2021\\\/03\\\/logo-300b.png\",\"width\":300,\"height\":42,\"caption\":\"STADE Marketing und Tourismus GmbH\"},\"image\":{\"@id\":\"https:\\\/\\\/stade-tourismus.de\\\/de\\\/#\\\/schema\\\/logo\\\/image\\\/\"},\"sameAs\":[\"https:\\\/\\\/www.facebook.com\\\/stade.tourismus\",\"https:\\\/\\\/www.instagram.com\\\/stade_frischer_wind\\\/\",\"https:\\\/\\\/www.youtube.com\\\/results?search_query=stade tourismus\"]},{\"@type\":\"Person\",\"@id\":\"https:\\\/\\\/stade-tourismus.de\\\/de\\\/#\\\/schema\\\/person\\\/e022283d5f5bdf8a178852f624996b75\",\"name\":\"Lisanna Wagner\"}]}<\/script>\n<!-- \/ Yoast SEO plugin. -->","yoast_head_json":{"title":"Stader Wei(h)nachtshaus - STADE Marketing und Tourismus","robots":{"index":"index","follow":"follow","max-snippet":"max-snippet:-1","max-image-preview":"max-image-preview:large","max-video-preview":"max-video-preview:-1"},"canonical":"https:\/\/stade-tourismus.de\/de\/stader-weihnachtshaus\/","og_locale":"de_DE","og_type":"article","og_title":"Stader Wei(h)nachtshaus - STADE Marketing und Tourismus","og_description":"Im roten Fachwerkhaus am Hansehafen, der historischen Stadtwaage, entsteht in dieser Weihnachtszeit ein besonderer Ort. Das Geb\u00e4ude, das zuvor als Weinhaus genutzt wurde, wurde in ein atmosph\u00e4risches Wei(h)nachtshaus verwandelt. Hier steht nicht nur das festliche Ambiente im Mittelpunkt, sondern vor allem das gemeinschaftliche Engagement. In Zusammenarbeit mit dem DRK ist ein Raum entstanden, an dem [&hellip;]","og_url":"https:\/\/stade-tourismus.de\/de\/stader-weihnachtshaus\/","og_site_name":"STADE Marketing und Tourismus","article_publisher":"https:\/\/www.facebook.com\/stade.tourismus","article_published_time":"2025-11-25T14:00:00+00:00","og_image":[{"width":1199,"height":848,"url":"https:\/\/stade-tourismus.de\/wp-content\/uploads\/2025\/11\/IMG-20251120-WA0000-1.jpg","type":"image\/jpeg"}],"author":"Lisanna Wagner","twitter_card":"summary_large_image","schema":{"@context":"https:\/\/schema.org","@graph":[{"@type":"Article","@id":"https:\/\/stade-tourismus.de\/de\/stader-weihnachtshaus\/#article","isPartOf":{"@id":"https:\/\/stade-tourismus.de\/de\/stader-weihnachtshaus\/"},"author":{"name":"Lisanna Wagner","@id":"https:\/\/stade-tourismus.de\/de\/#\/schema\/person\/e022283d5f5bdf8a178852f624996b75"},"headline":"Stader Wei(h)nachtshaus","datePublished":"2025-11-25T14:00:00+00:00","mainEntityOfPage":{"@id":"https:\/\/stade-tourismus.de\/de\/stader-weihnachtshaus\/"},"wordCount":275,"publisher":{"@id":"https:\/\/stade-tourismus.de\/de\/#organization"},"image":{"@id":"https:\/\/stade-tourismus.de\/de\/stader-weihnachtshaus\/#primaryimage"},"thumbnailUrl":"https:\/\/stade-tourismus.de\/wp-content\/uploads\/2025\/11\/IMG-20251120-WA0000-1.jpg","articleSection":["Stade-Schnack"],"inLanguage":"de"},{"@type":"WebPage","@id":"https:\/\/stade-tourismus.de\/de\/stader-weihnachtshaus\/","url":"https:\/\/stade-tourismus.de\/de\/stader-weihnachtshaus\/","name":"Stader Wei(h)nachtshaus - STADE Marketing und Tourismus","isPartOf":{"@id":"https:\/\/stade-tourismus.de\/de\/#website"},"primaryImageOfPage":{"@id":"https:\/\/stade-tourismus.de\/de\/stader-weihnachtshaus\/#primaryimage"},"image":{"@id":"https:\/\/stade-tourismus.de\/de\/stader-weihnachtshaus\/#primaryimage"},"thumbnailUrl":"https:\/\/stade-tourismus.de\/wp-content\/uploads\/2025\/11\/IMG-20251120-WA0000-1.jpg","datePublished":"2025-11-25T14:00:00+00:00","breadcrumb":{"@id":"https:\/\/stade-tourismus.de\/de\/stader-weihnachtshaus\/#breadcrumb"},"inLanguage":"de","potentialAction":[{"@type":"ReadAction","target":["https:\/\/stade-tourismus.de\/de\/stader-weihnachtshaus\/"]}]},{"@type":"ImageObject","inLanguage":"de","@id":"https:\/\/stade-tourismus.de\/de\/stader-weihnachtshaus\/#primaryimage","url":"https:\/\/stade-tourismus.de\/wp-content\/uploads\/2025\/11\/IMG-20251120-WA0000-1.jpg","contentUrl":"https:\/\/stade-tourismus.de\/wp-content\/uploads\/2025\/11\/IMG-20251120-WA0000-1.jpg","width":1199,"height":848,"caption":"Weihnachtshaus"},{"@type":"BreadcrumbList","@id":"https:\/\/stade-tourismus.de\/de\/stader-weihnachtshaus\/#breadcrumb","itemListElement":[{"@type":"ListItem","position":1,"name":"Startseite","item":"https:\/\/stade-tourismus.de\/de\/"},{"@type":"ListItem","position":2,"name":"Stader Wei(h)nachtshaus"}]},{"@type":"WebSite","@id":"https:\/\/stade-tourismus.de\/de\/#website","url":"https:\/\/stade-tourismus.de\/de\/","name":"STADE Marketing und Tourismus","description":"","publisher":{"@id":"https:\/\/stade-tourismus.de\/de\/#organization"},"potentialAction":[{"@type":"SearchAction","target":{"@type":"EntryPoint","urlTemplate":"https:\/\/stade-tourismus.de\/de\/?s={search_term_string}"},"query-input":{"@type":"PropertyValueSpecification","valueRequired":true,"valueName":"search_term_string"}}],"inLanguage":"de"},{"@type":"Organization","@id":"https:\/\/stade-tourismus.de\/de\/#organization","name":"STADE Marketing und Tourismus GmbH","url":"https:\/\/stade-tourismus.de\/de\/","logo":{"@type":"ImageObject","inLanguage":"de","@id":"https:\/\/stade-tourismus.de\/de\/#\/schema\/logo\/image\/","url":"http:\/\/stadetouri.webhost.city-map.com\/wp-content\/uploads\/2021\/03\/logo-300b.png","contentUrl":"http:\/\/stadetouri.webhost.city-map.com\/wp-content\/uploads\/2021\/03\/logo-300b.png","width":300,"height":42,"caption":"STADE Marketing und Tourismus GmbH"},"image":{"@id":"https:\/\/stade-tourismus.de\/de\/#\/schema\/logo\/image\/"},"sameAs":["https:\/\/www.facebook.com\/stade.tourismus","https:\/\/www.instagram.com\/stade_frischer_wind\/","https:\/\/www.youtube.com\/results?search_query=stade tourismus"]},{"@type":"Person","@id":"https:\/\/stade-tourismus.de\/de\/#\/schema\/person\/e022283d5f5bdf8a178852f624996b75","name":"Lisanna Wagner"}]}},"_links":{"self":[{"href":"https:\/\/stade-tourismus.de\/de\/wp-json\/wp\/v2\/posts\/43695","targetHints":{"allow":["GET"]}}],"collection":[{"href":"https:\/\/stade-tourismus.de\/de\/wp-json\/wp\/v2\/posts"}],"about":[{"href":"https:\/\/stade-tourismus.de\/de\/wp-json\/wp\/v2\/types\/post"}],"author":[{"embeddable":true,"href":"https:\/\/stade-tourismus.de\/de\/wp-json\/wp\/v2\/users\/10"}],"replies":[{"embeddable":true,"href":"https:\/\/stade-tourismus.de\/de\/wp-json\/wp\/v2\/comments?post=43695"}],"version-history":[{"count":1,"href":"https:\/\/stade-tourismus.de\/de\/wp-json\/wp\/v2\/posts\/43695\/revisions"}],"predecessor-version":[{"id":43696,"href":"https:\/\/stade-tourismus.de\/de\/wp-json\/wp\/v2\/posts\/43695\/revisions\/43696"}],"wp:featuredmedia":[{"embeddable":true,"href":"https:\/\/stade-tourismus.de\/de\/wp-json\/wp\/v2\/media\/43679"}],"wp:attachment":[{"href":"https:\/\/stade-tourismus.de\/de\/wp-json\/wp\/v2\/media?parent=43695"}],"wp:term":[{"taxonomy":"category","embeddable":true,"href":"https:\/\/stade-tourismus.de\/de\/wp-json\/wp\/v2\/categories?post=43695"},{"taxonomy":"post_tag","embeddable":true,"href":"https:\/\/stade-tourismus.de\/de\/wp-json\/wp\/v2\/tags?post=43695"}],"curies":[{"name":"wp","href":"https:\/\/api.w.org\/{rel}","templated":true}]}}