{"id":44687,"date":"2026-03-10T11:01:47","date_gmt":"2026-03-10T10:01:47","guid":{"rendered":"https:\/\/stade-tourismus.de\/?p=44687"},"modified":"2026-03-10T11:01:57","modified_gmt":"2026-03-10T10:01:57","slug":"mamf-2026","status":"publish","type":"post","link":"https:\/\/stade-tourismus.de\/de\/mamf-2026\/","title":{"rendered":"MAMF 2026!"},"content":{"rendered":"\n<p>Das Open Air Festival im Stader B\u00fcrgerpark<\/p>\n\n\n\n<p>Das Line-up f\u00fcr das MAMF Festival w\u00e4chst weiter und sorgt bereits jetzt f\u00fcr gro\u00dfe Vorfreude auf einen unvergesslichen Festivaltag im Stader B\u00fcrgerpark. Neben den bereits angek\u00fcndigten Acts <strong>Juli<\/strong> und <strong>lovehead<\/strong> stehen nun zwei weitere spannende Namen fest: <strong>MilleniumKid<\/strong> und <strong>Magda<\/strong> erweitern das Programm und bringen frische Energie auf die B\u00fchne.<\/p>\n\n\n\n<p>Damit nimmt das Festivalprogramm immer mehr Form an \u2013 und alles deutet darauf hin, dass dieser Sommertag im B\u00fcrgerpark musikalisch ebenso vielf\u00e4ltig wie stimmungsvoll wird. Unterschiedliche Sounds, starke Live-Performances und eine besondere Open-Air-Atmosph\u00e4re versprechen ein Festivalerlebnis, das lange in Erinnerung bleibt.<\/p>\n\n\n\n<p>Am <strong>Samstag, 22. August<\/strong>, verwandelt sich der B\u00fcrgerpark erneut in eine lebendige Festivalfl\u00e4che. Gemeinsam mit Freundeskreisen, Musikfans und Festivalbegeisterten entsteht dort eine Atmosph\u00e4re voller guter Musik, sommerlicher Leichtigkeit und ausgelassener Stimmung. Die Mischung aus bekannten Acts, neuen musikalischen Entdeckungen und der einzigartigen Kulisse des Parks macht das MAMF zu einem besonderen Highlight im Stader Veranstaltungssommer.<\/p>\n\n\n\n<p>Tickets sind in der Tourist-Information Stade sowie bequem <a href=\"http:\/\/www.mamf-stade.de\" type=\"link\" id=\"www.mamf-stade.de\">online<\/a> erh\u00e4ltlich.<\/p>\n\n\n\n<p>Wer keine weiteren Ank\u00fcndigungen zum Line-up verpassen m\u00f6chte, findet alle aktuellen Updates auf den Social-Media-Kan\u00e4len des Festivals \u2013 auf <strong>Instagram<\/strong> und <strong>Facebook<\/strong> oder auf <a href=\"http:\/\/www.mamf-stade.de\" type=\"link\" id=\"www.mamf-stade.de\">www.mamf-stade.de<\/a> <\/p>\n\n\n\n<p>Die Vorfreude w\u00e4chst \u2013 auf gro\u00dfartige Musik, ein begeistertes Publikum und ein wundervolles Open-Air-Festival im Stader B\u00fcrgerpark. Wenn der Sommer mitspielt, steht einem Festivaltag bei bestem Wetter und grandioser Stimmung nichts mehr im Weg. <\/p>\n","protected":false},"excerpt":{"rendered":"<p>Das Open Air Festival im Stader B\u00fcrgerpark Das Line-up f\u00fcr das MAMF Festival w\u00e4chst weiter und sorgt bereits jetzt f\u00fcr gro\u00dfe Vorfreude auf einen unvergesslichen Festivaltag im Stader B\u00fcrgerpark. Neben den bereits angek\u00fcndigten Acts Juli und lovehead stehen nun zwei weitere spannende Namen fest: MilleniumKid und Magda erweitern das Programm und bringen frische Energie auf [&hellip;]<\/p>\n","protected":false},"author":10,"featured_media":44688,"comment_status":"closed","ping_status":"closed","sticky":false,"template":"","format":"standard","meta":{"footnotes":""},"categories":[4],"tags":[83,76],"class_list":["post-44687","post","type-post","status-publish","format-standard","has-post-thumbnail","hentry","category-stade-schnack","tag-mamf","tag-stade"],"yoast_head":"<!-- This site is optimized with the Yoast SEO plugin v27.3 - https:\/\/yoast.com\/product\/yoast-seo-wordpress\/ -->\n<title>MAMF 2026! - STADE Marketing und Tourismus<\/title>\n<meta name=\"robots\" content=\"index, follow, max-snippet:-1, max-image-preview:large, max-video-preview:-1\" \/>\n<link rel=\"canonical\" href=\"https:\/\/stade-tourismus.de\/de\/mamf-2026\/\" \/>\n<meta property=\"og:locale\" content=\"de_DE\" \/>\n<meta property=\"og:type\" content=\"article\" \/>\n<meta property=\"og:title\" content=\"MAMF 2026! - STADE Marketing und Tourismus\" \/>\n<meta property=\"og:description\" content=\"Das Open Air Festival im Stader B\u00fcrgerpark Das Line-up f\u00fcr das MAMF Festival w\u00e4chst weiter und sorgt bereits jetzt f\u00fcr gro\u00dfe Vorfreude auf einen unvergesslichen Festivaltag im Stader B\u00fcrgerpark. Neben den bereits angek\u00fcndigten Acts Juli und lovehead stehen nun zwei weitere spannende Namen fest: MilleniumKid und Magda erweitern das Programm und bringen frische Energie auf [&hellip;]\" \/>\n<meta property=\"og:url\" content=\"https:\/\/stade-tourismus.de\/de\/mamf-2026\/\" \/>\n<meta property=\"og:site_name\" content=\"STADE Marketing und Tourismus\" \/>\n<meta property=\"article:publisher\" content=\"https:\/\/www.facebook.com\/stade.tourismus\" \/>\n<meta property=\"article:published_time\" content=\"2026-03-10T10:01:47+00:00\" \/>\n<meta property=\"article:modified_time\" content=\"2026-03-10T10:01:57+00:00\" \/>\n<meta property=\"og:image\" content=\"https:\/\/stade-tourismus.de\/wp-content\/uploads\/2026\/03\/MAMF-3.jpeg\" \/>\n\t<meta property=\"og:image:width\" content=\"1080\" \/>\n\t<meta property=\"og:image:height\" content=\"1350\" \/>\n\t<meta property=\"og:image:type\" content=\"image\/jpeg\" \/>\n<meta name=\"author\" content=\"Lisanna Wagner\" \/>\n<meta name=\"twitter:card\" content=\"summary_large_image\" \/>\n<script type=\"application\/ld+json\" class=\"yoast-schema-graph\">{\"@context\":\"https:\\\/\\\/schema.org\",\"@graph\":[{\"@type\":\"Article\",\"@id\":\"https:\\\/\\\/stade-tourismus.de\\\/de\\\/mamf-2026\\\/#article\",\"isPartOf\":{\"@id\":\"https:\\\/\\\/stade-tourismus.de\\\/de\\\/mamf-2026\\\/\"},\"author\":{\"name\":\"Lisanna Wagner\",\"@id\":\"https:\\\/\\\/stade-tourismus.de\\\/de\\\/#\\\/schema\\\/person\\\/e022283d5f5bdf8a178852f624996b75\"},\"headline\":\"MAMF 2026!\",\"datePublished\":\"2026-03-10T10:01:47+00:00\",\"dateModified\":\"2026-03-10T10:01:57+00:00\",\"mainEntityOfPage\":{\"@id\":\"https:\\\/\\\/stade-tourismus.de\\\/de\\\/mamf-2026\\\/\"},\"wordCount\":242,\"publisher\":{\"@id\":\"https:\\\/\\\/stade-tourismus.de\\\/de\\\/#organization\"},\"image\":{\"@id\":\"https:\\\/\\\/stade-tourismus.de\\\/de\\\/mamf-2026\\\/#primaryimage\"},\"thumbnailUrl\":\"https:\\\/\\\/stade-tourismus.de\\\/wp-content\\\/uploads\\\/2026\\\/03\\\/MAMF-3.jpeg\",\"keywords\":[\"MAMF\",\"Stade\"],\"articleSection\":[\"Stade-Schnack\"],\"inLanguage\":\"de\"},{\"@type\":\"WebPage\",\"@id\":\"https:\\\/\\\/stade-tourismus.de\\\/de\\\/mamf-2026\\\/\",\"url\":\"https:\\\/\\\/stade-tourismus.de\\\/de\\\/mamf-2026\\\/\",\"name\":\"MAMF 2026! - STADE Marketing und Tourismus\",\"isPartOf\":{\"@id\":\"https:\\\/\\\/stade-tourismus.de\\\/de\\\/#website\"},\"primaryImageOfPage\":{\"@id\":\"https:\\\/\\\/stade-tourismus.de\\\/de\\\/mamf-2026\\\/#primaryimage\"},\"image\":{\"@id\":\"https:\\\/\\\/stade-tourismus.de\\\/de\\\/mamf-2026\\\/#primaryimage\"},\"thumbnailUrl\":\"https:\\\/\\\/stade-tourismus.de\\\/wp-content\\\/uploads\\\/2026\\\/03\\\/MAMF-3.jpeg\",\"datePublished\":\"2026-03-10T10:01:47+00:00\",\"dateModified\":\"2026-03-10T10:01:57+00:00\",\"breadcrumb\":{\"@id\":\"https:\\\/\\\/stade-tourismus.de\\\/de\\\/mamf-2026\\\/#breadcrumb\"},\"inLanguage\":\"de\",\"potentialAction\":[{\"@type\":\"ReadAction\",\"target\":[\"https:\\\/\\\/stade-tourismus.de\\\/de\\\/mamf-2026\\\/\"]}]},{\"@type\":\"ImageObject\",\"inLanguage\":\"de\",\"@id\":\"https:\\\/\\\/stade-tourismus.de\\\/de\\\/mamf-2026\\\/#primaryimage\",\"url\":\"https:\\\/\\\/stade-tourismus.de\\\/wp-content\\\/uploads\\\/2026\\\/03\\\/MAMF-3.jpeg\",\"contentUrl\":\"https:\\\/\\\/stade-tourismus.de\\\/wp-content\\\/uploads\\\/2026\\\/03\\\/MAMF-3.jpeg\",\"width\":1080,\"height\":1350},{\"@type\":\"BreadcrumbList\",\"@id\":\"https:\\\/\\\/stade-tourismus.de\\\/de\\\/mamf-2026\\\/#breadcrumb\",\"itemListElement\":[{\"@type\":\"ListItem\",\"position\":1,\"name\":\"Startseite\",\"item\":\"https:\\\/\\\/stade-tourismus.de\\\/de\\\/\"},{\"@type\":\"ListItem\",\"position\":2,\"name\":\"MAMF 2026!\"}]},{\"@type\":\"WebSite\",\"@id\":\"https:\\\/\\\/stade-tourismus.de\\\/de\\\/#website\",\"url\":\"https:\\\/\\\/stade-tourismus.de\\\/de\\\/\",\"name\":\"STADE Marketing und Tourismus\",\"description\":\"\",\"publisher\":{\"@id\":\"https:\\\/\\\/stade-tourismus.de\\\/de\\\/#organization\"},\"potentialAction\":[{\"@type\":\"SearchAction\",\"target\":{\"@type\":\"EntryPoint\",\"urlTemplate\":\"https:\\\/\\\/stade-tourismus.de\\\/de\\\/?s={search_term_string}\"},\"query-input\":{\"@type\":\"PropertyValueSpecification\",\"valueRequired\":true,\"valueName\":\"search_term_string\"}}],\"inLanguage\":\"de\"},{\"@type\":\"Organization\",\"@id\":\"https:\\\/\\\/stade-tourismus.de\\\/de\\\/#organization\",\"name\":\"STADE Marketing und Tourismus GmbH\",\"url\":\"https:\\\/\\\/stade-tourismus.de\\\/de\\\/\",\"logo\":{\"@type\":\"ImageObject\",\"inLanguage\":\"de\",\"@id\":\"https:\\\/\\\/stade-tourismus.de\\\/de\\\/#\\\/schema\\\/logo\\\/image\\\/\",\"url\":\"http:\\\/\\\/stadetouri.webhost.city-map.com\\\/wp-content\\\/uploads\\\/2021\\\/03\\\/logo-300b.png\",\"contentUrl\":\"http:\\\/\\\/stadetouri.webhost.city-map.com\\\/wp-content\\\/uploads\\\/2021\\\/03\\\/logo-300b.png\",\"width\":300,\"height\":42,\"caption\":\"STADE Marketing und Tourismus GmbH\"},\"image\":{\"@id\":\"https:\\\/\\\/stade-tourismus.de\\\/de\\\/#\\\/schema\\\/logo\\\/image\\\/\"},\"sameAs\":[\"https:\\\/\\\/www.facebook.com\\\/stade.tourismus\",\"https:\\\/\\\/www.instagram.com\\\/stade_frischer_wind\\\/\",\"https:\\\/\\\/www.youtube.com\\\/results?search_query=stade tourismus\"]},{\"@type\":\"Person\",\"@id\":\"https:\\\/\\\/stade-tourismus.de\\\/de\\\/#\\\/schema\\\/person\\\/e022283d5f5bdf8a178852f624996b75\",\"name\":\"Lisanna Wagner\"}]}<\/script>\n<!-- \/ Yoast SEO plugin. -->","yoast_head_json":{"title":"MAMF 2026! - STADE Marketing und Tourismus","robots":{"index":"index","follow":"follow","max-snippet":"max-snippet:-1","max-image-preview":"max-image-preview:large","max-video-preview":"max-video-preview:-1"},"canonical":"https:\/\/stade-tourismus.de\/de\/mamf-2026\/","og_locale":"de_DE","og_type":"article","og_title":"MAMF 2026! - STADE Marketing und Tourismus","og_description":"Das Open Air Festival im Stader B\u00fcrgerpark Das Line-up f\u00fcr das MAMF Festival w\u00e4chst weiter und sorgt bereits jetzt f\u00fcr gro\u00dfe Vorfreude auf einen unvergesslichen Festivaltag im Stader B\u00fcrgerpark. Neben den bereits angek\u00fcndigten Acts Juli und lovehead stehen nun zwei weitere spannende Namen fest: MilleniumKid und Magda erweitern das Programm und bringen frische Energie auf [&hellip;]","og_url":"https:\/\/stade-tourismus.de\/de\/mamf-2026\/","og_site_name":"STADE Marketing und Tourismus","article_publisher":"https:\/\/www.facebook.com\/stade.tourismus","article_published_time":"2026-03-10T10:01:47+00:00","article_modified_time":"2026-03-10T10:01:57+00:00","og_image":[{"width":1080,"height":1350,"url":"https:\/\/stade-tourismus.de\/wp-content\/uploads\/2026\/03\/MAMF-3.jpeg","type":"image\/jpeg"}],"author":"Lisanna Wagner","twitter_card":"summary_large_image","schema":{"@context":"https:\/\/schema.org","@graph":[{"@type":"Article","@id":"https:\/\/stade-tourismus.de\/de\/mamf-2026\/#article","isPartOf":{"@id":"https:\/\/stade-tourismus.de\/de\/mamf-2026\/"},"author":{"name":"Lisanna Wagner","@id":"https:\/\/stade-tourismus.de\/de\/#\/schema\/person\/e022283d5f5bdf8a178852f624996b75"},"headline":"MAMF 2026!","datePublished":"2026-03-10T10:01:47+00:00","dateModified":"2026-03-10T10:01:57+00:00","mainEntityOfPage":{"@id":"https:\/\/stade-tourismus.de\/de\/mamf-2026\/"},"wordCount":242,"publisher":{"@id":"https:\/\/stade-tourismus.de\/de\/#organization"},"image":{"@id":"https:\/\/stade-tourismus.de\/de\/mamf-2026\/#primaryimage"},"thumbnailUrl":"https:\/\/stade-tourismus.de\/wp-content\/uploads\/2026\/03\/MAMF-3.jpeg","keywords":["MAMF","Stade"],"articleSection":["Stade-Schnack"],"inLanguage":"de"},{"@type":"WebPage","@id":"https:\/\/stade-tourismus.de\/de\/mamf-2026\/","url":"https:\/\/stade-tourismus.de\/de\/mamf-2026\/","name":"MAMF 2026! - STADE Marketing und Tourismus","isPartOf":{"@id":"https:\/\/stade-tourismus.de\/de\/#website"},"primaryImageOfPage":{"@id":"https:\/\/stade-tourismus.de\/de\/mamf-2026\/#primaryimage"},"image":{"@id":"https:\/\/stade-tourismus.de\/de\/mamf-2026\/#primaryimage"},"thumbnailUrl":"https:\/\/stade-tourismus.de\/wp-content\/uploads\/2026\/03\/MAMF-3.jpeg","datePublished":"2026-03-10T10:01:47+00:00","dateModified":"2026-03-10T10:01:57+00:00","breadcrumb":{"@id":"https:\/\/stade-tourismus.de\/de\/mamf-2026\/#breadcrumb"},"inLanguage":"de","potentialAction":[{"@type":"ReadAction","target":["https:\/\/stade-tourismus.de\/de\/mamf-2026\/"]}]},{"@type":"ImageObject","inLanguage":"de","@id":"https:\/\/stade-tourismus.de\/de\/mamf-2026\/#primaryimage","url":"https:\/\/stade-tourismus.de\/wp-content\/uploads\/2026\/03\/MAMF-3.jpeg","contentUrl":"https:\/\/stade-tourismus.de\/wp-content\/uploads\/2026\/03\/MAMF-3.jpeg","width":1080,"height":1350},{"@type":"BreadcrumbList","@id":"https:\/\/stade-tourismus.de\/de\/mamf-2026\/#breadcrumb","itemListElement":[{"@type":"ListItem","position":1,"name":"Startseite","item":"https:\/\/stade-tourismus.de\/de\/"},{"@type":"ListItem","position":2,"name":"MAMF 2026!"}]},{"@type":"WebSite","@id":"https:\/\/stade-tourismus.de\/de\/#website","url":"https:\/\/stade-tourismus.de\/de\/","name":"STADE Marketing und Tourismus","description":"","publisher":{"@id":"https:\/\/stade-tourismus.de\/de\/#organization"},"potentialAction":[{"@type":"SearchAction","target":{"@type":"EntryPoint","urlTemplate":"https:\/\/stade-tourismus.de\/de\/?s={search_term_string}"},"query-input":{"@type":"PropertyValueSpecification","valueRequired":true,"valueName":"search_term_string"}}],"inLanguage":"de"},{"@type":"Organization","@id":"https:\/\/stade-tourismus.de\/de\/#organization","name":"STADE Marketing und Tourismus GmbH","url":"https:\/\/stade-tourismus.de\/de\/","logo":{"@type":"ImageObject","inLanguage":"de","@id":"https:\/\/stade-tourismus.de\/de\/#\/schema\/logo\/image\/","url":"http:\/\/stadetouri.webhost.city-map.com\/wp-content\/uploads\/2021\/03\/logo-300b.png","contentUrl":"http:\/\/stadetouri.webhost.city-map.com\/wp-content\/uploads\/2021\/03\/logo-300b.png","width":300,"height":42,"caption":"STADE Marketing und Tourismus GmbH"},"image":{"@id":"https:\/\/stade-tourismus.de\/de\/#\/schema\/logo\/image\/"},"sameAs":["https:\/\/www.facebook.com\/stade.tourismus","https:\/\/www.instagram.com\/stade_frischer_wind\/","https:\/\/www.youtube.com\/results?search_query=stade tourismus"]},{"@type":"Person","@id":"https:\/\/stade-tourismus.de\/de\/#\/schema\/person\/e022283d5f5bdf8a178852f624996b75","name":"Lisanna Wagner"}]}},"_links":{"self":[{"href":"https:\/\/stade-tourismus.de\/de\/wp-json\/wp\/v2\/posts\/44687","targetHints":{"allow":["GET"]}}],"collection":[{"href":"https:\/\/stade-tourismus.de\/de\/wp-json\/wp\/v2\/posts"}],"about":[{"href":"https:\/\/stade-tourismus.de\/de\/wp-json\/wp\/v2\/types\/post"}],"author":[{"embeddable":true,"href":"https:\/\/stade-tourismus.de\/de\/wp-json\/wp\/v2\/users\/10"}],"replies":[{"embeddable":true,"href":"https:\/\/stade-tourismus.de\/de\/wp-json\/wp\/v2\/comments?post=44687"}],"version-history":[{"count":1,"href":"https:\/\/stade-tourismus.de\/de\/wp-json\/wp\/v2\/posts\/44687\/revisions"}],"predecessor-version":[{"id":44689,"href":"https:\/\/stade-tourismus.de\/de\/wp-json\/wp\/v2\/posts\/44687\/revisions\/44689"}],"wp:featuredmedia":[{"embeddable":true,"href":"https:\/\/stade-tourismus.de\/de\/wp-json\/wp\/v2\/media\/44688"}],"wp:attachment":[{"href":"https:\/\/stade-tourismus.de\/de\/wp-json\/wp\/v2\/media?parent=44687"}],"wp:term":[{"taxonomy":"category","embeddable":true,"href":"https:\/\/stade-tourismus.de\/de\/wp-json\/wp\/v2\/categories?post=44687"},{"taxonomy":"post_tag","embeddable":true,"href":"https:\/\/stade-tourismus.de\/de\/wp-json\/wp\/v2\/tags?post=44687"}],"curies":[{"name":"wp","href":"https:\/\/api.w.org\/{rel}","templated":true}]}}